{"id":17729,"date":"2019-02-26T11:25:27","date_gmt":"2019-02-26T16:25:27","guid":{"rendered":"https:\/\/linitiative.ca\/International\/kia-debarque-enfin-a-rabat\/"},"modified":"2019-02-26T11:25:27","modified_gmt":"2019-02-26T16:25:27","slug":"kia-debarque-enfin-a-rabat","status":"publish","type":"post","link":"https:\/\/linitiative.ca\/International\/kia-debarque-enfin-a-rabat\/","title":{"rendered":"Kia d\u00e9barque enfin \u00e0 Rabat"},"content":{"rendered":"<p>L\u2019annonce a \u00e9t\u00e9 faite par C\u00e9deric Veau, directeur g\u00e9n\u00e9ral de <strong>Kia Maroc<\/strong>. Le constructeur sud-cor\u00e9en installera sa premi\u00e8re succursale \u00e0 Rabat, un des six points de vente dont l\u2019ouverture est pr\u00e9vue avant la fin de l\u2019ann\u00e9e. Ces succursales viendront renforcer la pr\u00e9sence de Kia au Maroc, qui compte jusqu\u2019\u00e0 pr\u00e9sent 11 points de vente.<\/p>\n<div class=\"c10\"\/>\n<p>Ces ouvertures font partie de la nouvelle strat\u00e9gie de Kia au Maroc, qui repose, entre autres, sur le service apr\u00e8s-vente et la digitalisation.<\/p>\n<p>Pour rappel, le constructeur sud-cor\u00e9en Kia a choisi le <strong>Groupe Bernard Hayot<\/strong> (GBH) pour distribuer sa marque au Maroc depuis la mi-d\u00e9cembre, et ce au d\u00e9triment de Bin Omeir Group.<\/p>\n<div class=\"c17\">\n<fieldset class=\"c16\">\n<legend><strong><span class=\"c11\">Challenge<\/span><span class=\"c12\">news<\/span><\/strong><\/legend>\n<div class=\"c15\">Le meilleur de la r\u00e9daction s\u00e9lectionn\u00e9 par Challenge :<\/p>\n<\/div>\n<\/fieldset>\n<\/div>\n<p>Auteur: Karim Handaoui<br \/>\n<a href=\"https:\/\/www.challenge.ma\/kia-debarque-enfin-a-rabat-105403\/\">Cliquez ici pour lire l&rsquo;article depuis sa source.<\/a><\/p>\n","protected":false},"excerpt":{"rendered":"<p>L\u2019annonce a \u00e9t\u00e9 faite par C\u00e9deric Veau, directeur g\u00e9n\u00e9ral de Kia Maroc. Le constructeur sud-cor\u00e9en installera sa premi\u00e8re succursale \u00e0 Rabat, un des six points de vente dont l\u2019ouverture est pr\u00e9vue avant la fin de l\u2019ann\u00e9e. Ces succursales viendront renforcer la pr\u00e9sence de Kia au Maroc, qui compte jusqu\u2019\u00e0 pr\u00e9sent 11 points de vente. Ces [&hellip;]<\/p>\n","protected":false},"author":1787,"featured_media":0,"comment_status":"closed","ping_status":"closed","sticky":false,"template":"","format":"standard","meta":{"fifu_image_url":"","fifu_image_alt":"","footnotes":""},"categories":[78,54],"tags":[],"class_list":["post-17729","post","type-post","status-publish","format-standard","hentry","category-economie","category-maroc"],"_links":{"self":[{"href":"https:\/\/linitiative.ca\/International\/wp-json\/wp\/v2\/posts\/17729","targetHints":{"allow":["GET"]}}],"collection":[{"href":"https:\/\/linitiative.ca\/International\/wp-json\/wp\/v2\/posts"}],"about":[{"href":"https:\/\/linitiative.ca\/International\/wp-json\/wp\/v2\/types\/post"}],"author":[{"embeddable":true,"href":"https:\/\/linitiative.ca\/International\/wp-json\/wp\/v2\/users\/1787"}],"replies":[{"embeddable":true,"href":"https:\/\/linitiative.ca\/International\/wp-json\/wp\/v2\/comments?post=17729"}],"version-history":[{"count":0,"href":"https:\/\/linitiative.ca\/International\/wp-json\/wp\/v2\/posts\/17729\/revisions"}],"wp:attachment":[{"href":"https:\/\/linitiative.ca\/International\/wp-json\/wp\/v2\/media?parent=17729"}],"wp:term":[{"taxonomy":"category","embeddable":true,"href":"https:\/\/linitiative.ca\/International\/wp-json\/wp\/v2\/categories?post=17729"},{"taxonomy":"post_tag","embeddable":true,"href":"https:\/\/linitiative.ca\/International\/wp-json\/wp\/v2\/tags?post=17729"}],"curies":[{"name":"wp","href":"https:\/\/api.w.org\/{rel}","templated":true}]}}