{"id":17732,"date":"2019-02-26T11:55:24","date_gmt":"2019-02-26T16:55:24","guid":{"rendered":"https:\/\/linitiative.ca\/International\/transformation-digitale-la-bp-se-donne-les-moyens-de-ses-ambitions\/"},"modified":"2019-02-26T11:55:24","modified_gmt":"2019-02-26T16:55:24","slug":"transformation-digitale-la-bp-se-donne-les-moyens-de-ses-ambitions","status":"publish","type":"post","link":"https:\/\/linitiative.ca\/International\/transformation-digitale-la-bp-se-donne-les-moyens-de-ses-ambitions\/","title":{"rendered":"Transformation digitale : la BP se donne les moyens de ses ambitions"},"content":{"rendered":"<p>Cherchant \u00e0 attirer les meilleurs profils pour accompagner le d\u00e9veloppement de ses projets IT, la <strong>Banque Populaire<\/strong> accueille, depuis le 19 f\u00e9vrier, quelque 120 \u00e9l\u00e8ves ing\u00e9nieurs marocains dans le cadre de leurs stages de fin d\u2019\u00e9tudes.<\/p>\n<div class=\"c10\"\/>\n<p>A l\u2019issue d\u2019un dispositif d\u2019accompagnement et d\u2019\u00e9valuation qui prendra fin en juin 2019, une commission de s\u00e9lection proposera des contrats d\u2019embauche aux stagiaires les plus m\u00e9ritants. En partenariat avec les grandes \u00e9coles d\u2019ing\u00e9nieurs du Royaume, ce programme ambitieux et in\u00e9dit est l\u2019aboutissement d\u2019un travail coll\u00e9gial initi\u00e9, d\u00e8s la rentr\u00e9e estudiantine, par plusieurs entit\u00e9s du groupe, pr\u00e9cise le management de la banque.<\/p>\n<p>Notons qu\u2019apr\u00e8s une premi\u00e8re phase d\u2019immersion, en cours jusqu\u2019au 1er mars, les \u00e9l\u00e8ves ing\u00e9nieurs b\u00e9n\u00e9ficieront, dans le cadre d\u2019un stage r\u00e9mun\u00e9r\u00e9 allant de trois \u00e0 quatre mois, d\u2019un accompagnement personnalis\u00e9 assur\u00e9 par des experts SI du groupe et seront, \u00e0 cette occasion, mis \u00e0 contribution dans la conception et la r\u00e9alisation de projets structurants.<\/p>\n<p>Lire aussi <a href=\"https:\/\/www.challenge.ma\/six-startups-decrochent-des-partenariats-avec-le-groupe-bcp-105099\/\" target=\"_blank\" rel=\"noopener\">Six startups d\u00e9crochent des partenariats avec le groupe BCP<\/a><\/p>\n<p>Le groupe bancaire pr\u00e9cise que cette action d\u2019envergure entend accompagner les besoins grandissants de la banque dans le cadre de sa <strong>transformation digitale<\/strong>, et qu\u2019elle vise \u00e9galement, dans une d\u00e9marche r\u00e9solument citoyenne, \u00e0 offrir aux jeunes talents une opportunit\u00e9 de se d\u00e9velopper et de s\u2019\u00e9panouir au sein d\u2019un groupe marocain et panafricain de r\u00e9f\u00e9rence.<\/p>\n<p>Soulignons que le lancement de cette op\u00e9ration intervient quelques jours apr\u00e8s la finale du Fintech Challenge, premier programme d\u2019<strong>Open Innovation<\/strong> du groupe Banque Populaire, au terme duquel 6 startups ont \u00e9t\u00e9 s\u00e9lectionn\u00e9es pour co-construire avec la banque et ses filiales des solutions innovantes r\u00e9pondant \u00e0 des besoins client\u00e8le pr\u00e9cis.<\/p>\n<p>La BP pr\u00e9cise aussi que ces initiatives novatrices s\u2019inscrivent dans une forte dynamique, qui marque l\u2019engagement soci\u00e9tal du groupe Banque Populaire en faveur de la construction et la p\u00e9rennisation d\u2019un environnement propice \u00e0 l\u2019\u00e9panouissement des comp\u00e9tences et de l\u2019esprit cr\u00e9atif au Maroc.<\/p>\n<div class=\"c17\">\n<fieldset class=\"c16\">\n<legend><strong><span class=\"c11\">Challenge<\/span><span class=\"c12\">news<\/span><\/strong><\/legend>\n<div class=\"c15\">Le meilleur de la r\u00e9daction s\u00e9lectionn\u00e9 par Challenge :<\/p>\n<\/div>\n<\/fieldset>\n<\/div>\n<p>Auteur: Roland Amoussou<br \/>\n<a href=\"https:\/\/www.challenge.ma\/transformation-digitale-la-bp-se-donne-les-moyens-de-ses-ambitions-105404\/\">Cliquez ici pour lire l&rsquo;article depuis sa source.<\/a><\/p>\n","protected":false},"excerpt":{"rendered":"<p>Cherchant \u00e0 attirer les meilleurs profils pour accompagner le d\u00e9veloppement de ses projets IT, la Banque Populaire accueille, depuis le 19 f\u00e9vrier, quelque 120 \u00e9l\u00e8ves ing\u00e9nieurs marocains dans le cadre de leurs stages de fin d\u2019\u00e9tudes. A l\u2019issue d\u2019un dispositif d\u2019accompagnement et d\u2019\u00e9valuation qui prendra fin en juin 2019, une commission de s\u00e9lection proposera des [&hellip;]<\/p>\n","protected":false},"author":1787,"featured_media":0,"comment_status":"closed","ping_status":"closed","sticky":false,"template":"","format":"standard","meta":{"fifu_image_url":"","fifu_image_alt":"","footnotes":""},"categories":[78,54],"tags":[],"class_list":["post-17732","post","type-post","status-publish","format-standard","hentry","category-economie","category-maroc"],"_links":{"self":[{"href":"https:\/\/linitiative.ca\/International\/wp-json\/wp\/v2\/posts\/17732","targetHints":{"allow":["GET"]}}],"collection":[{"href":"https:\/\/linitiative.ca\/International\/wp-json\/wp\/v2\/posts"}],"about":[{"href":"https:\/\/linitiative.ca\/International\/wp-json\/wp\/v2\/types\/post"}],"author":[{"embeddable":true,"href":"https:\/\/linitiative.ca\/International\/wp-json\/wp\/v2\/users\/1787"}],"replies":[{"embeddable":true,"href":"https:\/\/linitiative.ca\/International\/wp-json\/wp\/v2\/comments?post=17732"}],"version-history":[{"count":0,"href":"https:\/\/linitiative.ca\/International\/wp-json\/wp\/v2\/posts\/17732\/revisions"}],"wp:attachment":[{"href":"https:\/\/linitiative.ca\/International\/wp-json\/wp\/v2\/media?parent=17732"}],"wp:term":[{"taxonomy":"category","embeddable":true,"href":"https:\/\/linitiative.ca\/International\/wp-json\/wp\/v2\/categories?post=17732"},{"taxonomy":"post_tag","embeddable":true,"href":"https:\/\/linitiative.ca\/International\/wp-json\/wp\/v2\/tags?post=17732"}],"curies":[{"name":"wp","href":"https:\/\/api.w.org\/{rel}","templated":true}]}}