{"id":17736,"date":"2019-02-26T11:28:00","date_gmt":"2019-02-26T16:28:00","guid":{"rendered":"https:\/\/linitiative.ca\/International\/algerie-tunisie-le-ministre-tunisien-de-linterieur-en-visite-a-alger\/"},"modified":"2019-02-26T11:28:00","modified_gmt":"2019-02-26T16:28:00","slug":"algerie-tunisie-le-ministre-tunisien-de-linterieur-en-visite-a-alger","status":"publish","type":"post","link":"https:\/\/linitiative.ca\/International\/algerie-tunisie-le-ministre-tunisien-de-linterieur-en-visite-a-alger\/","title":{"rendered":"<div>ALGERIE- TUNISIE  : Le ministre tunisien de l&rsquo;Int\u00e9rieur en visite \u00e0 Alger<\/div>"},"content":{"rendered":"<p><br id=\"sep_para_1\" class=\"sep_para access\"\/><\/p>\n<div id=\"para_1\" class=\"para_29446479 resize\">\n<div class=\"texte access firstletter\">Effectuant une visite de travail en Alg\u00e9rie, \u00e0 l&rsquo;invitation de son homologue alg\u00e9rien, le ministre de l&rsquo;Int\u00e9rieur tunisien, Hichem Fourati a \u00e9t\u00e9 re\u00e7u, hier, mardi dans la matin\u00e9e, par le Premier ministre, Ahmed Ouyahia, indique un communiqu\u00e9 du gouvernement. Le communiqu\u00e9 ajoute que l&rsquo;audience s&rsquo;est d\u00e9roul\u00e9e en pr\u00e9sence du ministre de l&rsquo;Int\u00e9rieur, des Collectivit\u00e9s locales et de l&rsquo;Am\u00e9nagement du territoire, Noureddine Bedoui, rappelant que Fourati et Bedoui avaient eu, ce\u00a0 lundi, un entretien qui a permis aux deux responsables de passer en revue la coordination op\u00e9rationnelle entre les deux pays, au niveau s\u00e9curitaire. \u00abA cette occasion\u00bb, pr\u00e9cise le communiqu\u00e9, \u00abl&rsquo;accent a \u00e9t\u00e9 mis sur la n\u00e9cessit\u00e9 d&rsquo;\u0153uvrer ensemble pour le d\u00e9veloppement et la s\u00e9curisation des r\u00e9gions frontali\u00e8res dans le cadre des orientations donn\u00e9es en ce sens par les chefs d&rsquo;Etat des deux pays\u00bb.<\/div>\n<\/div>\n<p>Auteur: Nadine<br \/>\n<a href=\"https:\/\/www.reflexiondz.net\/ALGERIE-TUNISIE-Le-ministre-tunisien-de-l-Interieur-en-visite-a-Alger_a54710.html\">Cliquez ici pour lire l&rsquo;article depuis sa source.<\/a><\/p>\n","protected":false},"excerpt":{"rendered":"<p>Effectuant une visite de travail en Alg\u00e9rie, \u00e0 l&rsquo;invitation de son homologue alg\u00e9rien, le ministre de l&rsquo;Int\u00e9rieur tunisien, Hichem Fourati a \u00e9t\u00e9 re\u00e7u, hier, mardi dans la matin\u00e9e, par le Premier ministre, Ahmed Ouyahia, indique un communiqu\u00e9 du gouvernement. Le communiqu\u00e9 ajoute que l&rsquo;audience s&rsquo;est d\u00e9roul\u00e9e en pr\u00e9sence du ministre de l&rsquo;Int\u00e9rieur, des Collectivit\u00e9s locales [&hellip;]<\/p>\n","protected":false},"author":1740,"featured_media":0,"comment_status":"closed","ping_status":"closed","sticky":false,"template":"","format":"standard","meta":{"fifu_image_url":"","fifu_image_alt":"","footnotes":""},"categories":[53,76],"tags":[],"class_list":["post-17736","post","type-post","status-publish","format-standard","hentry","category-algerie","category-regions"],"_links":{"self":[{"href":"https:\/\/linitiative.ca\/International\/wp-json\/wp\/v2\/posts\/17736","targetHints":{"allow":["GET"]}}],"collection":[{"href":"https:\/\/linitiative.ca\/International\/wp-json\/wp\/v2\/posts"}],"about":[{"href":"https:\/\/linitiative.ca\/International\/wp-json\/wp\/v2\/types\/post"}],"author":[{"embeddable":true,"href":"https:\/\/linitiative.ca\/International\/wp-json\/wp\/v2\/users\/1740"}],"replies":[{"embeddable":true,"href":"https:\/\/linitiative.ca\/International\/wp-json\/wp\/v2\/comments?post=17736"}],"version-history":[{"count":0,"href":"https:\/\/linitiative.ca\/International\/wp-json\/wp\/v2\/posts\/17736\/revisions"}],"wp:attachment":[{"href":"https:\/\/linitiative.ca\/International\/wp-json\/wp\/v2\/media?parent=17736"}],"wp:term":[{"taxonomy":"category","embeddable":true,"href":"https:\/\/linitiative.ca\/International\/wp-json\/wp\/v2\/categories?post=17736"},{"taxonomy":"post_tag","embeddable":true,"href":"https:\/\/linitiative.ca\/International\/wp-json\/wp\/v2\/tags?post=17736"}],"curies":[{"name":"wp","href":"https:\/\/api.w.org\/{rel}","templated":true}]}}