{"id":17740,"date":"2019-02-26T12:46:00","date_gmt":"2019-02-26T17:46:00","guid":{"rendered":"https:\/\/linitiative.ca\/International\/caid-essebsi-a-geneve-un-peuple-qui-exclut-ses-femmes-sampute-la-moitie-de-ses-membres-pour-devenir-paralyse\/"},"modified":"2019-02-26T12:46:00","modified_gmt":"2019-02-26T17:46:00","slug":"caid-essebsi-a-geneve-un-peuple-qui-exclut-ses-femmes-sampute-la-moitie-de-ses-membres-pour-devenir-paralyse","status":"publish","type":"post","link":"https:\/\/linitiative.ca\/International\/caid-essebsi-a-geneve-un-peuple-qui-exclut-ses-femmes-sampute-la-moitie-de-ses-membres-pour-devenir-paralyse\/","title":{"rendered":"Ca\u00efd Essebsi \u00e0 Gen\u00e8ve: Un peuple qui exclut ses femmes, s\u2019ampute la moiti\u00e9 de ses membres pour devenir paralys\u00e9"},"content":{"rendered":"<p>Il sait choisir le <em>momentum<\/em> appropri\u00e9 et l\u2019enceinte par excellence. C\u2019est devant le Conseil des Droits de l&rsquo;Homme, r\u00e9uni \u00e0 Gen\u00e8ve \u00e0 partir du 25 f\u00e9vrier 2019, dans sa Quaranti\u00e8me session, en \u00ab\u00a0Segment de haut niveau\u00a0\u00bb, que le pr\u00e9sident B\u00e9ji Ca\u00efd Essebsi a choisi de livrer sa plaidoirie en faveur de l\u2019\u00e9galit\u00e9 entre les hommes et femmes, la parit\u00e9 successorale en t\u00eate, mais aussi l\u2019autonomisation \u00e9conomique de la femme. Au-del\u00e0 du Palais des Nations, ses propos s\u2019adressent aux r\u00e9gimes arabes et musulmans, aux peuples, et aux soci\u00e9t\u00e9s civiles. Des phrases cisel\u00e9es qui tonnent sous la banni\u00e8re de cette haute instance des Nations Unies. Plus qu\u2019un discours de fond, une source d\u2019inspiration pour tant de pays qui h\u00e9sitent encore \u00e0 franchir le pas de l\u2019\u00e9galit\u00e9. Ne craignant ni toll\u00e9 g\u00e9n\u00e9ral, ni opposition, il tient un contre-discours aux obscurantistes oppos\u00e9s \u00e0 toute avanc\u00e9e des droits de la femme.<\/p>\n<p>D\u2019embl\u00e9e, le pr\u00e9sident B\u00e9ji Ca\u00efd Essebsi, plante le d\u00e9cor. \u2018\u2019Nous croyons fortement que les droits de l\u2019homme est un ensemble indivisible et que la promotion de la situation des femmes et de l\u2019optimisation de leurs capacit\u00e9s est l&rsquo;une des conditions de d\u00e9veloppement des soci\u00e9t\u00e9s, en particulier pour le monde arabo-musulman, dira-t-il. Il est \u00e0 souligner que l\u2019\u00e9galit\u00e9 du genre est l\u2019un des pr\u00e9requis pour aboutir \u00e0 la d\u00e9mocratie. En effet, il n\u2019y a pas de d\u00e9mocratie sans \u00e9galit\u00e9 et il n\u2019y a pas de d\u00e9veloppement r\u00e9el sans l&rsquo;\u00e9limination de la discrimination entre hommes et femmes.\u2019\u2019<\/p>\n<p>Et de pr\u00e9senter son projet. \u00ab C\u2019est dans ce registre, indique-t-il, que s\u2019inscrit notre initiative l\u00e9gislative relative \u00e0 l\u2019instauration de l\u2019\u00e9galit\u00e9 dans l&rsquo;h\u00e9ritage. Il s\u2019agit d\u2019une continuation dans la lanc\u00e9e de r\u00e9formes ent\u00e9rin\u00e9es par la Tunisie tout au long de son histoire contemporaine faisant d\u2019elle une exception. Nous souhaitons que cette initiative soit une deuxi\u00e8me r\u00e9volution sociale pour la Tunisie nouvelle, une initiative qui \u0153uvre \u00e0 l\u2019\u00e9galit\u00e9 et la paix. \u00bb Et d\u2019ajouter : Etant fortement responsable de nos choix et convaincus de cette initiative, nous avons propos\u00e9 un projet de loi \u00e0 cet effet conforme \u00e0 la philosophie de la Constitution. Nous sommes tout \u00e0 fait conscients que de telles initiatives partielles sont susceptibles de provoquer un toll\u00e9 et risque d\u2019\u00eatre confront\u00e9e par une opposition de la part d&rsquo;une certaine cat\u00e9gorie de la soci\u00e9t\u00e9 tunisienne. \u00bb<\/p>\n<p>Choisissant soigneusement sa conclusion, le pr\u00e9sident B\u00e9ji Ca\u00efd Essebsi n\u2019h\u00e9site pas \u00e0 affirmer : \u2018\u2019Un peuple qui exclut ses femmes de son processus de d\u00e9veloppement, est un peuple qui ampute la moiti\u00e9 de ses membres pour devenir paralys\u00e9.\u2019\u2019<\/p>\n<p class=\"c3\"><img loading=\"lazy\" decoding=\"async\" src=\"\/uploads\/FCK_files\/2(42).jpg\" alt=\"\" width=\"700\" vspace=\"5\" hspace=\"5\" height=\"233\" align=\"middle\"\/><\/p>\n<h2>Discours int\u00e9gral<\/h2>\n<p>Je suis heureux de prendre aujourd&rsquo;hui la parole devant cet auguste assembl\u00e9 en tant que plate-forme importante qui refl\u00e8te le souci de la communaut\u00e9 internationale de consolider les droits de l&rsquo;homme dans le monde sans aucune discrimination.<\/p>\n<p>C&rsquo;est l&rsquo;occasion de r\u00e9affirmer l&rsquo;attachement ind\u00e9fectible de la Tunisie aux principes et valeurs universels des droits de l&rsquo;homme et de r\u00e9affirmer son soutien \u00e0 tous les efforts et initiatives visant \u00e0 les promouvoir, dans l&rsquo;int\u00e9r\u00eat de causes justes et pour le renforcement des fondements de la paix et de la s\u00e9curit\u00e9 dans le monde.<\/p>\n<p>En ce sens, la promotion du syst\u00e8me des droits de l&rsquo;homme en Tunisie, dans les textes et dans la pratique, est la priorit\u00e9 la plus importante que nous avons \u0153uvr\u00e9 pour sa consolidation depuis le d\u00e9but de notre exp\u00e9rience d\u00e9mocratique. Nous croyons en son importance dans la concr\u00e9tisation de l&rsquo;Etat de droit, dans le maintien de la paix sociale et le renforcement de la coh\u00e9sion du tissu social.<\/p>\n<p>Les Tunisiens ont tenu, en particulier depuis 2014, \u00e0 adh\u00e9rer au consensus et au dialogue, comme approche coh\u00e9rente pour la r\u00e9solution leurs diff\u00e9rends et la gestion des affaires publiques avec la participation de toutes les composantes du paysage politique et les organisations de la soci\u00e9t\u00e9 civile sans exclusion ou marginalisation, ce qui a contribu\u00e9 \u00e0 promouvoir notre processus d\u00e9mocratique, renforcer l&rsquo;unit\u00e9 nationale et apporter \u00e0 la Tunisie et \u00e0 son exp\u00e9rience d\u00e9mocratique plus de respect et de reconnaissance sur la sc\u00e8ne internationale, manifest\u00e9s par le prix Nobel de la paix 2015 d\u00e9cern\u00e9 au Quartet du dialogue national.<\/p>\n<div class=\"c4\"><img loading=\"lazy\" decoding=\"async\" src=\"\/uploads\/FCK_files\/1(43).jpg\" alt=\"\" width=\"700\" vspace=\"5\" hspace=\"5\" height=\"427\" align=\"middle\"\/><\/div>\n<p>Conform\u00e9ment \u00e0 cette tendance constante de notre politique et afin de consolider les acquis de notre transition d\u00e9mocratique, nous avons r\u00e9ussi \u00e0 \u00e9tablir une constitution consensuelle et progressiste en 2014 qui respecte les normes internationales les plus \u00e9lev\u00e9es et affirme l&rsquo;engagement des Tunisiens aux valeurs universelles de droits de l&rsquo;homme et leur attachement \u00e0 la libert\u00e9, \u00e0 la justice et \u00e0 l&rsquo;\u00e9galit\u00e9. Elle consacre \u00e9galement la libert\u00e9 de conscience et affirme en m\u00eame temps, dans son article 2, que \u00a0\u00bb La Tunisie est un Etat civil, fond\u00e9 sur la citoyennet\u00e9, la volont\u00e9 du peuple et la primaut\u00e9 du droit. \u00ab\u00a0<\/p>\n<p>Nous avons \u00e9galement accompli des missions importantes pour achever l&rsquo;\u00e9tablissement des instances constitutionnelles : nous avons r\u00e9ussi \u00e0 organiser les premi\u00e8res \u00e9lections pr\u00e9sidentielles et l\u00e9gislatives libres, impartiales et pluralistes dans l&rsquo;histoire du pays et \u00e0 organiser les \u00e9lections municipales selon les m\u00eames normes en mai 2018.<\/p>\n<p>Ces \u00e9ch\u00e9ances ont connu une repr\u00e9sentation significative des femmes en tant que choix national qui refl\u00e8te les progr\u00e8s r\u00e9alis\u00e9s par la soci\u00e9t\u00e9 tunisienne dans sa qu\u00eate de la concr\u00e9tisation du principe de l\u2019\u00e9galit\u00e9 du genre dans tous les domaines.<\/p>\n<p>Mesdames et Messieurs,<\/p>\n<p>Nous croyons fortement que les droits de l\u2019homme est un ensemble indivisible et que la promotion de la situation des femmes et de l\u2019optimisation de leurs capacit\u00e9s est l&rsquo;une des conditions de d\u00e9veloppement des soci\u00e9t\u00e9s, en particulier pour le monde arabo-musulman. Il est \u00e0 souligner que l\u2019\u00e9galit\u00e9 du genre est l\u2019un des pr\u00e9requis pour aboutir \u00e0 la d\u00e9mocratie. En effet, il n\u2019y a pas de d\u00e9mocratie sans \u00e9galit\u00e9 et il n\u2019y a pas de d\u00e9veloppement r\u00e9el sans l&rsquo;\u00e9limination de la discrimination entre hommes et femmes.<\/p>\n<p>Il est important, \u00e0 cet \u00e9gard, de souligner que notre pays s\u2019est impr\u00e9gn\u00e9, depuis bien longtemps, de l\u2019approche r\u00e9formatrice. La Tunisie \u00e9tait l\u2019un des premiers pays \u00e0 abolir l\u2019esclavage en 1846 en \u00e9laborant un document constitutionnel appel\u00e9 le Pacte fondamental de 1857 qui a institu\u00e9 l\u2019adoption de sa Constitution avant-gardiste en 1861. De m\u00eame, l\u2019\u00c9tat de l\u2019ind\u00e9pendance a consacr\u00e9 ces valeurs en s\u2019employant \u00e0 renforcer l\u2019approche r\u00e9formatrice dans ses diff\u00e9rents programmes \u00e9conomiques et sociaux ax\u00e9s principalement sur la femme. La femme jouit actuellement d\u2019un statut distingu\u00e9 et est per\u00e7ue en tant que \u00ab success story \u00bb et un facteur pour la stabilisation ainsi que la paix sociale, en plus de son r\u00f4le \u00e9conomique significatif.\u00a0<\/p>\n<div class=\"c4\"><img loading=\"lazy\" decoding=\"async\" src=\"\/uploads\/FCK_files\/3(30).jpg\" alt=\"\" width=\"700\" vspace=\"5\" hspace=\"5\" height=\"466\" align=\"middle\"\/><\/div>\n<p>En effet, le taux des Tunisiennes titulaires de dipl\u00f4mes d\u2019enseignement sup\u00e9rieur d\u00e9passe, selon les derni\u00e8res statistiques de l\u2019UNESCO, les 65%. De m\u00eame, le taux des femmes titulaires de doctorat est de 69% et le taux des femmes ayant r\u00e9ussi le concours d\u2019admission \u00e0 l\u2019Institut sup\u00e9rieur de la magistrature de Tunis cette ann\u00e9e a atteint 80% du total des candidats retenus.\u00a0<\/p>\n<p>Ces taux s\u2019expliquent par les choix accomplis par l\u2019\u00c9tat de l\u2019ind\u00e9pendance qui a g\u00e9n\u00e9ralis\u00e9 l\u2019\u00e9ducation tout en la rendant obligatoire et gratuite. La date du 13 ao\u00fbt 1956 est une date phare pour la Tunisie. Il s\u2019agit de la date de la promulgation du Code de statut personnel qui a \u00e9mancip\u00e9 la Femme tunisienne. Ce code a suscit\u00e9 une r\u00e9volution sociale en Tunisie conduite par le leader feu Habib Bourguiba. Ces acquis ont \u00e9t\u00e9 consolid\u00e9s par la ratification de la Tunisie des conventions internationales dont la plus importante est la CEDAW en 1985, en promulguant le 24 octobre 2011, en notre qualit\u00e9 de Premier ministre \u00e0 cette \u00e9poque, un d\u00e9cret en vertu duquel la Tunisie a retir\u00e9 ses r\u00e9serves sur cette Convention.\u00a0<\/p>\n<p>C\u2019est dans ce registre que s\u2019inscrit notre initiative l\u00e9gislative relative \u00e0 l\u2019instauration de l\u2019\u00e9galit\u00e9 dans l&rsquo;h\u00e9ritage. Il s\u2019agit d\u2019une continuation dans la lanc\u00e9e de r\u00e9formes ent\u00e9rin\u00e9es par la Tunisie tout au long de son histoire contemporaine faisant d\u2019elle une exception. Nous souhaitons que cette initiative soit une deuxi\u00e8me r\u00e9volution sociale pour la Tunisie nouvelle, une initiative qui \u0153uvre \u00e0 l\u2019\u00e9galit\u00e9 et la paix.\u00a0<\/p>\n<p>Etant fortement responsable de nos choix et convaincus de cette initiative, nous avons propos\u00e9 un projet de loi \u00e0 cet effet conforme \u00e0 la philosophie de la Constitution. Nous sommes tout \u00e0 fait conscients que de telles initiatives partielles sont susceptibles de provoquer un toll\u00e9 et risque d\u2019\u00eatre confront\u00e9e par une opposition de la part d&rsquo;une certaine cat\u00e9gorie de la soci\u00e9t\u00e9 tunisienne.<\/p>\n<div class=\"c4\"><img loading=\"lazy\" decoding=\"async\" src=\"\/uploads\/FCK_files\/5%20fevrier.jpg\" alt=\"\" width=\"700\" vspace=\"5\" hspace=\"5\" height=\"466\" align=\"middle\"\/><\/div>\n<p>Mesdames et Messieurs,\u00a0<\/p>\n<p>Cette initiative, que nous esp\u00e9rons se traduire en une loi organique, constituera un nouveau tournant dans l\u2019histoire de la Tunisie contemporaine. Nous avons soumis le projet de loi \u00e0 l\u2019Assembl\u00e9e des repr\u00e9sentants du peuple en novembre 2018, et ce, conform\u00e9ment aux dispositions de la Constitution de la deuxi\u00e8me R\u00e9publique.\u00a0<\/p>\n<p>Dans ce contexte, je voudrais insister que l\u2019Islam a dot\u00e9 la femme d\u2019une position distingu\u00e9e et a encourag\u00e9 \u00e0 prot\u00e9ger ses droits et sa dignit\u00e9. A partir de ce principe, nous consid\u00e9rons qu\u2019exclure les femmes de l\u2019\u00e9galit\u00e9 dans l\u2019h\u00e9ritage sous pr\u00e9texte de prescription religieuse est contraire \u00e0 l\u2019\u00e2me de la religion musulmane et les desseins de la Charia et incompatible avec la philosophie et les principes relatifs aux droits de l\u2019Homme.\u00a0<\/p>\n<p>Contrairement \u00e0 l\u2019inconstitutionnalit\u00e9 de cette initiative d\u2019\u00e9galit\u00e9 successorale entre les deux sexes telle qu\u2019avanc\u00e9e par certaines personnes, en ayant recours \u00e0 l\u2019article premier de la Constitution qui pr\u00e9voit que: \u00abLa Tunisie est un \u00c9tat libre, ind\u00e9pendant et souverain, l\u2019Islam est sa religion, l\u2019arabe sa langue et la R\u00e9publique son syst\u00e8me\u00bb, la Constitution oblige l\u2019\u00c9tat, en vertu de son article 21 d\u2019instaurer l\u2019\u00e9galit\u00e9 du genre dans toutes les sph\u00e8res, y compris celle de l\u2019h\u00e9ritage. A ceci s\u2019ajoute les dispositions de l\u2019article deux qui pr\u00e9voit, comme pr\u00e9c\u00e9demment mentionn\u00e9, que \u00ab la Tunisie est un \u00c9tat civil, bas\u00e9 sur la citoyennet\u00e9, la volont\u00e9 du peuple et la primaut\u00e9 du droit\u00bb.\u00a0<\/p>\n<p>En d\u00e9pit de tout ceci et tenons compte de tous les avis, nous avons pr\u00e9vu la possibilit\u00e9, dans le projet de loi soumis \u00e0 l\u2019Assembl\u00e9e des repr\u00e9sentants du peuple, que chaque de cujus qui se voit oblig\u00e9 de respecter sa conscience et sa conviction religieuse doit, de son vivant, annoncer son souhait de partager ses biens, apr\u00e8s son d\u00e9c\u00e8s, en s\u2019appuyant sur la r\u00e8gle de \u00ab la part de l\u2019homme est \u00e9quivalente\u00a0 \u00e0 celles de deux femmes \u00bb.\u00a0<\/p>\n<p>Mesdames et Messieurs,\u00a0<\/p>\n<p>Nous avons veill\u00e9, lors de la proposition du projet de loi, au respect de la Constitution comme le pr\u00e9voit l\u2019article 72 que nous nous sommes employ\u00e9s \u00e0 mettre en \u0153uvre. Ainsi, le projet de loi sur l&rsquo;\u00e9galit\u00e9 du genre en mati\u00e8re de succession ne souffre d&rsquo;aucune lacune du point de vue constitutionnel. Les \u00e9quilibres politiques au sein de l&rsquo;Assembl\u00e9e des repr\u00e9sentants du peuple permettent d&rsquo;adopter une telle loi.<\/p>\n<p>L\u2019\u00e9galit\u00e9 en mati\u00e8re d\u2019h\u00e9ritage, de par notre conviction, ouvrira la porte \u00e0 l\u2019autonomisation \u00e9conomique des femmes, d\u2019autant plus que leur contribution \u00e0 la cr\u00e9ation ou au d\u00e9veloppement de richesses est compatible avec leur participation croissante \u00e0 la vie \u00e9conomique et leur acc\u00e8s massif des diff\u00e9rents domaines du travail, r\u00e9mun\u00e9r\u00e9s ou non, dans les propri\u00e9t\u00e9s familiales. En outre, de nombreuses familles comptent sur le revenu des femmes, en plus du d\u00e9veloppement et de la croissance des \u00e9conomies de nos pays. Ceci contribue \u00e0 la r\u00e9duction de la violence contre les femmes, leur paup\u00e9risation et leur marginalisation dans leurs soci\u00e9t\u00e9s et \u00e0 pr\u00e9server ainsi leur dignit\u00e9.<\/p>\n<p>Un peuple qui exclut ses femmes de son processus de d\u00e9veloppement, est un peuple qui ampute la moiti\u00e9 de ses membres pour devenir paralys\u00e9.<\/p>\n<p>Nous pensons qu&rsquo;il est temps que nos pays r\u00e9fl\u00e9chissent \u00e0 la mobilisation de toutes les \u00e9nergies de leurs peuples sans discrimination, ni exclusion, quelle qu&rsquo;en soit la justification. Il n&rsquo;y a pas de d\u00e9veloppement sans \u00e9limination de la discrimination ou et il n&rsquo;y a pas d\u00e9mocratie sans \u00e9galit\u00e9.<\/p>\n<p>Qu&rsquo;Allah nous guide pour le bien de nos peuples et de toute l&rsquo;humanit\u00e9.<\/p>\n<p>Auteur:<br \/>\n<a href=\"http:\/\/www.leaders.com.tn\/article\/26582-caid-essebsi-a-geneve-un-peuple-qui-exclut-ses-femmes-s-ampute-la-moitie-de-ses-membres-pour-devenir-paralyse\">Cliquez ici pour lire l&rsquo;article depuis sa source.<\/a><\/p>\n","protected":false},"excerpt":{"rendered":"<p>Il sait choisir le momentum appropri\u00e9 et l\u2019enceinte par excellence. C\u2019est devant le Conseil des Droits de l&rsquo;Homme, r\u00e9uni \u00e0 Gen\u00e8ve \u00e0 partir du 25 f\u00e9vrier 2019, dans sa Quaranti\u00e8me session, en \u00ab\u00a0Segment de haut niveau\u00a0\u00bb, que le pr\u00e9sident B\u00e9ji Ca\u00efd Essebsi a choisi de livrer sa plaidoirie en faveur de l\u2019\u00e9galit\u00e9 entre les hommes [&hellip;]<\/p>\n","protected":false},"author":1772,"featured_media":17742,"comment_status":"closed","ping_status":"closed","sticky":false,"template":"","format":"standard","meta":{"fifu_image_url":"","fifu_image_alt":"","footnotes":""},"categories":[73,55],"tags":[],"class_list":["post-17740","post","type-post","status-publish","format-standard","has-post-thumbnail","hentry","category-actualite","category-tunisie"],"_links":{"self":[{"href":"https:\/\/linitiative.ca\/International\/wp-json\/wp\/v2\/posts\/17740","targetHints":{"allow":["GET"]}}],"collection":[{"href":"https:\/\/linitiative.ca\/International\/wp-json\/wp\/v2\/posts"}],"about":[{"href":"https:\/\/linitiative.ca\/International\/wp-json\/wp\/v2\/types\/post"}],"author":[{"embeddable":true,"href":"https:\/\/linitiative.ca\/International\/wp-json\/wp\/v2\/users\/1772"}],"replies":[{"embeddable":true,"href":"https:\/\/linitiative.ca\/International\/wp-json\/wp\/v2\/comments?post=17740"}],"version-history":[{"count":0,"href":"https:\/\/linitiative.ca\/International\/wp-json\/wp\/v2\/posts\/17740\/revisions"}],"wp:featuredmedia":[{"embeddable":true,"href":"https:\/\/linitiative.ca\/International\/wp-json\/"}],"wp:attachment":[{"href":"https:\/\/linitiative.ca\/International\/wp-json\/wp\/v2\/media?parent=17740"}],"wp:term":[{"taxonomy":"category","embeddable":true,"href":"https:\/\/linitiative.ca\/International\/wp-json\/wp\/v2\/categories?post=17740"},{"taxonomy":"post_tag","embeddable":true,"href":"https:\/\/linitiative.ca\/International\/wp-json\/wp\/v2\/tags?post=17740"}],"curies":[{"name":"wp","href":"https:\/\/api.w.org\/{rel}","templated":true}]}}