{"id":17762,"date":"2019-02-26T15:19:16","date_gmt":"2019-02-26T20:19:16","guid":{"rendered":"https:\/\/linitiative.ca\/International\/m-gaid-salah-depuis-la-6e-region-militaire-engagement-de-lanp-pour-la-tenue-de-lelection-presidentielle-dans-la-quietude\/"},"modified":"2019-02-26T15:19:16","modified_gmt":"2019-02-26T20:19:16","slug":"m-gaid-salah-depuis-la-6e-region-militaire-engagement-de-lanp-pour-la-tenue-de-lelection-presidentielle-dans-la-quietude","status":"publish","type":"post","link":"https:\/\/linitiative.ca\/International\/m-gaid-salah-depuis-la-6e-region-militaire-engagement-de-lanp-pour-la-tenue-de-lelection-presidentielle-dans-la-quietude\/","title":{"rendered":"M. Ga\u00efd Salah depuis la 6e R\u00e9gion Militaire : Engagement de l\u2019ANP pour la tenue de l\u2019\u00e9lection pr\u00e9sidentielle dans la qui\u00e9tude"},"content":{"rendered":"<p><strong>Le g\u00e9n\u00e9ral de Corps d\u2019Arm\u00e9e, Ahmed Ga\u00efd Salah, vice-ministre de la D\u00e9fense nationale, chef d\u2019\u00e9tat-major de l\u2019Arm\u00e9e nationale populaire (ANP), a r\u00e9it\u00e9r\u00e9, hier \u00e0 Tamanrasset, l&rsquo;engagement de l&rsquo;ANP \u00e0 r\u00e9unir \u00abtoutes les conditions n\u00e9cessaires, permettant \u00e0 l\u2019\u00e9lection pr\u00e9sidentielle de se d\u00e9rouler dans un climat de qui\u00e9tude et de s\u00e9r\u00e9nit\u00e9\u00bb.<\/strong><\/p>\n<p>Le g\u00e9n\u00e9ral de Corps d\u2019Arm\u00e9e a \u00e9galement a affirm\u00e9, lors d&rsquo;une visite de travail et d\u2019inspection dans la 6e R\u00e9gion militaire, que l\u2019Alg\u00e9rie a pay\u00e9 un lourd tribut afin de recouvrer sa s\u00e9curit\u00e9 et sa stabilit\u00e9, et que la pr\u00e9servation de cet acquis tr\u00e8s cher devrait \u00eatre au moins \u00e0 la hauteur de ce prix pay\u00e9, r\u00e9it\u00e9rant son engagement personnel \u00e0 r\u00e9unir toutes les conditions favorables au bon d\u00e9roulement des prochaines \u00e9lections pr\u00e9sidentielles dans un climat de qui\u00e9tude, de s\u00e9r\u00e9nit\u00e9, de s\u00e9curit\u00e9 et de stabilit\u00e9, indique un communiqu\u00e9 du MDN. \u00abLe bon sens et le raisonnement juste et objectif n\u00e9cessitent forc\u00e9ment d\u2019observer et de consid\u00e9rer le bilan s\u00e9curitaire r\u00e9alis\u00e9, apr\u00e8s les ann\u00e9es sombres par lesquelles est pass\u00e9e l\u2019Alg\u00e9rie.<br \/>Ce bilan t\u00e9moigne du prix on\u00e9reux pay\u00e9 pour le recouvrement de la s\u00e9curit\u00e9 de l\u2019Alg\u00e9rie et de sa stabilit\u00e9 et confirme le degr\u00e9 de coh\u00e9sion entre le peuple et son Arm\u00e9e, et leur lien solide effectif et moral, et affirme que leurs chemins se rejoignent, que leur destin est le m\u00eame et que leurs visions convergent, voire s\u2019unissent vers un m\u00eame avenir.<br \/>Ils constituent une seule et m\u00eame entit\u00e9 car ils appartiennent \u00e0 la m\u00eame Nation. Tel est le secret de la ferme d\u00e9termination et de la grande volont\u00e9 qui ont permis de recouvrer la s\u00e9curit\u00e9 du pays, et de le d\u00e9livrer des griffes du terrorisme sordide.<br \/>Partant de cette solide pers\u00e9v\u00e9rance, qui nous caract\u00e9rise au sein des Forces arm\u00e9es, pour pr\u00e9server l\u2019Alg\u00e9rie et la prot\u00e9ger de tout danger, je me suis engag\u00e9 personnellement, en tant que responsable au sein de l\u2019Arm\u00e9e nationale populaire, devant Allah Le Tout-Puissant, le Peuple et Son Excellence, le Pr\u00e9sident de la R\u00e9publique, \u00e0 r\u00e9unir toutes les conditions n\u00e9cessaires, permettant aux \u00e9lections pr\u00e9sidentielles de se d\u00e9rouler dans un climat de qui\u00e9tude, de s\u00e9r\u00e9nit\u00e9, de s\u00e9curit\u00e9 et de stabilit\u00e9\u00bb, a-t-il ajout\u00e9.<br \/>\u00abEn cette honorable occasion, je tiens \u00e0 rendre hommage \u00e0 la teneur du message de Son Excellence, le Pr\u00e9sident de la R\u00e9publique, Chef Supr\u00eame des Forces arm\u00e9es, ministre de la D\u00e9fense nationale, adress\u00e9 \u00e0 la Nation \u00e0 l\u2019occasion de la c\u00e9l\u00e9bration du double anniversaire de la cr\u00e9ation de l\u2019Union g\u00e9n\u00e9rale des travailleurs Alg\u00e9riens et de la nationalisation des hydrocarbures, pour ses propos honorables \u00e0 l&rsquo;adresse de l\u2019Arm\u00e9e nationale populaire\u00bb, a-t-il dit. Pour le vice-ministre de la D\u00e9fense nationale, \u00ables r\u00e9sultats r\u00e9alis\u00e9s par l\u2019Arm\u00e9e nationale populaire au niveau de nos fronti\u00e8res Sud, \u00e0 l&rsquo;instar de toutes nos fronti\u00e8res nationales, voire \u00e0 travers l\u2019ensemble de notre territoire national, sont le fruit d\u2019une vision globale de la s\u00e9curit\u00e9, qui a \u00e9t\u00e9 adopt\u00e9e par le Haut commandement de l\u2019ANP.<br \/>La mission d&rsquo;asseoir et de pr\u00e9server la s\u00e9curit\u00e9 de notre pays requiert une application stricte et minutieuse de cette vision pertinente aux dimensions strat\u00e9giques clairvoyantes, dont la finalit\u00e9 est de garantir au peuple alg\u00e9rien le droit de vivre dans la paix et s\u00e9curit\u00e9, et qui consid\u00e8re ce devoir sacr\u00e9 comme \u00e9tant des responsabilit\u00e9s qui incombent \u00e0 l\u2019ANP, conform\u00e9ment \u00e0 ses missions constitutionnelles, dont elle s\u2019honore d\u2019accomplir et de mener \u00e0 bien\u00bb.<br \/>Dans le cadre de l\u2019inspection p\u00e9riodique des unit\u00e9s militaires implant\u00e9es le long de la fronti\u00e8re Sud du Pays et le suivi de l\u2019ex\u00e9cution du programme de l\u2019ann\u00e9e de pr\u00e9paration au combat 2018\/2019, \u00e0 travers l\u2019ensemble des unit\u00e9s de l\u2019ANP, le g\u00e9n\u00e9ral de Corps d\u2019Arm\u00e9e effectue une visite de travail et d\u2019inspection aux secteurs et unit\u00e9s de la 6e R\u00e9gion militaire \u00e0 Tamanrasset.<br \/>La visite a \u00e9t\u00e9 entam\u00e9e \u00e0 partir de la fronti\u00e8re de l&rsquo;extr\u00eame Sud du pays, par l\u2019inspection des unit\u00e9s du Secteur op\u00e9rationnel Bordj Badji Mokhtar, o\u00f9 le g\u00e9n\u00e9ral de Corps d\u2019Arm\u00e9e, et apr\u00e8s la c\u00e9r\u00e9monie d\u2019accueil, a inaugur\u00e9 une nouvelle unit\u00e9 de la D\u00e9fense A\u00e9rienne du Territoire.<br \/>Le g\u00e9n\u00e9ral de Corps d\u2019Arm\u00e9e a tenu \u00e9galement, en compagnie du g\u00e9n\u00e9ral-major Mohamed Adjroud, commandant de la 6e R\u00e9gion militaire, une rencontre avec les personnels de ces unit\u00e9s, \u00e0 l\u2019occasion de laquelle il a prononc\u00e9 une allocution d\u2019orientation, diffus\u00e9e \u00e0 toutes les unit\u00e9s de la R\u00e9gion via visioconf\u00e9rence, \u00e0 travers laquelle il a salu\u00e9 les efforts laborieux et pers\u00e9v\u00e9rants consentis sur le terrain, par les \u00e9l\u00e9ments de l\u2019ANP dans cette zone frontali\u00e8re sensible, en guise de loyaut\u00e9 \u00e0 leur peuple et \u00e0 leur pays l\u2019Alg\u00e9rie. Des efforts qui refl\u00e8tent leur grand esprit patriotique et leur attachement au message des vaillants chouhada.<br \/>A l\u2019issue de cette rencontre, le g\u00e9n\u00e9ral de Corps d\u2019Arm\u00e9e a \u00e9cout\u00e9 les interventions des personnels de la R\u00e9gion qui ont r\u00e9it\u00e9r\u00e9 leur engagement et leur loyaut\u00e9 envers leur Arm\u00e9e, leur peuple et leur Pays, l\u2019Alg\u00e9rie.<br \/>\u00a0<\/p>\n<p>Auteur: elmoudjahid<br \/>\n<a href=\"http:\/\/www.elmoudjahid.com\/fr\/actualites\/134204\">Cliquez ici pour lire l&rsquo;article depuis sa source.<\/a><\/p>\n","protected":false},"excerpt":{"rendered":"<p>Le g\u00e9n\u00e9ral de Corps d\u2019Arm\u00e9e, Ahmed Ga\u00efd Salah, vice-ministre de la D\u00e9fense nationale, chef d\u2019\u00e9tat-major de l\u2019Arm\u00e9e nationale populaire (ANP), a r\u00e9it\u00e9r\u00e9, hier \u00e0 Tamanrasset, l&rsquo;engagement de l&rsquo;ANP \u00e0 r\u00e9unir \u00abtoutes les conditions n\u00e9cessaires, permettant \u00e0 l\u2019\u00e9lection pr\u00e9sidentielle de se d\u00e9rouler dans un climat de qui\u00e9tude et de s\u00e9r\u00e9nit\u00e9\u00bb. Le g\u00e9n\u00e9ral de Corps d\u2019Arm\u00e9e a [&hellip;]<\/p>\n","protected":false},"author":1744,"featured_media":0,"comment_status":"closed","ping_status":"closed","sticky":false,"template":"","format":"standard","meta":{"fifu_image_url":"","fifu_image_alt":"","footnotes":""},"categories":[73,53],"tags":[],"class_list":["post-17762","post","type-post","status-publish","format-standard","hentry","category-actualite","category-algerie"],"_links":{"self":[{"href":"https:\/\/linitiative.ca\/International\/wp-json\/wp\/v2\/posts\/17762","targetHints":{"allow":["GET"]}}],"collection":[{"href":"https:\/\/linitiative.ca\/International\/wp-json\/wp\/v2\/posts"}],"about":[{"href":"https:\/\/linitiative.ca\/International\/wp-json\/wp\/v2\/types\/post"}],"author":[{"embeddable":true,"href":"https:\/\/linitiative.ca\/International\/wp-json\/wp\/v2\/users\/1744"}],"replies":[{"embeddable":true,"href":"https:\/\/linitiative.ca\/International\/wp-json\/wp\/v2\/comments?post=17762"}],"version-history":[{"count":0,"href":"https:\/\/linitiative.ca\/International\/wp-json\/wp\/v2\/posts\/17762\/revisions"}],"wp:attachment":[{"href":"https:\/\/linitiative.ca\/International\/wp-json\/wp\/v2\/media?parent=17762"}],"wp:term":[{"taxonomy":"category","embeddable":true,"href":"https:\/\/linitiative.ca\/International\/wp-json\/wp\/v2\/categories?post=17762"},{"taxonomy":"post_tag","embeddable":true,"href":"https:\/\/linitiative.ca\/International\/wp-json\/wp\/v2\/tags?post=17762"}],"curies":[{"name":"wp","href":"https:\/\/api.w.org\/{rel}","templated":true}]}}