{"id":17763,"date":"2019-02-26T15:19:17","date_gmt":"2019-02-26T20:19:17","guid":{"rendered":"https:\/\/linitiative.ca\/International\/lutte-contre-le-terrorisme-et-lextremisme-une-conference-regionale-en-egypte\/"},"modified":"2019-02-26T15:19:17","modified_gmt":"2019-02-26T20:19:17","slug":"lutte-contre-le-terrorisme-et-lextremisme-une-conference-regionale-en-egypte","status":"publish","type":"post","link":"https:\/\/linitiative.ca\/International\/lutte-contre-le-terrorisme-et-lextremisme-une-conference-regionale-en-egypte\/","title":{"rendered":"Lutte contre le terrorisme et l\u2019extr\u00e9misme  : Une conf\u00e9rence r\u00e9gionale en \u00e9gypte"},"content":{"rendered":"<p>L&rsquo;Assembl\u00e9e populaire nationale (APN) participe depuis hier en Egypte, aux travaux de la Conf\u00e9rence r\u00e9gionale sur le terrorisme et l&rsquo;extr\u00e9misme violent, a indiqu\u00e9 un communiqu\u00e9 de l&rsquo;APN. Cette conf\u00e9rence constitue le d\u00e9but d&rsquo;une s\u00e9rie d&rsquo;activit\u00e9s agr\u00e9\u00e9es du Groupe consultatif de haut niveau relevant de l&rsquo;Union interparlementaire (UIP) en vue de r\u00e9aliser les objectifs du programme commun de l&rsquo;Union en mati\u00e8re de lutte contre le ph\u00e9nom\u00e8ne de terrorisme.<br \/>\u00a0Les travaux verront l&rsquo;examen des opportunit\u00e9s offertes et des d\u00e9fis auxquels sont confront\u00e9s les parlements dans le but de lutter contre le terrorisme et l&rsquo;extr\u00e9misme, en focalisant notamment sur la menace que constituent les combattants terroristes \u00e9trangers, ajoute le communiqu\u00e9. A noter que le d\u00e9put\u00e9 Seddik Chihab, participe aux travaux de la conf\u00e9rence en sa qualit\u00e9 de membre du Groupe consultatif de haut niveau relevant de l&rsquo;UIP.<br \/>\u00a0<\/p>\n<p>Auteur: elmoudjahid<br \/>\n<a href=\"http:\/\/www.elmoudjahid.com\/fr\/actualites\/134205\">Cliquez ici pour lire l&rsquo;article depuis sa source.<\/a><\/p>\n","protected":false},"excerpt":{"rendered":"<p>L&rsquo;Assembl\u00e9e populaire nationale (APN) participe depuis hier en Egypte, aux travaux de la Conf\u00e9rence r\u00e9gionale sur le terrorisme et l&rsquo;extr\u00e9misme violent, a indiqu\u00e9 un communiqu\u00e9 de l&rsquo;APN. Cette conf\u00e9rence constitue le d\u00e9but d&rsquo;une s\u00e9rie d&rsquo;activit\u00e9s agr\u00e9\u00e9es du Groupe consultatif de haut niveau relevant de l&rsquo;Union interparlementaire (UIP) en vue de r\u00e9aliser les objectifs du programme [&hellip;]<\/p>\n","protected":false},"author":1744,"featured_media":0,"comment_status":"closed","ping_status":"closed","sticky":false,"template":"","format":"standard","meta":{"fifu_image_url":"","fifu_image_alt":"","footnotes":""},"categories":[73,53],"tags":[],"class_list":["post-17763","post","type-post","status-publish","format-standard","hentry","category-actualite","category-algerie"],"_links":{"self":[{"href":"https:\/\/linitiative.ca\/International\/wp-json\/wp\/v2\/posts\/17763","targetHints":{"allow":["GET"]}}],"collection":[{"href":"https:\/\/linitiative.ca\/International\/wp-json\/wp\/v2\/posts"}],"about":[{"href":"https:\/\/linitiative.ca\/International\/wp-json\/wp\/v2\/types\/post"}],"author":[{"embeddable":true,"href":"https:\/\/linitiative.ca\/International\/wp-json\/wp\/v2\/users\/1744"}],"replies":[{"embeddable":true,"href":"https:\/\/linitiative.ca\/International\/wp-json\/wp\/v2\/comments?post=17763"}],"version-history":[{"count":0,"href":"https:\/\/linitiative.ca\/International\/wp-json\/wp\/v2\/posts\/17763\/revisions"}],"wp:attachment":[{"href":"https:\/\/linitiative.ca\/International\/wp-json\/wp\/v2\/media?parent=17763"}],"wp:term":[{"taxonomy":"category","embeddable":true,"href":"https:\/\/linitiative.ca\/International\/wp-json\/wp\/v2\/categories?post=17763"},{"taxonomy":"post_tag","embeddable":true,"href":"https:\/\/linitiative.ca\/International\/wp-json\/wp\/v2\/tags?post=17763"}],"curies":[{"name":"wp","href":"https:\/\/api.w.org\/{rel}","templated":true}]}}