{"id":17764,"date":"2019-02-26T15:19:23","date_gmt":"2019-02-26T20:19:23","guid":{"rendered":"https:\/\/linitiative.ca\/International\/le-directeur-de-campagne-m-sellal-le-president-bouteflika-deposera-son-dossier-de-candidature-le-3-mars\/"},"modified":"2019-02-26T15:19:23","modified_gmt":"2019-02-26T20:19:23","slug":"le-directeur-de-campagne-m-sellal-le-president-bouteflika-deposera-son-dossier-de-candidature-le-3-mars","status":"publish","type":"post","link":"https:\/\/linitiative.ca\/International\/le-directeur-de-campagne-m-sellal-le-president-bouteflika-deposera-son-dossier-de-candidature-le-3-mars\/","title":{"rendered":"Le directeur de campagne, M. Sellal :   \u00ab Le pr\u00e9sident Bouteflika d\u00e9posera son dossier de candidature le 3 mars \u00bb"},"content":{"rendered":"<p>\u00abNotre candidat, le moudjahid Abdelaziz Bouteflika respecte les rendez-vous \u00e9lectoraux et les lois et conform\u00e9ment \u00e0 la Constitution et \u00e0 la loi \u00e9lectorale, il pr\u00e9sentera son dossier le 3 mars prochain\u00bb, a annonc\u00e9, hier le directeur de campagne, Abdelmalek Sellal, lors d\u2019une rencontre, \u00e0 l\u2019h\u00f4tel Riadh \u00e0 Sidi Fredj (Alger), avec les associations soutenant la candidature de M.\u2008Bouteflika.<br \/>M. Sellal a indiqu\u00e9 que \u00able Conseil constitutionnel est souverain dans ses d\u00e9cisions\u00bb, en affirmant que M. Bouteflika a le droit de se porter candidat\u00bb et de r\u00e9pondre \u00e0 la sollicitation du peuple pour la continuation de la marche de d\u00e9veloppement\u00bb.Pour le directeur de campagne de M. Bouteflika, \u00abc\u2019est au peuple de d\u00e9cider le jour du scrutin\u00bb. \u00abLe respect de l\u2019acte d\u00e9mocratique est n\u00e9cessaire dans le cadre de la R\u00e9publique\u00bb a-t-il dit.<br \/>M. Sellal a mis en exergue la n\u00e9cessit\u00e9 d\u2019entamer la campagne \u00e9lectorale dans le cadre du respect de l\u2019\u00e9thique politique\u00a0: un principe \u00abque nous respectons jusqu\u2019au bout\u00bb. Il a par la suite d\u00e9clar\u00e9 que \u00able peuple a le droit de s\u2019exprimer comme il le souhaite\u00bb, et que \u00abc\u2019est \u00e0 l\u2019urne et au peuple de trancher\u00bb lors du scrutin du 18 avril prochain.<br \/>\u00abNous sommes face \u00e0 un v\u00e9ritable tournant\u00bb, a lanc\u00e9 le directeur de campagne aux repr\u00e9sentants des associations venus de diff\u00e9rentes wilayas avant d\u2019appeler \u00abla soci\u00e9t\u00e9 civile \u00e0 s\u2019engager avec force pour la d\u00e9fense des acquis de la d\u00e9mocratie participative\u00bb et \u00e0 s\u2019impliquer davantage sur le terrain \u00abpour d\u00e9molir les murs de la bureaucratie qui entravent la soci\u00e9t\u00e9 civile\u00bb. Cette derni\u00e8re doit jouer son r\u00f4le effectif \u00abcomme une r\u00e9elle puissance\u00bb dans la vie publique. Le mouvement associatif est \u00e9troitement associ\u00e9 \u00e0 l\u2019appel du Pr\u00e9sident de la R\u00e9publique pour la poursuite des r\u00e9formes politiques, a-t-il ajout\u00e9. Selon lui, \u00ables Alg\u00e9riens devraient \u00eatre fiers de cet homme\u00a0\u00bb.<br \/>M. Sellal est revenu au cours de son intervention sur la conf\u00e9rence nationale \u00e0 laquelle le Pr\u00e9sident de la R\u00e9publique a appel\u00e9 tous les acteurs de la vie publique \u00e0 y prendre part \u00abpour concr\u00e9tiser le principe de la d\u00e9mocratie participative\u00bb avant d\u2019ajouter\u00a0 que cette conf\u00e9rence \u00abde par son caract\u00e8re consensuel int\u00e9resse toutes les franges de la soci\u00e9t\u00e9 et pas uniquement les partis politiques\u00bb.<br \/>A cet effet, M. Sellal a appel\u00e9 les associations et la soci\u00e9t\u00e9 civile \u00e0 faire entendre leur voix dans le cadre de la d\u00e9lib\u00e9ration d\u00e9mocratique \u00abqui repr\u00e9sente la v\u00e9ritable expression de la citoyennet\u00e9\u00bb. Il a rappel\u00e9, dans ce cadre \u00able caract\u00e8re consensuel de la conf\u00e9rence nationale\u00bb o\u00f9 il sera question de consolider l\u2019ensemble des acquis et de lancer de nouveaux chantiers \u00e9minemment importants \u00abpour un avenir radieux aux g\u00e9n\u00e9rations futures\u00bb.<br \/>En saluant la \u00abconscience d\u00e9mocratique\u00bb \u00e9lev\u00e9e, le directeur de campagne a appel\u00e9 \u00e0 \u00abune coh\u00e9sion nationale\u00bb pour\u00a0 parachever l\u2019ensemble de l\u2019\u00e9difice et de donner \u00e0 l\u2019Alg\u00e9rie tous les moyens pour \u00abpr\u00e9server l\u2019esprit de la d\u00e9mocratie\u00bb avant de s\u2019interroger sur les tentatives de d\u00e9stabilisation qui visent \u00e0 \u00abcasser le syst\u00e8me r\u00e9publicain qui est le fruit des martyrs de la R\u00e9volution\u00bb une d\u00e9stabilisation qui est \u00e0 m\u00eame d\u2019entrainer\u00a0\u00abun syst\u00e8me politique dictatorial et populiste\u00bb.<br \/>M. Sellal a mis l\u2019accent, \u00e0 ce titre, sur la n\u00e9cessit\u00e9 de \u00abconsacrer le r\u00e9gime r\u00e9publicain\u00bb et a appel\u00e9 la soci\u00e9t\u00e9 civile qui soutient la candidature de Bouteflika \u00e0 \u00eatre pr\u00e9sente sur le terrain.<br \/><strong>Tahar Kaidi<\/strong><\/p>\n<p>Auteur: elmoudjahid<br \/>\n<a href=\"http:\/\/www.elmoudjahid.com\/fr\/actualites\/134206\">Cliquez ici pour lire l&rsquo;article depuis sa source.<\/a><\/p>\n","protected":false},"excerpt":{"rendered":"<p>\u00abNotre candidat, le moudjahid Abdelaziz Bouteflika respecte les rendez-vous \u00e9lectoraux et les lois et conform\u00e9ment \u00e0 la Constitution et \u00e0 la loi \u00e9lectorale, il pr\u00e9sentera son dossier le 3 mars prochain\u00bb, a annonc\u00e9, hier le directeur de campagne, Abdelmalek Sellal, lors d\u2019une rencontre, \u00e0 l\u2019h\u00f4tel Riadh \u00e0 Sidi Fredj (Alger), avec les associations soutenant la [&hellip;]<\/p>\n","protected":false},"author":1744,"featured_media":0,"comment_status":"closed","ping_status":"closed","sticky":false,"template":"","format":"standard","meta":{"fifu_image_url":"","fifu_image_alt":"","footnotes":""},"categories":[73,53],"tags":[],"class_list":["post-17764","post","type-post","status-publish","format-standard","hentry","category-actualite","category-algerie"],"_links":{"self":[{"href":"https:\/\/linitiative.ca\/International\/wp-json\/wp\/v2\/posts\/17764","targetHints":{"allow":["GET"]}}],"collection":[{"href":"https:\/\/linitiative.ca\/International\/wp-json\/wp\/v2\/posts"}],"about":[{"href":"https:\/\/linitiative.ca\/International\/wp-json\/wp\/v2\/types\/post"}],"author":[{"embeddable":true,"href":"https:\/\/linitiative.ca\/International\/wp-json\/wp\/v2\/users\/1744"}],"replies":[{"embeddable":true,"href":"https:\/\/linitiative.ca\/International\/wp-json\/wp\/v2\/comments?post=17764"}],"version-history":[{"count":0,"href":"https:\/\/linitiative.ca\/International\/wp-json\/wp\/v2\/posts\/17764\/revisions"}],"wp:attachment":[{"href":"https:\/\/linitiative.ca\/International\/wp-json\/wp\/v2\/media?parent=17764"}],"wp:term":[{"taxonomy":"category","embeddable":true,"href":"https:\/\/linitiative.ca\/International\/wp-json\/wp\/v2\/categories?post=17764"},{"taxonomy":"post_tag","embeddable":true,"href":"https:\/\/linitiative.ca\/International\/wp-json\/wp\/v2\/tags?post=17764"}],"curies":[{"name":"wp","href":"https:\/\/api.w.org\/{rel}","templated":true}]}}