{"id":17765,"date":"2019-02-26T15:19:24","date_gmt":"2019-02-26T20:19:24","guid":{"rendered":"https:\/\/linitiative.ca\/International\/poursuite-du-debat-sur-la-declaration-de-politique-generale-du-gouvernement-appui-de-la-majorite\/"},"modified":"2019-02-26T15:19:24","modified_gmt":"2019-02-26T20:19:24","slug":"poursuite-du-debat-sur-la-declaration-de-politique-generale-du-gouvernement-appui-de-la-majorite","status":"publish","type":"post","link":"https:\/\/linitiative.ca\/International\/poursuite-du-debat-sur-la-declaration-de-politique-generale-du-gouvernement-appui-de-la-majorite\/","title":{"rendered":"Poursuite du d\u00e9bat sur la d\u00e9claration de politique g\u00e9n\u00e9rale du gouvernement  :  Appui de la majorit\u00e9"},"content":{"rendered":"<p><strong>Les d\u00e9bats autour de la D\u00e9claration de politique g\u00e9n\u00e9rale du gouvernement se sont poursuivis, hier, \u00e0 l\u2019Assembl\u00e9e populaire nationale, lors d\u2019une s\u00e9ance pl\u00e9ni\u00e8re pr\u00e9sid\u00e9e par M. Mouad Bouchareb, en pr\u00e9sence du Premier ministre et de membres du gouvernement.<\/strong><\/p>\n<p>Les d\u00e9put\u00e9s \u00e9taient nombreux \u00e0 appuyer la D\u00e9claration de politique g\u00e9n\u00e9rale du gouvernement, appelant par la m\u00eame occasion \u00e0 \u00abpr\u00e9server les acquis\u00bb et \u00e0 \u00abpoursuivre les r\u00e9formes politiques\u00bb.<br \/>Des d\u00e9put\u00e9s ont mis en exergue la \u00abn\u00e9cessit\u00e9 de lever le gel des projets pour am\u00e9liorer le niveau de vie des citoyens\u00bb. Les d\u00e9put\u00e9s ont en effet soutenu que \u00ab la conjoncture actuelle que traverse le pays n\u00e9cessite la pr\u00e9servation des acquis, notamment en mati\u00e8re de s\u00e9curit\u00e9 et de stabilit\u00e9 nationales\u00bb. Les interventions de la majorit\u00e9 parlementaire \u00e9taient ax\u00e9es \u00e9galement sur l\u2019importance \u00abd&rsquo;approfondir les r\u00e9formes politiques \u00bb et de \u00ab faire face aux d\u00e9fis, s\u00e9curitaires, notamment\u00bb. L\u2019on peut citer parmi ces interventions, \u00e0 titre d\u2019exemple, celle du d\u00e9put\u00e9 Imen Mustaphaoui (FLN), qui a soulign\u00e9 \u00ab toute l&rsquo;importance d&rsquo;approfondir les r\u00e9formes politiques dans le cadre du programme du pr\u00e9sident de la R\u00e9publique, M. Abdelaziz Bouteflika, visant \u00e0 renforcer la d\u00e9mocratie et \u00e0 garantir les libert\u00e9s individuelles et collectives\u00bb. Intervenant pour leur part, les d\u00e9put\u00e9s Kamal Bouchoucha et Taous Mourad (RND) ont salu\u00e9 le contenu de la d\u00e9claration de politique g\u00e9n\u00e9rale du gouvernement. Ils affirment que ce document \u00abrec\u00e8le des chiffres qui refl\u00e8tent la r\u00e9alit\u00e9 des efforts consentis pour la mise en \u0153uvre du programme du Pr\u00e9sident Bouteflika, visant la consolidation de l&rsquo;Etat de droit et la relance de l&rsquo;\u00e9conomie nationale \u00bb. Les deux d\u00e9put\u00e9s ont mis en avant l\u2019imp\u00e9ratif de conjuguer les efforts des forces vives du pays \u00ab pour poursuivre et approfondir les r\u00e9formes devant r\u00e9aliser le d\u00e9veloppement durable et pr\u00e9server les acquis de la s\u00e9curit\u00e9 et de la stabilit\u00e9 nationales, notamment en cette conjoncture marqu\u00e9e par des d\u00e9fis nationaux et internationaux\u00bb. Leur embo\u00eetant le pas, le d\u00e9put\u00e9 Abderrazak Terbeche (FLN) a, lui aussi, vivement salu\u00e9 le contenu de la D\u00e9claration de politique g\u00e9n\u00e9rale du gouvernement, notamment en ce qui concerne le volet relatif aux r\u00e9formes op\u00e9r\u00e9es dans le secteur de la justice. Le d\u00e9put\u00e9 Terbeche rappellera, dans ce contexte, les lois qui ont \u00e9t\u00e9 promulgu\u00e9es en mati\u00e8re de consolidation des fondements de l&rsquo;Etat de droit, lesquelles lois ont contribu\u00e9 \u00e0 l&rsquo;enrichissement de la l\u00e9gislation, a-t-il soulign\u00e9, appelant \u00e0 \u00ab la pr\u00e9servation des acquis r\u00e9alis\u00e9s et \u00e0 la poursuite des r\u00e9formes \u00bb. Les d\u00e9put\u00e9s des partis TAJ et MPA ont, eux, insist\u00e9 sur \u00ab l&rsquo;importance de reconna\u00eetre les r\u00e9alisations ind\u00e9niables accomplies\u00bb, de m\u00eame qu\u2019ils ont mis en exergue l&rsquo;imp\u00e9ratif de \u00ab bannir le discours d\u00e9faitiste en milieu juv\u00e9nile \u00bb. Certains membres de l\u2019APN ont, cependant, \u00e9t\u00e9 tr\u00e8s critiques, appelant \u00e0 la lev\u00e9e du gel sur plusieurs projets pour rem\u00e9dier aux diff\u00e9rents probl\u00e8mes, dont le ch\u00f4mage, ont-ils soutenu.<br \/>Le d\u00e9put\u00e9 Yahia Bnine (MSP) a estim\u00e9 que la D\u00e9claration de politique g\u00e9n\u00e9rale englobait \u00ab des chiffres ne refl\u00e9tant pas la r\u00e9alit\u00e9 et d\u00e9nu\u00e9s de cr\u00e9dibilit\u00e9 \u00bb. Poursuivant ses propos, il a relev\u00e9 l\u2019importance d&rsquo;\u0153uvrer \u00abs\u00e9rieusement \u00e0 cr\u00e9er des postes d&#8217;emploi \u00e0 travers la lev\u00e9e du gel sur les projets\u00bb. Le d\u00e9put\u00e9 Fethi Kouchi (PT) a, quant \u00e0 lui, qualifi\u00e9 la d\u00e9claration de \u00ab non conforme \u00e0 la r\u00e9alit\u00e9\u00bb, \u00ab vu les chiffres erron\u00e9s avanc\u00e9s \u00bb, a-t-il affirm\u00e9. Il a ensuite insist\u00e9 sur la n\u00e9cessit\u00e9 de prendre en charge les travailleurs qui sont dans le cadre des \u00ab contrats de pr\u00e9emploi\u00bb et du \u00ab filet social \u00bb. Pour sa part, le d\u00e9put\u00e9 Lakhdar Ounhani (Union Ennahda-Adala-Bina), a plaid\u00e9 pour la lev\u00e9e du gel sur les projets, notamment dans les secteurs de la sant\u00e9, de l&rsquo;\u00e9ducation nationale et de la jeunesse, soulignant, lui aussi, la n\u00e9cessit\u00e9 de \u00abprendre en charge les employ\u00e9s exercant dans le cadre des contrats de pr\u00e9emploi \u00bb.<br \/>Il convient de signaler que, lundi dernier, lors d\u2019une s\u00e9ance nocturne, pr\u00e9sid\u00e9e par M. Mouad Bouchareb, en pr\u00e9sence des membres de l&rsquo;Ex\u00e9cutif, les d\u00e9put\u00e9s ont \u00e9voqu\u00e9, lors du d\u00e9bat sur la D\u00e9claration de politique g\u00e9n\u00e9rale du gouvernement, les acquis r\u00e9alis\u00e9s ces derni\u00e8res ann\u00e9es, de m\u00eame qu\u2019ils ont appuy\u00e9, dans leur majorit\u00e9, le contenu du document soumis au d\u00e9bat. Le d\u00e9put\u00e9e Dahbia Loucif (RND) a mis en avant, lors de son intervention, la vision prospective du pr\u00e9sident de la R\u00e9publique. Elle a appel\u00e9 cependant \u00e0 l&rsquo;imp\u00e9ratif de d\u00e9ployer davantage d&rsquo;efforts, notamment en mati\u00e8re de cr\u00e9ation d&#8217;emploi au profit des jeunes. Le d\u00e9put\u00e9e Houria Mounia Laouadi, du m\u00eame parti, a relev\u00e9 les progr\u00e8s r\u00e9alis\u00e9s dans notre pays, notamment lors des cinq derni\u00e8res ann\u00e9es, \u00ab riches en r\u00e9alisations \u00bb, et ce, en d\u00e9pit de la chute des cours du p\u00e9trole, fera-t-elle remarquer. La d\u00e9put\u00e9e Karima Athmane (parti TAJ) a soulign\u00e9, elle aussi, toutes les r\u00e9alisations accomplies durant ces derni\u00e8res ann\u00e9es, mettant en relief la politique de r\u00e9formes engag\u00e9es. Cette d\u00e9put\u00e9e notera dans ce sillage qu&rsquo; \u00ab en d\u00e9pit de tous ces acquis, il reste encore quelques lacunes \u00e0 corriger, comme c\u2019est le cas pour la bureaucratie qui entrave les projets d&rsquo;investissement \u00bb. S\u2019exprimant pour sa part, le d\u00e9put\u00e9 Bekai Hemal (MPA) a fait part de son soutien et appui au contenu de la D\u00e9claration de politique g\u00e9n\u00e9rale du gouvernement, de m\u00eame qu\u2019il a valoris\u00e9 les acquis r\u00e9alis\u00e9s ces derni\u00e8res ann\u00e9es. La d\u00e9put\u00e9e Chafika Ferarma (Union Ennahda-Adala-Bina) a appel\u00e9 \u00e0 \u00eatre \u00e0 l&rsquo;\u00e9coute des revendications du peuple et \u00e0 ouvrir un dialogue \u00ab s\u00e9rieux \u00bb avec l&rsquo;ensemble des acteurs, en vue de construire l&rsquo;avenir de l&rsquo;Alg\u00e9rie.La d\u00e9put\u00e9e Meriem Messaoudani ( MSP) a d\u00e9plor\u00e9 \u00ab la d\u00e9gradation de la situation \u00e9conomique du pays, en raison d&rsquo;une mauvaise gestion, et ce, en d\u00e9pit des quelques acquis r\u00e9alis\u00e9s dans plusieurs secteurs \u00bb, a-t-elle affirm\u00e9. Enfin, le d\u00e9put\u00e9 Mohamed Hallali (des Ind\u00e9pendants) s&rsquo;est f\u00e9licit\u00e9 des nombreux acquis \u00ab ind\u00e9niables qui ont \u00e9t\u00e9 r\u00e9alis\u00e9s dans plusieurs secteurs \u00bb. L\u2019accent sera mis, toutefois, sur l\u2019importance de \u00ab redoubler d&rsquo;efforts \u00bb et de \u00ab promouvoir certains secteurs n\u00e9vralgiques, tels que l&rsquo;agriculture, qui constitue l&rsquo;une des principales alternatives \u00e9conomiques\u00bb, a-t-il soutenu, insistant, d\u2019autre part, sur l\u2019importance de \u00ab lever le gel sur un certain nombre de projets\u00bb.<br \/><strong>\u00a0\u00a0\u00a0 Soraya Guemmouri<\/strong><\/p>\n<p>Auteur: elmoudjahid<br \/>\n<a href=\"http:\/\/www.elmoudjahid.com\/fr\/actualites\/134207\">Cliquez ici pour lire l&rsquo;article depuis sa source.<\/a><\/p>\n","protected":false},"excerpt":{"rendered":"<p>Les d\u00e9bats autour de la D\u00e9claration de politique g\u00e9n\u00e9rale du gouvernement se sont poursuivis, hier, \u00e0 l\u2019Assembl\u00e9e populaire nationale, lors d\u2019une s\u00e9ance pl\u00e9ni\u00e8re pr\u00e9sid\u00e9e par M. Mouad Bouchareb, en pr\u00e9sence du Premier ministre et de membres du gouvernement. Les d\u00e9put\u00e9s \u00e9taient nombreux \u00e0 appuyer la D\u00e9claration de politique g\u00e9n\u00e9rale du gouvernement, appelant par la m\u00eame [&hellip;]<\/p>\n","protected":false},"author":1744,"featured_media":0,"comment_status":"closed","ping_status":"closed","sticky":false,"template":"","format":"standard","meta":{"fifu_image_url":"","fifu_image_alt":"","footnotes":""},"categories":[73,53],"tags":[],"class_list":["post-17765","post","type-post","status-publish","format-standard","hentry","category-actualite","category-algerie"],"_links":{"self":[{"href":"https:\/\/linitiative.ca\/International\/wp-json\/wp\/v2\/posts\/17765","targetHints":{"allow":["GET"]}}],"collection":[{"href":"https:\/\/linitiative.ca\/International\/wp-json\/wp\/v2\/posts"}],"about":[{"href":"https:\/\/linitiative.ca\/International\/wp-json\/wp\/v2\/types\/post"}],"author":[{"embeddable":true,"href":"https:\/\/linitiative.ca\/International\/wp-json\/wp\/v2\/users\/1744"}],"replies":[{"embeddable":true,"href":"https:\/\/linitiative.ca\/International\/wp-json\/wp\/v2\/comments?post=17765"}],"version-history":[{"count":0,"href":"https:\/\/linitiative.ca\/International\/wp-json\/wp\/v2\/posts\/17765\/revisions"}],"wp:attachment":[{"href":"https:\/\/linitiative.ca\/International\/wp-json\/wp\/v2\/media?parent=17765"}],"wp:term":[{"taxonomy":"category","embeddable":true,"href":"https:\/\/linitiative.ca\/International\/wp-json\/wp\/v2\/categories?post=17765"},{"taxonomy":"post_tag","embeddable":true,"href":"https:\/\/linitiative.ca\/International\/wp-json\/wp\/v2\/tags?post=17765"}],"curies":[{"name":"wp","href":"https:\/\/api.w.org\/{rel}","templated":true}]}}