{"id":17766,"date":"2019-02-26T15:20:15","date_gmt":"2019-02-26T20:20:15","guid":{"rendered":"https:\/\/linitiative.ca\/International\/autorite-de-regulation-de-laudiovisuel-un-constat-patent\/"},"modified":"2019-02-26T15:20:15","modified_gmt":"2019-02-26T20:20:15","slug":"autorite-de-regulation-de-laudiovisuel-un-constat-patent","status":"publish","type":"post","link":"https:\/\/linitiative.ca\/International\/autorite-de-regulation-de-laudiovisuel-un-constat-patent\/","title":{"rendered":"Autorit\u00e9 de r\u00e9gulation  de l\u2019audiovisuel  : un constat patent"},"content":{"rendered":"<p>L&rsquo;Autorit\u00e9 de r\u00e9gulation de l&rsquo;audiovisuel (ARAV) a indiqu\u00e9 dans un communiqu\u00e9 qu&rsquo;elle \u00abn\u2019a pas \u00e9t\u00e9 dot\u00e9e des moyens n\u00e9cessaires \u00e0 son fonctionnement\u00bb, relevant qu&rsquo;elle \u00abne peut fonctionner normalement que si les Pouvoirs publics concern\u00e9s satisfont \u00e0 leurs obligations en mati\u00e8re de mise en ordre du paysage audiovisuel\u00bb. \u00abLe l\u00e9gislateur a voulu faire de l\u2019ARAV une institution ind\u00e9pendante pour lui assurer un poids et une autonomie de d\u00e9cision. A ce jour, et malgr\u00e9 l\u2019annonce faite en septembre 2017 par le Premier ministre devant l&rsquo;Assembl\u00e9e populaire nationale, l\u2019ARAV n\u2019a pas \u00e9t\u00e9 dot\u00e9e des moyens n\u00e9cessaires \u00e0 son fonctionnement, la question de son statut et son budget demeurant en suspens\u00bb, pr\u00e9cise la m\u00eame source. Le communiqu\u00e9 ajoute que \u00abl\u2019ARAV ne peut fonctionner normalement que si les Pouvoirs publics concern\u00e9s satisfont \u00e0 leurs obligations en mati\u00e8re de mise en ordre du paysage audiovisuel\u00bb, relevant que \u00abla loi stipule que ce sont ces Pouvoirs publics, et eux seuls, qui ont l\u2019autorit\u00e9 pour lancer les appels \u00e0 candidature, en pr\u00e9cisant le nombre de cha\u00eenes dont le pays souhaite se doter\u00bb. \u00abCe n\u2019est qu\u2019une fois la comp\u00e9tition lanc\u00e9e que l\u2019ARAV prend en charge l\u2019op\u00e9ration de mise en conformit\u00e9 et de validation des documents pr\u00e9sent\u00e9s. Or, \u00e0 ce jour, aucun appel \u00e0 candidature n\u2019a \u00e9t\u00e9 lanc\u00e9\u00bb, souligne l&rsquo;Autorit\u00e9, faisant observer que \u00abce sont principalement ces deux points qui ont emp\u00each\u00e9 l\u2019ARAV de prendre un d\u00e9part s\u00e9rieux dans une activit\u00e9 encadr\u00e9e par la loi\u00bb. Le communiqu\u00e9 de \u00abl&rsquo;ARAV est intervenu apr\u00e8s que le Premier ministre, Ahmed Ouyahia, eut \u00e9voqu\u00e9 dans la version \u00e9crite de la D\u00e9claration de politique g\u00e9n\u00e9rale du gouvernement que cette Autorit\u00e9 est impuissante, n\u2019arrivant pas \u00e0 exercer r\u00e9ellement son mandat\u00bb. \u00abCe diagnostic est pertinent et l\u2019ARAV consid\u00e8re que trente-deux mois apr\u00e8s son installation officielle, le constat est patent : son bilan est tr\u00e8s en-de\u00e7\u00e0 des attentes g\u00e9n\u00e9rales et de ses propres ambitions\u00bb, souligne le communiqu\u00e9 de cette instance. \u00abL\u2019ARAV ne peut, pour autant, que se r\u00e9jouir de l\u2019alerte contenue dans la D\u00e9claration du Premier ministre qui sonne comme une autocritique partag\u00e9e, et r\u00e9pond \u00e0 une volont\u00e9 de prendre en charge en toute l\u00e9galit\u00e9 la mise \u00e0 niveau du paysage audiovisuel national et son int\u00e9gration dans le cadre du dispositif r\u00e9glementaire et l\u00e9gislatif en vigueur\u00bb, conclut le communiqu\u00e9 de l&rsquo;Autorit\u00e9.<\/p>\n<p>Auteur: elmoudjahid<br \/>\n<a href=\"http:\/\/www.elmoudjahid.com\/fr\/actualites\/134208\">Cliquez ici pour lire l&rsquo;article depuis sa source.<\/a><\/p>\n","protected":false},"excerpt":{"rendered":"<p>L&rsquo;Autorit\u00e9 de r\u00e9gulation de l&rsquo;audiovisuel (ARAV) a indiqu\u00e9 dans un communiqu\u00e9 qu&rsquo;elle \u00abn\u2019a pas \u00e9t\u00e9 dot\u00e9e des moyens n\u00e9cessaires \u00e0 son fonctionnement\u00bb, relevant qu&rsquo;elle \u00abne peut fonctionner normalement que si les Pouvoirs publics concern\u00e9s satisfont \u00e0 leurs obligations en mati\u00e8re de mise en ordre du paysage audiovisuel\u00bb. \u00abLe l\u00e9gislateur a voulu faire de l\u2019ARAV une [&hellip;]<\/p>\n","protected":false},"author":1744,"featured_media":0,"comment_status":"closed","ping_status":"closed","sticky":false,"template":"","format":"standard","meta":{"fifu_image_url":"","fifu_image_alt":"","footnotes":""},"categories":[73,53],"tags":[],"class_list":["post-17766","post","type-post","status-publish","format-standard","hentry","category-actualite","category-algerie"],"_links":{"self":[{"href":"https:\/\/linitiative.ca\/International\/wp-json\/wp\/v2\/posts\/17766","targetHints":{"allow":["GET"]}}],"collection":[{"href":"https:\/\/linitiative.ca\/International\/wp-json\/wp\/v2\/posts"}],"about":[{"href":"https:\/\/linitiative.ca\/International\/wp-json\/wp\/v2\/types\/post"}],"author":[{"embeddable":true,"href":"https:\/\/linitiative.ca\/International\/wp-json\/wp\/v2\/users\/1744"}],"replies":[{"embeddable":true,"href":"https:\/\/linitiative.ca\/International\/wp-json\/wp\/v2\/comments?post=17766"}],"version-history":[{"count":0,"href":"https:\/\/linitiative.ca\/International\/wp-json\/wp\/v2\/posts\/17766\/revisions"}],"wp:attachment":[{"href":"https:\/\/linitiative.ca\/International\/wp-json\/wp\/v2\/media?parent=17766"}],"wp:term":[{"taxonomy":"category","embeddable":true,"href":"https:\/\/linitiative.ca\/International\/wp-json\/wp\/v2\/categories?post=17766"},{"taxonomy":"post_tag","embeddable":true,"href":"https:\/\/linitiative.ca\/International\/wp-json\/wp\/v2\/tags?post=17766"}],"curies":[{"name":"wp","href":"https:\/\/api.w.org\/{rel}","templated":true}]}}