{"id":17767,"date":"2019-02-26T15:20:24","date_gmt":"2019-02-26T20:20:24","guid":{"rendered":"https:\/\/linitiative.ca\/International\/combler-les-insuffisances\/"},"modified":"2019-02-26T15:20:24","modified_gmt":"2019-02-26T20:20:24","slug":"combler-les-insuffisances","status":"publish","type":"post","link":"https:\/\/linitiative.ca\/International\/combler-les-insuffisances\/","title":{"rendered":"Combler  les insuffisances"},"content":{"rendered":"<p>A l\u2019APN, o\u00f9 s\u2019est poursuivi dans l\u2019apr\u00e8s- midi d\u2019hier le d\u00e9bat sur la D\u00e9claration de politique g\u00e9n\u00e9rale du gouvernement, des d\u00e9put\u00e9s ont salu\u00e9 les r\u00e9alisations consacr\u00e9es dans divers domaines dans le cadre de la mise en \u0153uvre des programmes successifs du pr\u00e9sident de la R\u00e9publique. Toutefois, ils n\u2019ont pas manqu\u00e9 de mettre l\u2019accent sur les insuffisances qu\u2019il faudrait combler immanquablement.<br \/>Les parlementaires ont, en effet, soutenu qu\u2019eu \u00e9gard aux efforts colossaux fournis par l\u2019Etat dans divers domaines, les r\u00e9sultats devaient nettement \u00eatre meilleurs que ceux obtenus.<br \/>\u00abNotre \u00e9conomie demeure fragile et sa d\u00e9pendance aux hydrocarbures demeure toujours\u00bb, indique le d\u00e9put\u00e9 Sma\u00efl Mimoun du MSP. Il consid\u00e8re \u00e9galement qu\u2019en d\u00e9pit d\u2019une forte volont\u00e9 politique des pouvoirs publics pour r\u00e9soudre le ch\u00f4mage, cette probl\u00e9matique demeure pos\u00e9e et ce, en raison notamment, dit-il, de l\u2019absence de l\u2019esprit d\u2019entrepreneuriat.<br \/>Tout en se f\u00e9licitant de la r\u00e9ception de plusieurs infrastructures dans plusieurs secteurs, il d\u00e9plore le fait que certaines d\u2019entre elles, quoique disposant d\u2019un \u00e9quipement ultramoderne, ne sont toujours pas op\u00e9rationnelles. Il citera \u00e0 titre d\u2019exemple l\u2019infrastructure de sant\u00e9 publique de la localit\u00e9 de Magra, \u00e0 M\u2019sila, o\u00f9, selon lui, \u00abdeux blocs de chirurgie demeurent ferm\u00e9s\u00bb.<br \/>\u00abLa faille r\u00e9side au niveau local\u00bb, estime, pour sa part, la d\u00e9put\u00e9e Fatiha Mousli, du RND. Saluant les efforts consentis par le gouvernement pour am\u00e9liorer le v\u00e9cu du citoyen \u00e0 tous les niveaux, et dont l\u2019action est supervis\u00e9e par des sorties r\u00e9p\u00e9t\u00e9es des ministres, elle consid\u00e8re que les populations relevant notamment des communes isol\u00e9es ne profitent pas assez des progr\u00e8s obtenus en l\u2019absence d\u2019une bonne gestion locale.<br \/>Pour sa part, le d\u00e9put\u00e9 Benyoucef Ouazani, du parti TAJ, a plaid\u00e9 pour le recours \u00e0 une d\u00e9marche prospective rationnelle \u00e0 faire valoir surtout en mati\u00e8re de gestion \u00e9conomique, tout en mettant l\u2019accent sur la n\u00e9cessit\u00e9 de bannir d\u00e9finitivement les pratiques bureaucratiques et ne m\u00e9nager aucun effort pour r\u00e9tablir la confiance des citoyens vis-\u00e0-vis des institutions publiques.<br \/>\u00a0\u00a0 \u00a0K. Aoudia<br \/>\u00a0<\/p>\n<p>Auteur: elmoudjahid<br \/>\n<a href=\"http:\/\/www.elmoudjahid.com\/fr\/actualites\/134209\">Cliquez ici pour lire l&rsquo;article depuis sa source.<\/a><\/p>\n","protected":false},"excerpt":{"rendered":"<p>A l\u2019APN, o\u00f9 s\u2019est poursuivi dans l\u2019apr\u00e8s- midi d\u2019hier le d\u00e9bat sur la D\u00e9claration de politique g\u00e9n\u00e9rale du gouvernement, des d\u00e9put\u00e9s ont salu\u00e9 les r\u00e9alisations consacr\u00e9es dans divers domaines dans le cadre de la mise en \u0153uvre des programmes successifs du pr\u00e9sident de la R\u00e9publique. Toutefois, ils n\u2019ont pas manqu\u00e9 de mettre l\u2019accent sur les [&hellip;]<\/p>\n","protected":false},"author":1744,"featured_media":0,"comment_status":"closed","ping_status":"closed","sticky":false,"template":"","format":"standard","meta":{"fifu_image_url":"","fifu_image_alt":"","footnotes":""},"categories":[73,53],"tags":[],"class_list":["post-17767","post","type-post","status-publish","format-standard","hentry","category-actualite","category-algerie"],"_links":{"self":[{"href":"https:\/\/linitiative.ca\/International\/wp-json\/wp\/v2\/posts\/17767","targetHints":{"allow":["GET"]}}],"collection":[{"href":"https:\/\/linitiative.ca\/International\/wp-json\/wp\/v2\/posts"}],"about":[{"href":"https:\/\/linitiative.ca\/International\/wp-json\/wp\/v2\/types\/post"}],"author":[{"embeddable":true,"href":"https:\/\/linitiative.ca\/International\/wp-json\/wp\/v2\/users\/1744"}],"replies":[{"embeddable":true,"href":"https:\/\/linitiative.ca\/International\/wp-json\/wp\/v2\/comments?post=17767"}],"version-history":[{"count":0,"href":"https:\/\/linitiative.ca\/International\/wp-json\/wp\/v2\/posts\/17767\/revisions"}],"wp:attachment":[{"href":"https:\/\/linitiative.ca\/International\/wp-json\/wp\/v2\/media?parent=17767"}],"wp:term":[{"taxonomy":"category","embeddable":true,"href":"https:\/\/linitiative.ca\/International\/wp-json\/wp\/v2\/categories?post=17767"},{"taxonomy":"post_tag","embeddable":true,"href":"https:\/\/linitiative.ca\/International\/wp-json\/wp\/v2\/tags?post=17767"}],"curies":[{"name":"wp","href":"https:\/\/api.w.org\/{rel}","templated":true}]}}