{"id":17771,"date":"2019-02-26T15:39:00","date_gmt":"2019-02-26T20:39:00","guid":{"rendered":"https:\/\/linitiative.ca\/International\/au-terme-dune-importante-visite-a-alger-le-ministre-de-linterieur-hichem-fourati-recu-par-le-premier-ministre-ahmed-ouyahia-photos\/"},"modified":"2019-02-26T15:39:00","modified_gmt":"2019-02-26T20:39:00","slug":"au-terme-dune-importante-visite-a-alger-le-ministre-de-linterieur-hichem-fourati-recu-par-le-premier-ministre-ahmed-ouyahia-photos","status":"publish","type":"post","link":"https:\/\/linitiative.ca\/International\/au-terme-dune-importante-visite-a-alger-le-ministre-de-linterieur-hichem-fourati-recu-par-le-premier-ministre-ahmed-ouyahia-photos\/","title":{"rendered":"Au terme d\u2019une importante visite \u00e0 Alger, le ministre de l\u2019Int\u00e9rieur Hichem Fourati re\u00e7u par le Premier ministre Ahmed Ouyahia (Photos)"},"content":{"rendered":"<p><strong>Deux jours durant, depuis lundi 24 f\u00e9vrier 2019, le ministre de l\u2019Int\u00e9rieur Hichem Fourati a effectu\u00e9 \u00e0 la t\u00eate d\u2019une d\u00e9l\u00e9gation de hauts cadres de son d\u00e9partement, une visite en Alg\u00e9rie, qualifi\u00e9e d\u2019importante. Audience avec le Premier ministre, Ahmed Ouyahia, entretiens avec son homologue, Noureddine Bedoui, ministre de l&rsquo;Int\u00e9rieur, des Collectivit\u00e9s locales et de l&rsquo;Am\u00e9nagement du territoire, et visite au Centre de commandement et de contr\u00f4le (CCC), relevant de la Direction g\u00e9n\u00e9rale de la S\u00fbret\u00e9 nationale (DGSN) ont \u00e9t\u00e9 au programme. La visite a \u00e9t\u00e9 \u00e9galement marqu\u00e9e par la signature d\u2019un accord de coop\u00e9ration entre la Garde nationale tunisienne et son homologue alg\u00e9rienne. Retour sur cette visite.<\/strong><\/p>\n<p>Le Premier ministre, Ahmed Ouyahia, a re\u00e7u mardi 25 f\u00e9vrier \u00e0 Alger, le ministre tunisien de l&rsquo;Int\u00e9rieur, Hichem Fourati, qui effectue une visite de travail en Alg\u00e9rie \u00e0 l&rsquo;invitation de son homologue alg\u00e9rien, indique un communiqu\u00e9 des services du Premier ministre, cit\u00e9 par l\u2019Agence de presse alg\u00e9rienne APS. L&rsquo;audience s&rsquo;est d\u00e9roul\u00e9e en pr\u00e9sence du ministre de l&rsquo;Int\u00e9rieur, des Collectivit\u00e9s locales et de l&rsquo;Am\u00e9nagement du territoire, Noureddine Bedoui, pr\u00e9cise la m\u00eame source.<\/p>\n<p>MM. Fourati et Bedoui ont eu lundi un entretien au cours duquel ils ont \u00e9voqu\u00e9 la coordination op\u00e9rationnelle dans le domaine s\u00e9curitaire entre les deux pays. A cette occasion, l&rsquo;accent a \u00e9t\u00e9 mis sur la n\u00e9cessit\u00e9 d&rsquo;oeuvrer ensemble pour le d\u00e9veloppement et la s\u00e9curisation des r\u00e9gions frontali\u00e8res dans le cadre des orientations donn\u00e9es en ce sens par les chefs d&rsquo;Etat des deux pays. Le ministre tunisien de l&rsquo;Int\u00e9rieur, Hichem Fourati s&rsquo;est rendu, lundi, au Centre de commandement et de contr\u00f4le (CCC), relevant de la Direction g\u00e9n\u00e9rale de la S\u00fbret\u00e9 nationale (DGSN).<\/p>\n<p>Lors de cette visite, le ministre tunisien de l&rsquo;Int\u00e9rieur a re\u00e7u, en pr\u00e9sence du Directeur g\u00e9n\u00e9ral de la S\u00fbret\u00e9 nationale, Abdelkader Kara Bouhadba, des explications d\u00e9taill\u00e9es sur les missions du centre en mati\u00e8re de protection des personnes et des biens, de gestion des \u00e9v\u00e8nements et d\u00e9sastres naturels, outre la lutte contre la criminalit\u00e9. M. Fourati s&rsquo;est \u00e9galement enqu\u00eet des syst\u00e8mes intelligents et des \u00e9quipements modernes utilis\u00e9s par le CCC, notamment en ce qui a trait \u00e0 la transmission instantan\u00e9e des flux des vid\u00e9os.<\/p>\n<p>Le ministre de l&rsquo;Int\u00e9rieur, des Collectivit\u00e9s locales et de l&rsquo;Am\u00e9nagement du territoire, Noureddine Bedoui a affirm\u00e9, lundi, que l&rsquo;Alg\u00e9rie et la Tunisie \u00e9taient unies par de grands d\u00e9fis \u00e0 l&rsquo;ombre des menaces r\u00e9gionales qui planent sur la r\u00e9gion.<\/p>\n<p>Recevant en audience son homologue tunisien, Hichem Fourati, le ministre de l&rsquo;Int\u00e9rieur a affirm\u00e9 que \u00ab\u00a0les d\u00e9fis qui nous unissent avec la Tunisie, pays fr\u00e8re, sont des d\u00e9fis majeurs \u00e0 l&rsquo;ombre des menaces qui guettent notre r\u00e9gion li\u00e9es essentiellement au terrorisme et au crime organis\u00e9\u00a0\u00bb.<\/p>\n<p>Face \u00e0 ces d\u00e9fis, pr\u00e9cise M. Bedoui, les deux pays sont appel\u00e9s \u00e0 \u0153uvrer de concert et en coordination et d&rsquo;unir leurs capacit\u00e9s pour faire face au ph\u00e9nom\u00e8ne du terrorisme, notamment \u00ab\u00a0apr\u00e8s le retour, ces derniers mois, des terroristes d&rsquo;autres r\u00e9gions\u00a0\u00bb.<\/p>\n<p>Ces donn\u00e9es imposent aux deux parties une \u00ab\u00a0coordination op\u00e9rationnelle avec les diff\u00e9rents services de s\u00e9curit\u00e9\u00a0\u00bb, a soulign\u00e9 le ministre, relevant que la rencontre a permis d&rsquo;\u00e9valuer les conclusions de la premi\u00e8re rencontre entre les walis des wilayas frontali\u00e8res des deux pays, mars dernier.<\/p>\n<p>A cette occasion, le ministre a rappel\u00e9 que la rencontre des walis s&rsquo;inscrit dans le cadre de la \u00ab\u00a0relance et le d\u00e9veloppement des r\u00e9gions frontali\u00e8res et la concr\u00e9tisation des ambitions dans les diff\u00e9rents aspects de d\u00e9veloppement au niveau de la bande frontali\u00e8re\u00a0\u00bb, et ce, ajoute-t-il, dans le cadre des \u00ab\u00a0orientations des pr\u00e9sidents des deux pays que nous veillons, en tant que ministres de l&rsquo;Int\u00e9rieur, \u00e0 concr\u00e9tiser pour la paix, la stabilit\u00e9, la qui\u00e9tude et le d\u00e9veloppement des deux pays\u00a0\u00bb.<\/p>\n<p>Il a fait \u00e9tat, dans ce cadre, d&rsquo;autres rencontres avec le ministre tunisien de l&rsquo;Int\u00e9rieur, le 3 mars prochain et avant le d\u00e9but d&rsquo;\u00e9t\u00e9.<\/p>\n<p>Pour sa part, M. Fourati a pr\u00e9cis\u00e9 que sa rencontre avec son homologue alg\u00e9rien s&rsquo;inscrit dans le cadre de la concertation entre les deux minist\u00e8res et en r\u00e9ponse \u00e0 l&rsquo;invitation de M. Bedoui.<\/p>\n<p>Il a \u00e9galement indiqu\u00e9 que la rencontre \u00e9tait une occasion pour \u00e9voquer la coop\u00e9ration bilat\u00e9rale entre les deux minist\u00e8res notamment dans le domaine s\u00e9curitaire.<\/p>\n<p>Dans ce cadre, le ministre tunisien a fait savoir qu&rsquo;une premi\u00e8re r\u00e9union s\u00e9curitaire \u00e9tait pr\u00e9vue d\u00e9but de l&rsquo;\u00e9t\u00e9 prochain \u00e0 Alger ou \u00e0 Tunis, rappelant l&rsquo;accord s\u00e9curitaire commun conclu \u00e0 Tunis le 17 mars 2017.<\/p>\n<p>Outre l&rsquo;accord de coop\u00e9ration sign\u00e9 auparavant avec les services de la protection civile des deux pays, le ministre tunisien a annonc\u00e9 la tenue d&rsquo;une rencontre frontali\u00e8re entre les chefs de ce corps avant la saison estivale en vue d&rsquo;examiner \u00ab\u00a0le th\u00e8me de la pr\u00e9vention contre les incendies et davantage de coordination vu que la Tunisie et l&rsquo;Alg\u00e9rie ont subi durant l&rsquo;ann\u00e9e 2017 plusieurs incendies\u00a0\u00bb.<\/p>\n<p>M. Fourati a \u00e9galement ajout\u00e9 que l&rsquo;action r\u00e9gionale \u00e9tait \u00e9galement \u00e9voqu\u00e9e \u00e0 cette occasion, annon\u00e7ant la tenue, fin 2019, de la deuxi\u00e8me rencontre des walis des wilayas frontali\u00e8res en vue d'\u00a0\u00bb\u00e9valuer les recommandations issues de cette r\u00e9union et tout ce qui a trait \u00e0 la coop\u00e9ration bilat\u00e9rale\u00a0\u00bb.<\/p>\n<p>Les deux parties ont discut\u00e9 de la disponibilit\u00e9 de la Tunisie \u00e0 abriter la tenue du Conseil des ministres arabes de l&rsquo;Int\u00e9rieur et de la Justice, les 3 et 4 mars prochains, a-t-il ajout\u00e9.<\/p>\n<p>En conclusion, le ministre tunisien a remerci\u00e9 l&rsquo;Alg\u00e9rie, \u00e0 sa t\u00eate le pr\u00e9sident Bouteflika, pour la r\u00e9alisation du projet du gaz naturel ayant permis le raccordement de Sakiet Sidi Youssef.<\/p>\n<p><span class=\"c4\"><em>(Source APS)<\/em><\/span><\/p>\n<p>Auteur:<br \/>\n<a href=\"http:\/\/www.leaders.com.tn\/article\/26585-au-terme-d-une-importante-visite-a-alger-le-ministre-de-l-interieur-hichem-fourati-recu-par-le-premier-ministre-ahmed-ouyahia\">Cliquez ici pour lire l&rsquo;article depuis sa source.<\/a><\/p>\n","protected":false},"excerpt":{"rendered":"<p>Deux jours durant, depuis lundi 24 f\u00e9vrier 2019, le ministre de l\u2019Int\u00e9rieur Hichem Fourati a effectu\u00e9 \u00e0 la t\u00eate d\u2019une d\u00e9l\u00e9gation de hauts cadres de son d\u00e9partement, une visite en Alg\u00e9rie, qualifi\u00e9e d\u2019importante. Audience avec le Premier ministre, Ahmed Ouyahia, entretiens avec son homologue, Noureddine Bedoui, ministre de l&rsquo;Int\u00e9rieur, des Collectivit\u00e9s locales et de l&rsquo;Am\u00e9nagement [&hellip;]<\/p>\n","protected":false},"author":1772,"featured_media":0,"comment_status":"closed","ping_status":"closed","sticky":false,"template":"","format":"standard","meta":{"fifu_image_url":"","fifu_image_alt":"","footnotes":""},"categories":[73,55],"tags":[],"class_list":["post-17771","post","type-post","status-publish","format-standard","hentry","category-actualite","category-tunisie"],"_links":{"self":[{"href":"https:\/\/linitiative.ca\/International\/wp-json\/wp\/v2\/posts\/17771","targetHints":{"allow":["GET"]}}],"collection":[{"href":"https:\/\/linitiative.ca\/International\/wp-json\/wp\/v2\/posts"}],"about":[{"href":"https:\/\/linitiative.ca\/International\/wp-json\/wp\/v2\/types\/post"}],"author":[{"embeddable":true,"href":"https:\/\/linitiative.ca\/International\/wp-json\/wp\/v2\/users\/1772"}],"replies":[{"embeddable":true,"href":"https:\/\/linitiative.ca\/International\/wp-json\/wp\/v2\/comments?post=17771"}],"version-history":[{"count":0,"href":"https:\/\/linitiative.ca\/International\/wp-json\/wp\/v2\/posts\/17771\/revisions"}],"wp:attachment":[{"href":"https:\/\/linitiative.ca\/International\/wp-json\/wp\/v2\/media?parent=17771"}],"wp:term":[{"taxonomy":"category","embeddable":true,"href":"https:\/\/linitiative.ca\/International\/wp-json\/wp\/v2\/categories?post=17771"},{"taxonomy":"post_tag","embeddable":true,"href":"https:\/\/linitiative.ca\/International\/wp-json\/wp\/v2\/tags?post=17771"}],"curies":[{"name":"wp","href":"https:\/\/api.w.org\/{rel}","templated":true}]}}