{"id":17786,"date":"2019-02-26T16:36:17","date_gmt":"2019-02-26T21:36:17","guid":{"rendered":"https:\/\/linitiative.ca\/International\/tunisie-objet-de-la-visite-du-ministre-de-linterieur-a-alger\/"},"modified":"2019-02-26T16:36:17","modified_gmt":"2019-02-26T21:36:17","slug":"tunisie-objet-de-la-visite-du-ministre-de-linterieur-a-alger","status":"publish","type":"post","link":"https:\/\/linitiative.ca\/International\/tunisie-objet-de-la-visite-du-ministre-de-linterieur-a-alger\/","title":{"rendered":"Tunisie \u2013 Objet de la visite du ministre de l\u2019int\u00e9rieur \u00e0 Alger"},"content":{"rendered":"<div class=\"post-cont-in left relative\">\n<div class=\"nc_socialPanel swp_flatFresh swp_d_fullColor swp_i_fullColor swp_o_fullColor scale-100 scale-fullWidth\" data-position=\"none\" data-float=\"floatNone\" data-count=\"5\" data-floatcolor=\"#ffffff\" data-emphasize=\"0\">\n<div class=\"nc_tweetContainer totes totesalt\" data-id=\"6\"><span class=\"swp_count\"><span class=\"swp_label\">Partages<\/span> 5<\/span><\/div>\n<\/div>\n<p>Le ministre tunisien de l\u2019int\u00e9rieur, Hichem Fourati a effectu\u00e9, ce mardi, une visite officielle \u00e0 Alger, en compagnie de hauts cadres s\u00e9curitaires.<\/p>\n<p>Les entretiens entre les ministres des deux pays ont port\u00e9 sur la collaboration dans la lutte contre le terrorisme, de part et d\u2019autre des fronti\u00e8res, avec activation des commissions mixtes s\u00e9curitaires, et des r\u00e9union p\u00e9riodiques des gouverneurs des zones frontali\u00e8res des deux pays, ainsi que le coordination des services de la protection civile des deux pays, dans la lutte contre les feux de for\u00eats dans les montagnes.<\/p>\n<div class=\"code-block code-block-1 c3\"><ins class=\"adsbygoogle c2\" data-ad-layout=\"in-article\" data-ad-format=\"fluid\" data-ad-client=\"ca-pub-2102118777505746\" data-ad-slot=\"7301775417\"\/> <\/div>\n<div class=\"mvp-org-wrap mvp-org-logo\" itemprop=\"publisher\" itemscope=\"\" itemtype=\"https:\/\/schema.org\/Organization\"><img decoding=\"async\" src=\"https:\/\/www.tunisienumerique.com\/wp-content\/uploads\/2017\/02\/logo_tunisie_numerique.png\"\/><\/div>\n<div class=\"nc_socialPanel swp_flatFresh swp_d_fullColor swp_i_fullColor swp_o_fullColor scale-100 scale-fullWidth\" data-position=\"none\" data-float=\"floatNone\" data-count=\"5\" data-floatcolor=\"#ffffff\" data-emphasize=\"0\">\n<div class=\"nc_tweetContainer totes totesalt\" data-id=\"6\"><span class=\"swp_count\"><span class=\"swp_label\">Partages<\/span> 5<\/span><\/div>\n<\/div>\n<div class=\"mvp-related-posts left relative\">\n<h4 class=\"post-header\"><span class=\"post-header\">Lire aussi<\/span><\/h4>\n<\/div>\n<\/div>\n<p>Auteur: LM<br \/>\n<a href=\"https:\/\/www.tunisienumerique.com\/tunisie-objet-de-la-visite-du-ministre-de-linterieur-a-alger\/\">Cliquez ici pour lire l&rsquo;article depuis sa source.<\/a><\/p>\n","protected":false},"excerpt":{"rendered":"<p>Partages 5 Le ministre tunisien de l\u2019int\u00e9rieur, Hichem Fourati a effectu\u00e9, ce mardi, une visite officielle \u00e0 Alger, en compagnie de hauts cadres s\u00e9curitaires. Les entretiens entre les ministres des deux pays ont port\u00e9 sur la collaboration dans la lutte contre le terrorisme, de part et d\u2019autre des fronti\u00e8res, avec activation des commissions mixtes s\u00e9curitaires, [&hellip;]<\/p>\n","protected":false},"author":1789,"featured_media":17787,"comment_status":"closed","ping_status":"closed","sticky":false,"template":"","format":"standard","meta":{"fifu_image_url":"","fifu_image_alt":"","footnotes":""},"categories":[73,55],"tags":[],"class_list":["post-17786","post","type-post","status-publish","format-standard","has-post-thumbnail","hentry","category-actualite","category-tunisie"],"_links":{"self":[{"href":"https:\/\/linitiative.ca\/International\/wp-json\/wp\/v2\/posts\/17786","targetHints":{"allow":["GET"]}}],"collection":[{"href":"https:\/\/linitiative.ca\/International\/wp-json\/wp\/v2\/posts"}],"about":[{"href":"https:\/\/linitiative.ca\/International\/wp-json\/wp\/v2\/types\/post"}],"author":[{"embeddable":true,"href":"https:\/\/linitiative.ca\/International\/wp-json\/wp\/v2\/users\/1789"}],"replies":[{"embeddable":true,"href":"https:\/\/linitiative.ca\/International\/wp-json\/wp\/v2\/comments?post=17786"}],"version-history":[{"count":0,"href":"https:\/\/linitiative.ca\/International\/wp-json\/wp\/v2\/posts\/17786\/revisions"}],"wp:featuredmedia":[{"embeddable":true,"href":"https:\/\/linitiative.ca\/International\/wp-json\/"}],"wp:attachment":[{"href":"https:\/\/linitiative.ca\/International\/wp-json\/wp\/v2\/media?parent=17786"}],"wp:term":[{"taxonomy":"category","embeddable":true,"href":"https:\/\/linitiative.ca\/International\/wp-json\/wp\/v2\/categories?post=17786"},{"taxonomy":"post_tag","embeddable":true,"href":"https:\/\/linitiative.ca\/International\/wp-json\/wp\/v2\/tags?post=17786"}],"curies":[{"name":"wp","href":"https:\/\/api.w.org\/{rel}","templated":true}]}}