{"id":17796,"date":"2019-02-26T17:11:34","date_gmt":"2019-02-26T22:11:34","guid":{"rendered":"https:\/\/linitiative.ca\/International\/incendie-a-diacfa-librairie-deux-blesses-dimportants-degats\/"},"modified":"2019-02-26T17:11:34","modified_gmt":"2019-02-26T22:11:34","slug":"incendie-a-diacfa-librairie-deux-blesses-dimportants-degats","status":"publish","type":"post","link":"https:\/\/linitiative.ca\/International\/incendie-a-diacfa-librairie-deux-blesses-dimportants-degats\/","title":{"rendered":"Incendie \u00e0 DIACFA librairie  : deux bless\u00e9s, d\u2019importants d\u00e9g\u00e2ts"},"content":{"rendered":"<div class=\"td-post-featured-image\"><a href=\"https:\/\/i0.wp.com\/www.sidwaya.info\/wp-content\/uploads\/2019\/02\/1-38.jpg?fit=620%2C465&#038;ssl=1\" data-caption=\"\"><img loading=\"lazy\" decoding=\"async\" width=\"620\" height=\"465\" class=\"entry-thumb td-modal-image\" src=\"https:\/\/i0.wp.com\/www.sidwaya.info\/wp-content\/uploads\/2019\/02\/1-38.jpg?resize=620%2C465&#038;ssl=1\" srcset=\"https:\/\/i0.wp.com\/www.sidwaya.info\/wp-content\/uploads\/2019\/02\/1-38.jpg?w=620&#038;ssl=1 620w, https:\/\/i0.wp.com\/www.sidwaya.info\/wp-content\/uploads\/2019\/02\/1-38.jpg?resize=300%2C225&#038;ssl=1 300w, https:\/\/i0.wp.com\/www.sidwaya.info\/wp-content\/uploads\/2019\/02\/1-38.jpg?resize=80%2C60&#038;ssl=1 80w, https:\/\/i0.wp.com\/www.sidwaya.info\/wp-content\/uploads\/2019\/02\/1-38.jpg?resize=265%2C198&#038;ssl=1 265w, https:\/\/i0.wp.com\/www.sidwaya.info\/wp-content\/uploads\/2019\/02\/1-38.jpg?resize=560%2C420&#038;ssl=1 560w\" sizes=\"auto, (max-width: 620px) 100vw, 620px\" alt=\"\" title=\"1\"\/><\/a><\/div>\n<div class=\"td-a-rec td-a-rec-id-content_top td_uid_24_5c75c13aee4d3_rand td_block_template_1\"><img loading=\"lazy\" decoding=\"async\" class=\"aligncenter size-full wp-image-4463\" src=\"https:\/\/www.sidwaya.info\/wp-content\/uploads\/2019\/02\/FESPACO-TOUR-2019-Bannie%CC%80re-728x90-1.jpg\" alt=\"\" width=\"728\" height=\"90\"\/><\/div>\n<p><strong>Le magasin de la librairie DIACFA, situ\u00e9 c\u00f4t\u00e9 Sud du grand march\u00e9 de Ouagadougou, a pris feu le mardi 26 f\u00e9vrier 2019 aux environs de 9 heures 30 minutes. Le bilan provisoire fait \u00e9tait de deux bless\u00e9s l\u00e9gers et d\u2019importants d\u00e9g\u00e2ts mat\u00e9riels.<\/strong><\/p>\n<p>La librairie DIACFA, situ\u00e9e c\u00f4t\u00e9 Sud du grand march\u00e9 de Ouagadougou, a subi une grande perte. En effet, aux environs de 9 heures 30 minutes, le magasin de cette librairie, l\u2019une des plus grandes de la capitale burkinab\u00e8, a pris feu. Le bilan provisoire fait \u00e9tat de deux bless\u00e9s l\u00e9gers, le magasinier Edgar Bella et l\u2019aide-magasinier, Alaric Zour\u00e9, tous \u00e9vacu\u00e9s \u00e0 l\u2019h\u00f4pital et d\u2019importants d\u00e9g\u00e2ts mat\u00e9riels. Le contenu du rez-de-chauss\u00e9e est pratiquement r\u00e9duit en cendre. Y \u00e9taient stock\u00e9s des livres, des rames de papier, divers articles scolaires, a fait savoir le directeur g\u00e9n\u00e9ral de DIACFA librairie, Joseph Fadoul. A la question de savoir combien se chiffraient les marchandises parties en flammes, il dit ne pas avoir la t\u00eate \u00e0 cette \u00e9valuation des pertes mat\u00e9rielles.<\/p>\n<p>\u00abPour moi, l\u2019important c\u2019est d\u2019\u00e9teindre le feu et souhaiter qu\u2019il n\u2019y ait pas de victimes. Le mat\u00e9riel est secondaire par rapport \u00e0 la priorit\u00e9 d\u2019\u00e9teindre le feu et de s\u00e9curiser les lieux\u00bb, a-t-il soutenu.<br \/>S\u2019agissant de l\u2019origine de l\u2019incendie, M. Fadoul dit l\u2019ignorer. Sauf que le premier \u00e0 constater le feu, le magasinier, a cri\u00e9 \u00abmasse, masse, masse\u00bb, a-t-il confi\u00e9. Et d\u2019ajouter que l\u2019expertise de la police scientifique, pr\u00e9sente sur les lieux, permettra de d\u00e9terminer avec exactitude ce qui s\u2019est pass\u00e9.<\/p>\n<p>Arriv\u00e9s sur le site de l\u2019incendie autour de 9 heures 50 minutes, les soldats du feu ont mis 4 heures pour venir \u00e0 bout des flammes. Apr\u00e8s une trentaine de minutes d\u2019op\u00e9ration, les sapeurs-pompiers \u00e9taient \u00e0 cours d\u2019eau. 5 minutes plus tard, un troisi\u00e8me engin arrive en renfort, suivi d\u2019un quatri\u00e8me. Les flammes sont toujours vives. Les soldats du feu de l\u2019a\u00e9roport international de Ouagadougou et de la SONABY sont appel\u00e9s \u00e0 la rescousse. Selon le commandant de la Brigade nationale de sapeurs-pompiers, le colonel Ernest Kisbedo, l\u2019op\u00e9ration d\u2019extinction de l\u2019incendie \u00e9tait compliqu\u00e9e pour deux principales raisons.<\/p>\n<p>\u00abIl n\u2019y a pas d\u2019acc\u00e8s pour pouvoir s\u2019approcher au plus pr\u00e8s du feu pour l\u2019\u00e9teindre. Deuxi\u00e8mement, il y a la mati\u00e8re qui br\u00fble. Ce sont des papiers, des livres mais aussi de l\u2019encre d\u2019imprimantes et de photocopieurs. L\u2019encre est comme de l\u2019hydrocarbure \u00bb, a-t-il expliqu\u00e9. Pour lui, les flammes engendr\u00e9es par l\u2019encre sont comme un feu d\u2019hydrocarbure et ne peuvent pas \u00eatre \u00e9teintes par l\u2019eau simple ; il faut donc des mixeurs. Les pompiers ont d\u00fb percer le mur de l\u2019immeuble \u00e0 plusieurs endroits pour ma\u00eetriser le feu. Pour le patron de la librairie, les probl\u00e8mes d\u2019acc\u00e8s sont li\u00e9s \u00e0 la proximit\u00e9 du magasin avec le march\u00e9 central. \u00abComme on est au bord du march\u00e9, l\u2019acc\u00e8s est un peu difficile. Il n\u2019y a pas de probl\u00e8me d\u2019entreposage, il y a un principal acc\u00e8s. L\u2019acc\u00e8s \u00e0 l\u2019int\u00e9rieur \u00e9tait difficile du fait que les flammes \u00e9taient assez fortes\u00bb, a soulign\u00e9 Joseph Fadoul. Il a, par ailleurs, t\u00e9moign\u00e9 sa gratitude aux soldats du feu pour le travail abattu.<\/p>\n<p>\u00abLes sapeurs-pompiers \u00e9taient pr\u00e9sents rapidement pour \u00e9teindre le feu. Ils ont \u00e9t\u00e9 \u00e0 la hauteur de la t\u00e2che comme on le dit. C\u2019est s\u00fbr que tout n\u2019\u00e9tait pas facile pour eux \u00bb, a-t-il reconnu.<\/p>\n<p>Le patron de la BNSP s\u2019est \u00e9galement dit satisfait de l\u2019action des diff\u00e9rentes unit\u00e9s qui a permis de venir \u00e0 bout de l\u2019incendie. \u00abNous saluons la collaboration entre les sapeurs-pompiers de l\u2019a\u00e9roport, de la brigade nationale et de la SONABHY, qui nous sont venu en aide avec des mixeurs pour pouvoir \u00e9teindre ce genre de feu\u00bb, s\u2019est-il r\u00e9joui. Le maire de Ouagadougou, Armand B\u00e9ouind\u00e9, son premier adjoint, le directeur g\u00e9n\u00e9ral de la Chambre de commerce, le PCA de Sidwaya, Victorien Aimar Sawadogo et le directeur g\u00e9n\u00e9ral des Editions Sidwaya, Mahamadi Ti\u00e9gna, ont apport\u00e9 leur soutien aux responsables de DIACFA.<\/p>\n<p class=\"c1\"><strong>Mahamadi SEBOGO<\/strong><\/p>\n<div class=\"td-a-rec td-a-rec-id-content_bottom td_uid_25_5c75c13aee61c_rand td_block_template_1\"><img loading=\"lazy\" decoding=\"async\" class=\"alignright size-full wp-image-1724\" src=\"https:\/\/www.sidwaya.info\/wp-content\/uploads\/2018\/12\/sidwaya-pub.jpg\" alt=\"\" width=\"720\" height=\"90\"\/><\/div>\n<p>Auteur: DD. Sidwaya<br \/>\n<a href=\"https:\/\/www.sidwaya.info\/blog\/2019\/02\/26\/incendie-a-diacfa-librairie-deux-blesses-dimportants-degats\/\">Cliquez ici pour lire l&rsquo;article depuis sa source.<\/a><\/p>\n","protected":false},"excerpt":{"rendered":"<p>Le magasin de la librairie DIACFA, situ\u00e9 c\u00f4t\u00e9 Sud du grand march\u00e9 de Ouagadougou, a pris feu le mardi 26 f\u00e9vrier 2019 aux environs de 9 heures 30 minutes. Le bilan provisoire fait \u00e9tait de deux bless\u00e9s l\u00e9gers et d\u2019importants d\u00e9g\u00e2ts mat\u00e9riels. La librairie DIACFA, situ\u00e9e c\u00f4t\u00e9 Sud du grand march\u00e9 de Ouagadougou, a subi [&hellip;]<\/p>\n","protected":false},"author":1816,"featured_media":0,"comment_status":"closed","ping_status":"closed","sticky":false,"template":"","format":"standard","meta":{"fifu_image_url":"","fifu_image_alt":"","footnotes":""},"categories":[73,81],"tags":[],"class_list":["post-17796","post","type-post","status-publish","format-standard","hentry","category-actualite","category-burkina-faso"],"_links":{"self":[{"href":"https:\/\/linitiative.ca\/International\/wp-json\/wp\/v2\/posts\/17796","targetHints":{"allow":["GET"]}}],"collection":[{"href":"https:\/\/linitiative.ca\/International\/wp-json\/wp\/v2\/posts"}],"about":[{"href":"https:\/\/linitiative.ca\/International\/wp-json\/wp\/v2\/types\/post"}],"author":[{"embeddable":true,"href":"https:\/\/linitiative.ca\/International\/wp-json\/wp\/v2\/users\/1816"}],"replies":[{"embeddable":true,"href":"https:\/\/linitiative.ca\/International\/wp-json\/wp\/v2\/comments?post=17796"}],"version-history":[{"count":0,"href":"https:\/\/linitiative.ca\/International\/wp-json\/wp\/v2\/posts\/17796\/revisions"}],"wp:attachment":[{"href":"https:\/\/linitiative.ca\/International\/wp-json\/wp\/v2\/media?parent=17796"}],"wp:term":[{"taxonomy":"category","embeddable":true,"href":"https:\/\/linitiative.ca\/International\/wp-json\/wp\/v2\/categories?post=17796"},{"taxonomy":"post_tag","embeddable":true,"href":"https:\/\/linitiative.ca\/International\/wp-json\/wp\/v2\/tags?post=17796"}],"curies":[{"name":"wp","href":"https:\/\/api.w.org\/{rel}","templated":true}]}}