{"id":17806,"date":"2019-02-26T13:50:04","date_gmt":"2019-02-26T18:50:04","guid":{"rendered":"https:\/\/linitiative.ca\/International\/cinema-le-directeur-dorange-content-tres-optimiste-sur-les-nouveaux-talents-africains\/"},"modified":"2019-02-26T13:50:04","modified_gmt":"2019-02-26T18:50:04","slug":"cinema-le-directeur-dorange-content-tres-optimiste-sur-les-nouveaux-talents-africains","status":"publish","type":"post","link":"https:\/\/linitiative.ca\/International\/cinema-le-directeur-dorange-content-tres-optimiste-sur-les-nouveaux-talents-africains\/","title":{"rendered":"Cin\u00e9ma: le directeur d\u2019Orange Content \u00ab\u00a0tr\u00e8s optimiste\u00a0\u00bb sur \u00ab\u00a0les nouveaux talents\u00a0\u00bb africains"},"content":{"rendered":"<div readability=\"32\">\n<p>Publi\u00e9 le 26.02.2019 \u00e0 19h50 par AFP<\/p>\n<\/div>\n<div readability=\"103\">\n<p>Pr\u00e9sent au 19e March\u00e9 international du cin\u00e9ma et de la t\u00e9l\u00e9vision africains (Mica) \u00e0 Ouagadougou, le directeur d\u2019Orange Content et Orange Studio, David Kessler, se dit \u00ab\u00a0tr\u00e8s optimiste sur l\u2019\u00e9mergence de nouveaux talents\u00a0\u00bb dans le cin\u00e9ma africain.<\/p>\n<p>Le Mica se tient en parall\u00e8le du Festival panafricain du cin\u00e9ma et de la t\u00e9l\u00e9vision de Ouagadougou (Fespaco).<\/p>\n<p>Orange Studio a coproduit cinq films en comp\u00e9tition au Fespaco, \u00ab\u00a0Desrances\u00a0\u00bb, \u00ab\u00a0Rafiki\u00a0\u00bb, \u00ab\u00a0R\u00e9solution\u00a0\u00bb, ainsi que \u00ab\u00a0Le bonnet de Modibo\u00a0\u00bb et Maki\u2019la (en section Panorama) et deux s\u00e9ries (\u00ab\u00a0Femmes au foyer\u00a0\u00bb et \u00ab\u00a0Le tr\u00f4ne\u00a0\u00bb).<\/p>\n<p>Question : Le cin\u00e9ma africain semble perp\u00e9tuellement en crise ?<\/p>\n<p>David Kessler : \u00ab\u00a0Cela fait longtemps qu\u2019on dit que le cin\u00e9ma africain va mal. Il est vrai que dans les pays d\u2019Afrique francophone, il y a tr\u00e8s peu de moyens.<\/p>\n<p>Contrairement \u00e0 l\u2019Afrique anglophone, le cin\u00e9ma en Afrique francophone s\u2019est construit sur le mod\u00e8le fran\u00e7ais, s\u2019appuyant beaucoup sur les subventions publiques, qui font aujourd\u2019hui d\u00e9faut. Il n\u2019y a pas assez de relais priv\u00e9s, pas assez d\u2019investisseurs.\u00a0\u00bb<\/p>\n<p>Question : Y a-t-il quand m\u00eame des \u00e9volutions positives ?<\/p>\n<p>D.K. : Oui, ce qui me frappe, c\u2019est qu\u2019il y a en Afrique beaucoup de talents, un vrai renouvellement des g\u00e9n\u00e9rations. Je vois des nouveaux com\u00e9diens, beaucoup de projets de jeunes cin\u00e9astes pour le cin\u00e9ma ou des s\u00e9ries TV.<\/p>\n<p><ins data-revive-zoneid=\"9\" data-revive-id=\"10111e19d28d19d031742ee3b0b33eb0\"\/> <\/p>\n<p>Il y a encore un besoin de formation, notamment pour les com\u00e9diens. Dans les m\u00e9tiers techniques, on trouve des gens bien form\u00e9s, et les r\u00e9alisateurs sont aujourd\u2019hui de vrais pros. Je suis tr\u00e8s optimiste sur l\u2019\u00e9mergence de nouveaux talents.\u00a0\u00bb<\/p>\n<p>Question : Y a-t-il un march\u00e9 pour les productions africaines ?<\/p>\n<p>D. K. : \u00ab\u00a0Absolument, il y a un fort app\u00e9tit pour les contenus locaux. Le public demande des films ou des s\u00e9ries faites localement et qui parlent de la vie locale, en S\u00e9n\u00e9gal ou en C\u00f4te d\u2019Ivoire par exemple. De telles productions peuvent tr\u00e8s bien marcher.<\/p>\n<p>Les modes de diffusion \u00e9voluent. L\u2019Afrique manque toujours de salles de cin\u00e9ma, mais il y a la t\u00e9l\u00e9vision, et des plateformes de VOD (vid\u00e9o \u00e0 la demande) se mettent en place.<\/p>\n<p>Evidemment les pays d\u2019Afrique francophone ne b\u00e9n\u00e9ficient pas d\u2019un march\u00e9 aussi grand que le Nigeria, avec ses 200 millions d\u2019habitants, qui a d\u00e9velopp\u00e9 une v\u00e9ritable industrie du cin\u00e9ma.<\/p>\n<p>Mais il faut investir pour l\u2019avenir dans le cin\u00e9ma qui parle de l\u2019Afrique contemporaine, m\u00eame si la rentabilit\u00e9 n\u2019est pas imm\u00e9diate.<\/p>\n<p>Propos recueillis par David ESNAULT<\/p>\n<\/div>\n<p>Auteur: AFP<br \/>\n<a href=\"https:\/\/www.journalducameroun.com\/cinema-le-directeur-dorange-content-tres-optimiste-sur-les-nouveaux-talents-africains\/\">Cliquez ici pour lire l&rsquo;article depuis sa source.<\/a><\/p>\n","protected":false},"excerpt":{"rendered":"<p>Publi\u00e9 le 26.02.2019 \u00e0 19h50 par AFP Pr\u00e9sent au 19e March\u00e9 international du cin\u00e9ma et de la t\u00e9l\u00e9vision africains (Mica) \u00e0 Ouagadougou, le directeur d\u2019Orange Content et Orange Studio, David Kessler, se dit \u00ab\u00a0tr\u00e8s optimiste sur l\u2019\u00e9mergence de nouveaux talents\u00a0\u00bb dans le cin\u00e9ma africain. Le Mica se tient en parall\u00e8le du Festival panafricain du cin\u00e9ma [&hellip;]<\/p>\n","protected":false},"author":1965,"featured_media":0,"comment_status":"closed","ping_status":"closed","sticky":false,"template":"","format":"standard","meta":{"fifu_image_url":"","fifu_image_alt":"","footnotes":""},"categories":[73,82],"tags":[],"class_list":["post-17806","post","type-post","status-publish","format-standard","hentry","category-actualite","category-cameroun"],"_links":{"self":[{"href":"https:\/\/linitiative.ca\/International\/wp-json\/wp\/v2\/posts\/17806","targetHints":{"allow":["GET"]}}],"collection":[{"href":"https:\/\/linitiative.ca\/International\/wp-json\/wp\/v2\/posts"}],"about":[{"href":"https:\/\/linitiative.ca\/International\/wp-json\/wp\/v2\/types\/post"}],"author":[{"embeddable":true,"href":"https:\/\/linitiative.ca\/International\/wp-json\/wp\/v2\/users\/1965"}],"replies":[{"embeddable":true,"href":"https:\/\/linitiative.ca\/International\/wp-json\/wp\/v2\/comments?post=17806"}],"version-history":[{"count":0,"href":"https:\/\/linitiative.ca\/International\/wp-json\/wp\/v2\/posts\/17806\/revisions"}],"wp:attachment":[{"href":"https:\/\/linitiative.ca\/International\/wp-json\/wp\/v2\/media?parent=17806"}],"wp:term":[{"taxonomy":"category","embeddable":true,"href":"https:\/\/linitiative.ca\/International\/wp-json\/wp\/v2\/categories?post=17806"},{"taxonomy":"post_tag","embeddable":true,"href":"https:\/\/linitiative.ca\/International\/wp-json\/wp\/v2\/tags?post=17806"}],"curies":[{"name":"wp","href":"https:\/\/api.w.org\/{rel}","templated":true}]}}