{"id":17807,"date":"2019-02-26T14:18:03","date_gmt":"2019-02-26T19:18:03","guid":{"rendered":"https:\/\/linitiative.ca\/International\/felix-tshisekedi-en-visite-officielle-de-48-heures-en-namibie\/"},"modified":"2019-02-26T14:18:03","modified_gmt":"2019-02-26T19:18:03","slug":"felix-tshisekedi-en-visite-officielle-de-48-heures-en-namibie","status":"publish","type":"post","link":"https:\/\/linitiative.ca\/International\/felix-tshisekedi-en-visite-officielle-de-48-heures-en-namibie\/","title":{"rendered":"F\u00e9lix Tshisekedi en visite officielle de 48 heures en Namibie"},"content":{"rendered":"<div readability=\"32\">\n<p>Publi\u00e9 le 26.02.2019 \u00e0 20h18 par APA News<\/p>\n<\/div>\n<div readability=\"54\">\n<p>Le pr\u00e9sident congolais, F\u00e9lix Antoine Tshisekedi a entam\u00e9, mardi, une visite officielle \u00e0 Windhoek en Namibie, o\u00f9 il doit s\u2019entretenir avec son homologue Hage Geingob, pr\u00e9sident en exercice de la Communaut\u00e9 de d\u00e9veloppement de l\u2019Afrique australe (SADC).Les deux personnalit\u00e9s qui s\u2019\u00e9taient d\u00e9j\u00e0 entretenues le 10 f\u00e9vrier en marge du 32\u00e8me sommet de l\u2019Union africaine \u00e0 Addis-Abeba en Ethiopie mettront \u00e0 profit cette deuxi\u00e8me rencontre en t\u00eate-\u00e0-t\u00eate pour redynamiser et intensifier les relations d\u2019amiti\u00e9 et de coop\u00e9ration entre La RD Congo et la Namibie, a indiqu\u00e9 la pr\u00e9sidence congolaise dans un communiqu\u00e9.<\/p>\n<p>Le pr\u00e9sident Tshisekedi qui est accompagn\u00e9 de son \u00e9pouse, Denise Nyakeru, profitera de son s\u00e9jour \u00e0 Windhoek pour rendre une visite de courtoisie \u00e0 l\u2019ancien pr\u00e9sident Sam Nujoma.<\/p>\n<p><ins data-revive-zoneid=\"9\" data-revive-id=\"10111e19d28d19d031742ee3b0b33eb0\"\/> <\/p>\n<p>F\u00e9lix Tshisekedi qui n\u2019a pas encore visit\u00e9 une seule des vingt-cinq provinces de la RD Congo en dehors de la ville de Kinshasa depuis son investiture le 24 janvier, effectue en Namibie sa cinqui\u00e8me visite \u00e0 l\u2019\u00e9tranger apr\u00e8s ses pr\u00e9c\u00e9dentes sorties en Angola, au Kenya, au Congo-Brazzaville et en Ethiopie.<\/p>\n<\/div>\n<p>Auteur: APA News<br \/>\n<a href=\"https:\/\/www.journalducameroun.com\/felix-tshisekedi-en-visite-officielle-de-48-heures-en-namibie\/\">Cliquez ici pour lire l&rsquo;article depuis sa source.<\/a><\/p>\n","protected":false},"excerpt":{"rendered":"<p>Publi\u00e9 le 26.02.2019 \u00e0 20h18 par APA News Le pr\u00e9sident congolais, F\u00e9lix Antoine Tshisekedi a entam\u00e9, mardi, une visite officielle \u00e0 Windhoek en Namibie, o\u00f9 il doit s\u2019entretenir avec son homologue Hage Geingob, pr\u00e9sident en exercice de la Communaut\u00e9 de d\u00e9veloppement de l\u2019Afrique australe (SADC).Les deux personnalit\u00e9s qui s\u2019\u00e9taient d\u00e9j\u00e0 entretenues le 10 f\u00e9vrier en [&hellip;]<\/p>\n","protected":false},"author":1965,"featured_media":0,"comment_status":"closed","ping_status":"closed","sticky":false,"template":"","format":"standard","meta":{"fifu_image_url":"","fifu_image_alt":"","footnotes":""},"categories":[73,82],"tags":[],"class_list":["post-17807","post","type-post","status-publish","format-standard","hentry","category-actualite","category-cameroun"],"_links":{"self":[{"href":"https:\/\/linitiative.ca\/International\/wp-json\/wp\/v2\/posts\/17807","targetHints":{"allow":["GET"]}}],"collection":[{"href":"https:\/\/linitiative.ca\/International\/wp-json\/wp\/v2\/posts"}],"about":[{"href":"https:\/\/linitiative.ca\/International\/wp-json\/wp\/v2\/types\/post"}],"author":[{"embeddable":true,"href":"https:\/\/linitiative.ca\/International\/wp-json\/wp\/v2\/users\/1965"}],"replies":[{"embeddable":true,"href":"https:\/\/linitiative.ca\/International\/wp-json\/wp\/v2\/comments?post=17807"}],"version-history":[{"count":0,"href":"https:\/\/linitiative.ca\/International\/wp-json\/wp\/v2\/posts\/17807\/revisions"}],"wp:attachment":[{"href":"https:\/\/linitiative.ca\/International\/wp-json\/wp\/v2\/media?parent=17807"}],"wp:term":[{"taxonomy":"category","embeddable":true,"href":"https:\/\/linitiative.ca\/International\/wp-json\/wp\/v2\/categories?post=17807"},{"taxonomy":"post_tag","embeddable":true,"href":"https:\/\/linitiative.ca\/International\/wp-json\/wp\/v2\/tags?post=17807"}],"curies":[{"name":"wp","href":"https:\/\/api.w.org\/{rel}","templated":true}]}}