{"id":17808,"date":"2019-02-26T14:18:05","date_gmt":"2019-02-26T19:18:05","guid":{"rendered":"https:\/\/linitiative.ca\/International\/louganda-rapatrie-en-rdc-57-ex-combattants-du-m23\/"},"modified":"2019-02-26T14:18:05","modified_gmt":"2019-02-26T19:18:05","slug":"louganda-rapatrie-en-rdc-57-ex-combattants-du-m23","status":"publish","type":"post","link":"https:\/\/linitiative.ca\/International\/louganda-rapatrie-en-rdc-57-ex-combattants-du-m23\/","title":{"rendered":"L\u2019Ouganda rapatrie en RDC 57 ex-combattants du M23"},"content":{"rendered":"<div readability=\"32\">\n<p>Publi\u00e9 le 26.02.2019 \u00e0 20h18 par APA News<\/p>\n<\/div>\n<div readability=\"76\">\n<p>Le gouvernement ougandais a ordonn\u00e9, mardi apr\u00e8s-midi, le rapatriement vers la R\u00e9publique d\u00e9mocratique du Congo de 57 ex-combattants du M23 et de dix autres personnes soup\u00e7onn\u00e9es de divers crimes.Les ex-combattants qui ont pass\u00e9 pr\u00e8s de six ans en Ouganda ont \u00e9t\u00e9 accompagn\u00e9s mardi matin \u00e0 l\u2019a\u00e9roport international d\u2019Entebbe par l\u2019ambassadeur de la RDC en Ouganda, Pierre Massala et le ministre des Affaires \u00e9trang\u00e8res ougandais, Robert Masolo.<\/p>\n<p>Ce rapatriement est le fruit d\u2019un Accord de paix entre Kampala, Kigali et Kinshasa lors du 8\u00e8me Sommet des m\u00e9canismes de supervision r\u00e9gionaux et de la Conf\u00e9rence internationale sur la r\u00e9gion des Grands Lacs sign\u00e9 en octobre 2017.<\/p>\n<p>Les n\u00e9gociations ont \u00e9galement vu la participation des Nations Unies, la Communaut\u00e9 de d\u00e9veloppement de l\u2019Afrique australe et l\u2019Union africaine.<\/p>\n<p>Selon le diplomate Massala, le rapatriement est en droite ligne avec l\u2019appel lanc\u00e9 par le pr\u00e9sident congolais, Felix Tshisekedi.<\/p>\n<p>Le chef de l\u2019Etat congolais a d\u00e9clar\u00e9 qu\u2019\u00e0 leur arriv\u00e9e, les ex-combattants seront plac\u00e9s dans un camp et form\u00e9s pour acqu\u00e9rir des comp\u00e9tences pour faciliter leur int\u00e9gration, tandis que ceux qui souhaitent rejoindre l\u2019arm\u00e9e nationale seront aid\u00e9s \u00e0 l\u2019int\u00e8gre.<\/p>\n<p><ins data-revive-zoneid=\"9\" data-revive-id=\"10111e19d28d19d031742ee3b0b33eb0\"\/> <\/p>\n<p>De son c\u00f4t\u00e9, l\u2019ambassadeur congolais Masolo a not\u00e9 que le rapatriement est purement volontaire, notant qu\u2019aucun des ex-combattants n\u2019a \u00e9t\u00e9 forc\u00e9 de rentrer chez lui.<\/p>\n<p>Selon lui, le gouvernement ougandais et les organisations partenaires poursuivront leurs efforts de sensibilisation pour que tous les combattants restant soient renvoy\u00e9s dans leur pays d\u2019origine.<\/p>\n<p>Le M23, \u00e9galement connu sous le nom d\u2019Arm\u00e9e de la r\u00e9volution congolaise, \u00e9tait un groupe militaire rebelle bas\u00e9 dans l\u2019est de la RDC, mais dont beaucoup de ses \u00e9l\u00e9ments ont trouv\u00e9 refuge en Ouganda apr\u00e8s qu\u2019un accord de cessez-le-feu a mis fin \u00e0 l\u2019insurrection arm\u00e9e et au contr\u00f4le de Goma.<\/p>\n<\/div>\n<p>Auteur: APA News<br \/>\n<a href=\"https:\/\/www.journalducameroun.com\/louganda-rapatrie-en-rdc-57-ex-combattants-du-m23\/\">Cliquez ici pour lire l&rsquo;article depuis sa source.<\/a><\/p>\n","protected":false},"excerpt":{"rendered":"<p>Publi\u00e9 le 26.02.2019 \u00e0 20h18 par APA News Le gouvernement ougandais a ordonn\u00e9, mardi apr\u00e8s-midi, le rapatriement vers la R\u00e9publique d\u00e9mocratique du Congo de 57 ex-combattants du M23 et de dix autres personnes soup\u00e7onn\u00e9es de divers crimes.Les ex-combattants qui ont pass\u00e9 pr\u00e8s de six ans en Ouganda ont \u00e9t\u00e9 accompagn\u00e9s mardi matin \u00e0 l\u2019a\u00e9roport international [&hellip;]<\/p>\n","protected":false},"author":1965,"featured_media":0,"comment_status":"closed","ping_status":"closed","sticky":false,"template":"","format":"standard","meta":{"fifu_image_url":"","fifu_image_alt":"","footnotes":""},"categories":[73,82],"tags":[],"class_list":["post-17808","post","type-post","status-publish","format-standard","hentry","category-actualite","category-cameroun"],"_links":{"self":[{"href":"https:\/\/linitiative.ca\/International\/wp-json\/wp\/v2\/posts\/17808","targetHints":{"allow":["GET"]}}],"collection":[{"href":"https:\/\/linitiative.ca\/International\/wp-json\/wp\/v2\/posts"}],"about":[{"href":"https:\/\/linitiative.ca\/International\/wp-json\/wp\/v2\/types\/post"}],"author":[{"embeddable":true,"href":"https:\/\/linitiative.ca\/International\/wp-json\/wp\/v2\/users\/1965"}],"replies":[{"embeddable":true,"href":"https:\/\/linitiative.ca\/International\/wp-json\/wp\/v2\/comments?post=17808"}],"version-history":[{"count":0,"href":"https:\/\/linitiative.ca\/International\/wp-json\/wp\/v2\/posts\/17808\/revisions"}],"wp:attachment":[{"href":"https:\/\/linitiative.ca\/International\/wp-json\/wp\/v2\/media?parent=17808"}],"wp:term":[{"taxonomy":"category","embeddable":true,"href":"https:\/\/linitiative.ca\/International\/wp-json\/wp\/v2\/categories?post=17808"},{"taxonomy":"post_tag","embeddable":true,"href":"https:\/\/linitiative.ca\/International\/wp-json\/wp\/v2\/tags?post=17808"}],"curies":[{"name":"wp","href":"https:\/\/api.w.org\/{rel}","templated":true}]}}