{"id":17809,"date":"2019-02-26T14:50:02","date_gmt":"2019-02-26T19:50:02","guid":{"rendered":"https:\/\/linitiative.ca\/International\/trump-souvre-de-nouveaux-horizons-sur-la-scene-internationale\/"},"modified":"2019-02-26T14:50:02","modified_gmt":"2019-02-26T19:50:02","slug":"trump-souvre-de-nouveaux-horizons-sur-la-scene-internationale","status":"publish","type":"post","link":"https:\/\/linitiative.ca\/International\/trump-souvre-de-nouveaux-horizons-sur-la-scene-internationale\/","title":{"rendered":"Trump s\u2019ouvre de nouveaux horizons sur la sc\u00e8ne internationale"},"content":{"rendered":"<div readability=\"32\">\n<p>Publi\u00e9 le 26.02.2019 \u00e0 20h50 par AFP<\/p>\n<\/div>\n<div readability=\"140\">\n<p>Donald Trump qui rencontre le leader nord-cor\u00e9en Kim Jong Un, tente d\u2019\u00e9carter le pr\u00e9sident v\u00e9n\u00e9zu\u00e9lien Nicolas Maduro et retire les troupes am\u00e9ricaines de Syrie, para\u00eet avoir choisi la sc\u00e8ne internationale pour s\u2019ouvrir de nouveaux horizons.<\/p>\n<p>Apr\u00e8s s\u2019\u00eatre vu reprocher ces deux derni\u00e8res ann\u00e9es de se concentrer sur les affaires int\u00e9rieures des Etats-Unis, le pr\u00e9sident am\u00e9ricain entame la deuxi\u00e8me partie de son mandant en marquant la politique \u00e9trang\u00e8re am\u00e9ricaine de son empreinte.<\/p>\n<p>M. Trump, qui affirme s\u2019\u00eatre d\u00e9couvert \u00ab\u00a0des atomes crochus\u00a0\u00bb avec Kim Jong-Un, rencontre le jeune dirigeant nord-cor\u00e9en au Vietnam pour un deuxi\u00e8me sommet sur la d\u00e9nucl\u00e9arisation de la Cor\u00e9e du Nord, abord\u00e9e en termes tr\u00e8s vagues lors de leur pr\u00e9c\u00e9dente rencontre.<\/p>\n<p>Les critiques ont beau souligner que le programme nucl\u00e9aire nord-cor\u00e9en reste intact, M. Trump s\u2019est d\u00e9marqu\u00e9 de la diplomatie traditionnelle en choisissant de rencontrer le dirigeant nord-cor\u00e9en d\u2019\u00e9gal \u00e0 \u00e9gal.<\/p>\n<p>Donald Trump a aussi pris l\u2019initiative sur l\u2019op\u00e9ration militaire en Syrie, en d\u00e9cidant de retirer les troupes am\u00e9ricaines du nord-est du pays, provoquant la d\u00e9mission du ministre de la D\u00e9fense Jim Mattis. Il s\u2019est depuis laiss\u00e9 convaincre de garder dans le nord-est syrien une \u00ab\u00a0force r\u00e9siduelle\u00a0\u00bb de quelque 200 militaires.<\/p>\n<p>Sur le Venezuela, l\u2019imp\u00e9tueux pr\u00e9sident am\u00e9ricain se retrouve exceptionnellement soutenu par de nombreux pays sud-am\u00e9ricains et europ\u00e9ens, hostiles au dirigeant socialiste Nicolas Maduro dont ils consid\u00e8rent la r\u00e9election comme ill\u00e9gitime.<\/p>\n<p>\u2013 \u00ab\u00a0Guerres intenables\u00a0\u00bb \u2013<\/p>\n<p>Pour l\u2019ancien diplomate Aaron David Miller, qui a conseill\u00e9 six secr\u00e9taires d\u2019Etat am\u00e9ricains, les deux premi\u00e8res ann\u00e9es de Donald Trump ont repr\u00e9sent\u00e9 une \u00ab\u00a0faute professionnelle diplomatique\u00a0\u00bb du fait de l\u2019absence de d\u00e9cisions claires et pr\u00e9visibles.<\/p>\n<p>Au cr\u00e9dit du pr\u00e9sident am\u00e9ricain, M. Miller juge qu\u2019il a trouv\u00e9 un bon biais pour faire baisser la tension avec la Cor\u00e9e du Nord et qu\u2019il a les id\u00e9es claires sur le r\u00f4le des Etats-Unis dans des conflits comme l\u2019Afghanistan, la Syrie ou la Libye, o\u00f9 \u00ab\u00a0il d\u00e9tache les Etats-Unis, \u00e0 mon avis, de guerres intenables et ingagnables\u00a0\u00bb.<\/p>\n<p>M. Trump reste n\u00e9anmoins largement isol\u00e9 sur la plupart des dossiers internationaux, notamment sur l\u2019Iran: les Europ\u00e9ens rejettent ses appels \u00e0 des sanctions contre la R\u00e9publique islamique et critiquent son retrait de l\u2019accord sur le programme nucl\u00e9aire de T\u00e9h\u00e9ran.<\/p>\n<p><ins data-revive-zoneid=\"9\" data-revive-id=\"10111e19d28d19d031742ee3b0b33eb0\"\/> <\/p>\n<p>Les alli\u00e9s reprochent aussi \u00e0 M. Trump son isolationnisme, notamment sa remise en question des valeurs de l\u2019Otan et son rejet de l\u2019accord de Paris sur le changement climatique.<\/p>\n<p>Tous les pr\u00e9sident am\u00e9ricains n\u2019avaient pas une exp\u00e9rience de politique \u00e9trang\u00e8re \u00e0 leur arriv\u00e9e \u00e0 la Maison Blanche, mais ils se sont souvent int\u00e9ress\u00e9s \u00e0 la diplomatie \u00e0 la fin de leur mandat pour tenter de marquer l\u2019Histoire de leur empreinte, comme Bill Clinton avec le processus de paix au Proche-Orient.<\/p>\n<p>\u2013 Un r\u00e9pit \u2013<\/p>\n<p>Pour Donald Trump, la sc\u00e8ne internationale \u2013y compris les poign\u00e9es de mains t\u00e9l\u00e9g\u00e9niques avec Kim Jong Un \u2014 repr\u00e9sente un r\u00e9pit bienvenu alors que les pressions montent \u00e0 Washington, o\u00f9 la publication du rapport du procureur sp\u00e9cial Robert Mueller sur l\u2019enqu\u00eate russe est attendue avec tr\u00e9pidation.<\/p>\n<p>\u00ab\u00a0Il y a des limites majeures \u00e0 ce qu\u2019il peut accomplir en politique int\u00e9rieure, surtout maintenant que les d\u00e9mocrates contr\u00f4lent la Chambre des repr\u00e9sentants\u00a0\u00bb, note Jordan Tama, professeur \u00e0 l\u2019American University.<\/p>\n<p>\u00ab\u00a0La politique \u00e9trang\u00e8re est un domaine o\u00f9 il a beaucoup plus de latitude, parce que le pr\u00e9sident peut rencontrer des dirigeants \u00e9trangers pratiquement sans contrainte de la part du Congr\u00e8s\u00a0\u00bb, ajoute cet expert.<\/p>\n<p>Les limites impos\u00e9es au pouvoir des Etats-Unis, notamment au sein des organisations internationales, h\u00e9rissent M. Trump, tout comme son conseiller \u00e0 la s\u00e9curit\u00e9 nationale John Bolton. Et le pr\u00e9sident am\u00e9ricain n\u2019h\u00e9site pas \u00e0 apporter son soutien \u00e0 des r\u00e9gimes autoritaires comme l\u2019Arabie saoudite du prince h\u00e9ritier Mohammed ben Salmane ou l\u2019Egypte du pr\u00e9sident Abdel Fattah al-Sissi.<\/p>\n<p>Or pour M. Tama, ancien conseiller de Barack Obama, le Venezuela, un dossier sur lequel M. Trump a obtenu beaucoup de soutien, montre que le respect des droits humains pourrait servir sa pr\u00e9sidence.<\/p>\n<p>\u00ab\u00a0Le cas Maduro montre que quand les Etats-Unis soutiennent les droits humains et la d\u00e9mocratie, ils peuvent s\u2019aligner sur d\u2019autres pays qui partagent ces valeurs\u00a0\u00bb, souligne-t-il.<\/p>\n<\/div>\n<p>Auteur: AFP<br \/>\n<a href=\"https:\/\/www.journalducameroun.com\/trump-souvre-de-nouveaux-horizons-sur-la-scene-internationale\/\">Cliquez ici pour lire l&rsquo;article depuis sa source.<\/a><\/p>\n","protected":false},"excerpt":{"rendered":"<p>Publi\u00e9 le 26.02.2019 \u00e0 20h50 par AFP Donald Trump qui rencontre le leader nord-cor\u00e9en Kim Jong Un, tente d\u2019\u00e9carter le pr\u00e9sident v\u00e9n\u00e9zu\u00e9lien Nicolas Maduro et retire les troupes am\u00e9ricaines de Syrie, para\u00eet avoir choisi la sc\u00e8ne internationale pour s\u2019ouvrir de nouveaux horizons. Apr\u00e8s s\u2019\u00eatre vu reprocher ces deux derni\u00e8res ann\u00e9es de se concentrer sur les [&hellip;]<\/p>\n","protected":false},"author":1965,"featured_media":0,"comment_status":"closed","ping_status":"closed","sticky":false,"template":"","format":"standard","meta":{"fifu_image_url":"","fifu_image_alt":"","footnotes":""},"categories":[73,82],"tags":[],"class_list":["post-17809","post","type-post","status-publish","format-standard","hentry","category-actualite","category-cameroun"],"_links":{"self":[{"href":"https:\/\/linitiative.ca\/International\/wp-json\/wp\/v2\/posts\/17809","targetHints":{"allow":["GET"]}}],"collection":[{"href":"https:\/\/linitiative.ca\/International\/wp-json\/wp\/v2\/posts"}],"about":[{"href":"https:\/\/linitiative.ca\/International\/wp-json\/wp\/v2\/types\/post"}],"author":[{"embeddable":true,"href":"https:\/\/linitiative.ca\/International\/wp-json\/wp\/v2\/users\/1965"}],"replies":[{"embeddable":true,"href":"https:\/\/linitiative.ca\/International\/wp-json\/wp\/v2\/comments?post=17809"}],"version-history":[{"count":0,"href":"https:\/\/linitiative.ca\/International\/wp-json\/wp\/v2\/posts\/17809\/revisions"}],"wp:attachment":[{"href":"https:\/\/linitiative.ca\/International\/wp-json\/wp\/v2\/media?parent=17809"}],"wp:term":[{"taxonomy":"category","embeddable":true,"href":"https:\/\/linitiative.ca\/International\/wp-json\/wp\/v2\/categories?post=17809"},{"taxonomy":"post_tag","embeddable":true,"href":"https:\/\/linitiative.ca\/International\/wp-json\/wp\/v2\/tags?post=17809"}],"curies":[{"name":"wp","href":"https:\/\/api.w.org\/{rel}","templated":true}]}}