{"id":17813,"date":"2019-02-26T17:18:03","date_gmt":"2019-02-26T22:18:03","guid":{"rendered":"https:\/\/linitiative.ca\/International\/des-funerailles-nationales-pour-lancien-buteur-des-leopards-ndaye-mulamba\/"},"modified":"2019-02-26T17:18:03","modified_gmt":"2019-02-26T22:18:03","slug":"des-funerailles-nationales-pour-lancien-buteur-des-leopards-ndaye-mulamba","status":"publish","type":"post","link":"https:\/\/linitiative.ca\/International\/des-funerailles-nationales-pour-lancien-buteur-des-leopards-ndaye-mulamba\/","title":{"rendered":"Des fun\u00e9railles nationales pour l\u2019ancien buteur des \u00ab L\u00e9opards \u00bb Ndaye Mulamba"},"content":{"rendered":"<div readability=\"32\">\n<p>Publi\u00e9 le 26.02.2019 \u00e0 23h18 par APA News<\/p>\n<\/div>\n<div readability=\"71\">\n<p>La RD Congo a organis\u00e9, mardi au Palais du peuple de Kinshasa, des fun\u00e9railles nationales pour l\u2019ancien buteur des \u00ab L\u00e9opards \u00bb, Pierre Ndaye Mulamba dit \u00ab Mutumbula \u00bb ou encore \u00ab Volvo \u00bb, qui vivait quasiment dans l\u2019anonymat en Afrique du Sud o\u00f9 il est d\u00e9c\u00e9d\u00e9 le 26 janvier \u00e0 l\u2019\u00e2ge de 70 ans.En voyage d\u2019Etat en Namibie, le pr\u00e9sident de la R\u00e9publique F\u00e9lix Tshisekedi s\u2019est fait repr\u00e9senter aux obs\u00e8ques de Pierre Ndaye par son directeur de cabinet Vital Kamerhe, en pr\u00e9sence de tout le gotha politique et sportif congolais, avant l\u2019inhumation de ce grand footballeur au cimeti\u00e8re \u00ab Entre terre et ciel \u00bb dans la commune de la N\u2019sele \u00e0 l\u2019est de la capitale congolaise.<\/p>\n<p>Ndaye Mulamba a marqu\u00e9 l\u2019histoire du football congolais et africain en \u00e9tablissant le record de neuf buts marqu\u00e9s en une seule \u00e9dition lors du tournoi final de la Coupe d\u2019Afrique des nations (CAN) remport\u00e9e par les \u00ab L\u00e9opards \u00bb en Egypte en 1974.<\/p>\n<p>L\u2019ann\u00e9e pr\u00e9c\u00e9dente, en 1973, Pierre Ndaye Mulamba avait remport\u00e9 la Coupe d\u2019Afrique des clubs champions avec son \u00e9quipe de l\u2019AS V Club de Kinshasa.<\/p>\n<p>Aussi, pour honorer sa m\u00e9moire, le ministre congolais des sports, Papy Nyango, a annonc\u00e9 la construction imminente dans sa ville d\u2019origine de Kananga, au Kasa\u00ef central (centre de la RD Congo), d\u2019un stade de 12.000 places pour un co\u00fbt de 12 millions de dollars am\u00e9ricains qui sera baptis\u00e9 du nom de Ndaye Mulamba.<\/p>\n<p><ins data-revive-zoneid=\"9\" data-revive-id=\"10111e19d28d19d031742ee3b0b33eb0\"\/> <\/p>\n<p>Ce buteur exceptionnel avait \u00e9t\u00e9 d\u00e9cor\u00e9 de l\u2019ordre national des L\u00e9opards et avait \u00e9galement re\u00e7u la m\u00e9daille du m\u00e9rite du Centenaire de la Fifa en 2009.<\/p>\n<p>La Conf\u00e9d\u00e9ration africaine de football (CAF) l\u2019avait aussi honor\u00e9 en lui remettant une m\u00e9daille pour s\u2019ensemble de son \u0153uvre, en marge de la Coupe d\u2019Afrique des nations 1994 \u00e0 Tunis, en Tunisie.<\/p>\n<\/div>\n<p>Auteur: APA News<br \/>\n<a href=\"https:\/\/www.journalducameroun.com\/des-funerailles-nationales-pour-lancien-buteur-des-leopards-ndaye-mulamba\/\">Cliquez ici pour lire l&rsquo;article depuis sa source.<\/a><\/p>\n","protected":false},"excerpt":{"rendered":"<p>Publi\u00e9 le 26.02.2019 \u00e0 23h18 par APA News La RD Congo a organis\u00e9, mardi au Palais du peuple de Kinshasa, des fun\u00e9railles nationales pour l\u2019ancien buteur des \u00ab L\u00e9opards \u00bb, Pierre Ndaye Mulamba dit \u00ab Mutumbula \u00bb ou encore \u00ab Volvo \u00bb, qui vivait quasiment dans l\u2019anonymat en Afrique du Sud o\u00f9 il est d\u00e9c\u00e9d\u00e9 [&hellip;]<\/p>\n","protected":false},"author":1965,"featured_media":0,"comment_status":"closed","ping_status":"closed","sticky":false,"template":"","format":"standard","meta":{"fifu_image_url":"","fifu_image_alt":"","footnotes":""},"categories":[73,82],"tags":[],"class_list":["post-17813","post","type-post","status-publish","format-standard","hentry","category-actualite","category-cameroun"],"_links":{"self":[{"href":"https:\/\/linitiative.ca\/International\/wp-json\/wp\/v2\/posts\/17813","targetHints":{"allow":["GET"]}}],"collection":[{"href":"https:\/\/linitiative.ca\/International\/wp-json\/wp\/v2\/posts"}],"about":[{"href":"https:\/\/linitiative.ca\/International\/wp-json\/wp\/v2\/types\/post"}],"author":[{"embeddable":true,"href":"https:\/\/linitiative.ca\/International\/wp-json\/wp\/v2\/users\/1965"}],"replies":[{"embeddable":true,"href":"https:\/\/linitiative.ca\/International\/wp-json\/wp\/v2\/comments?post=17813"}],"version-history":[{"count":0,"href":"https:\/\/linitiative.ca\/International\/wp-json\/wp\/v2\/posts\/17813\/revisions"}],"wp:attachment":[{"href":"https:\/\/linitiative.ca\/International\/wp-json\/wp\/v2\/media?parent=17813"}],"wp:term":[{"taxonomy":"category","embeddable":true,"href":"https:\/\/linitiative.ca\/International\/wp-json\/wp\/v2\/categories?post=17813"},{"taxonomy":"post_tag","embeddable":true,"href":"https:\/\/linitiative.ca\/International\/wp-json\/wp\/v2\/tags?post=17813"}],"curies":[{"name":"wp","href":"https:\/\/api.w.org\/{rel}","templated":true}]}}