{"id":17868,"date":"2019-02-27T01:30:41","date_gmt":"2019-02-27T06:30:41","guid":{"rendered":"https:\/\/linitiative.ca\/International\/lia-sinvite-a-smart-city-africa-casablanca\/"},"modified":"2019-02-27T01:30:41","modified_gmt":"2019-02-27T06:30:41","slug":"lia-sinvite-a-smart-city-africa-casablanca","status":"publish","type":"post","link":"https:\/\/linitiative.ca\/International\/lia-sinvite-a-smart-city-africa-casablanca\/","title":{"rendered":"L\u2019IA s\u2019invite \u00e0 Smart City Africa Casablanca"},"content":{"rendered":"<p>Apr\u00e8s 3 \u00e9ditions r\u00e9unissant plus de 250 intervenants et 20.000 participants, Smart City Expo Casablanca revient les 17 et 18 avril 2019 au Hyatt Regency, sous le th\u00e8me de \u00ab L\u2019<strong>intelligence artificielle<\/strong> au service des citoyens \u00bb,\u00a0avec\u00a0Bangkok\u00a0comme ville \u00e0\u00a0l\u2019honneur.<\/p>\n<div class=\"c10\"\/>\n<p>V\u00e9ritable hub africain de la ville intelligente et inclusive, Smart City Expo Casablanca a pu, au fil des ann\u00e9es, s\u2019imposer comme un rendez-vous incontournable sur l\u2019agenda des manifestations des Smart City dans le monde.<\/p>\n<p>En d\u00e9diant cette quatri\u00e8me \u00e9dition \u00e0 la th\u00e9matique de \u00ab L\u2019intelligence artificielle au service des citoyens \u00bb, l\u2019\u00e9v\u00e8nement aborde l\u2019objectif ultime et commun \u00e0 toutes les villes intelligentes : mettre l\u2019innovation, sous toutes ses formes, au service du citoyen pour \u00e9laborer aujourd\u2019hui, la ville de demain. Et si l\u2019intelligence artificielle (IA) s\u2019annonce comme l\u2019un des \u00e9l\u00e9ments cl\u00e9s du futur d\u00e9veloppement urbain, quelles seront ses r\u00e9elles applications sur le terrain ?<\/p>\n<p>Experts et sp\u00e9cialistes intervenants lors de cette quatri\u00e8me \u00e9dition de <strong>Smart City Expo Casablanca<\/strong> aborderont, \u00e0 l\u2019occasion des d\u00e9bats, conf\u00e9rences et tables rondes pr\u00e9vus, d\u2019autres sujets d\u2019actualit\u00e9 comme l\u2019IA et la co-construction d\u2019une ville Smart, l\u2019acc\u00e9l\u00e9ration de la transformation digitale \u00e0 travers les outils \u00e9conomiques et juridiques, la r\u00e9silience urbaine, ainsi que la durabilit\u00e9 territoriale, renforc\u00e9es par l\u2019IA.<\/p>\n<div class=\"c17\">\n<fieldset class=\"c16\">\n<legend><strong><span class=\"c11\">Challenge<\/span><span class=\"c12\">news<\/span><\/strong><\/legend>\n<div class=\"c15\">Le meilleur de la r\u00e9daction s\u00e9lectionn\u00e9 par Challenge :<\/p>\n<\/div>\n<\/fieldset>\n<\/div>\n<p>Auteur: Karim Handaoui<br \/>\n<a href=\"https:\/\/www.challenge.ma\/lia-sinvite-a-smart-city-africa-casablanca-105465\/\">Cliquez ici pour lire l&rsquo;article depuis sa source.<\/a><\/p>\n","protected":false},"excerpt":{"rendered":"<p>Apr\u00e8s 3 \u00e9ditions r\u00e9unissant plus de 250 intervenants et 20.000 participants, Smart City Expo Casablanca revient les 17 et 18 avril 2019 au Hyatt Regency, sous le th\u00e8me de \u00ab L\u2019intelligence artificielle au service des citoyens \u00bb,\u00a0avec\u00a0Bangkok\u00a0comme ville \u00e0\u00a0l\u2019honneur. V\u00e9ritable hub africain de la ville intelligente et inclusive, Smart City Expo Casablanca a pu, au [&hellip;]<\/p>\n","protected":false},"author":1787,"featured_media":0,"comment_status":"closed","ping_status":"closed","sticky":false,"template":"","format":"standard","meta":{"fifu_image_url":"","fifu_image_alt":"","footnotes":""},"categories":[78,54],"tags":[],"class_list":["post-17868","post","type-post","status-publish","format-standard","hentry","category-economie","category-maroc"],"_links":{"self":[{"href":"https:\/\/linitiative.ca\/International\/wp-json\/wp\/v2\/posts\/17868","targetHints":{"allow":["GET"]}}],"collection":[{"href":"https:\/\/linitiative.ca\/International\/wp-json\/wp\/v2\/posts"}],"about":[{"href":"https:\/\/linitiative.ca\/International\/wp-json\/wp\/v2\/types\/post"}],"author":[{"embeddable":true,"href":"https:\/\/linitiative.ca\/International\/wp-json\/wp\/v2\/users\/1787"}],"replies":[{"embeddable":true,"href":"https:\/\/linitiative.ca\/International\/wp-json\/wp\/v2\/comments?post=17868"}],"version-history":[{"count":0,"href":"https:\/\/linitiative.ca\/International\/wp-json\/wp\/v2\/posts\/17868\/revisions"}],"wp:attachment":[{"href":"https:\/\/linitiative.ca\/International\/wp-json\/wp\/v2\/media?parent=17868"}],"wp:term":[{"taxonomy":"category","embeddable":true,"href":"https:\/\/linitiative.ca\/International\/wp-json\/wp\/v2\/categories?post=17868"},{"taxonomy":"post_tag","embeddable":true,"href":"https:\/\/linitiative.ca\/International\/wp-json\/wp\/v2\/tags?post=17868"}],"curies":[{"name":"wp","href":"https:\/\/api.w.org\/{rel}","templated":true}]}}