{"id":17869,"date":"2019-02-27T11:18:08","date_gmt":"2019-02-27T16:18:08","guid":{"rendered":"https:\/\/linitiative.ca\/International\/dix-huit-villageois-maliens-tues-par-un-cadavre-piege\/"},"modified":"2019-02-27T11:18:08","modified_gmt":"2019-02-27T16:18:08","slug":"dix-huit-villageois-maliens-tues-par-un-cadavre-piege","status":"publish","type":"post","link":"https:\/\/linitiative.ca\/International\/dix-huit-villageois-maliens-tues-par-un-cadavre-piege\/","title":{"rendered":"Dix-huit villageois maliens tu\u00e9s par un cadavre pi\u00e9g\u00e9"},"content":{"rendered":"<div readability=\"32\">\n<p>Publi\u00e9 le 27.02.2019 \u00e0 17h18 par APA News<\/p>\n<\/div>\n<div readability=\"49\">\n<p>Un cadavre pi\u00e9g\u00e9 a fait 18 morts et au moins 15 bless\u00e9s parmi des villageois maliens qui s\u2019activaient autour de la d\u00e9pouille mortelle, a appris APA, mercredi, de sources issues de la localit\u00e9 du centre du Mali o\u00f9 a eu lieu le drame.Celui-ci s\u2019est d\u00e9roul\u00e9 mardi dans la commune de Diankabou (r\u00e9gion de Mopti), lorsque partis \u00e0 la recherche d\u2019un de leurs gar\u00e7ons, les villageois sont tomb\u00e9s sur son cadavre abandonn\u00e9 en pleine for\u00eat.<\/p>\n<p>C\u2019est au toucher du corps qui avait \u00e9t\u00e9 bourr\u00e9 d\u2019explosifs par les assassins du gar\u00e7on, d\u00e9crits comme des hommes arm\u00e9s, que la d\u00e9flagration s\u2019est produite, tuant 18 des villageois et blessant 15 autres. \u00a0<\/p>\n<p><ins data-revive-zoneid=\"9\" data-revive-id=\"10111e19d28d19d031742ee3b0b33eb0\"\/> <\/p>\n<p>C\u2019est la premi\u00e8re fois qu\u2019un cadavre pi\u00e9g\u00e9 est utilis\u00e9 au Mali pour faire des victimes.<\/p>\n<\/div>\n<p>Auteur: APA News<br \/>\n<a href=\"https:\/\/www.journalducameroun.com\/dix-huit-villageois-maliens-tues-par-un-cadavre-piege\/\">Cliquez ici pour lire l&rsquo;article depuis sa source.<\/a><\/p>\n","protected":false},"excerpt":{"rendered":"<p>Publi\u00e9 le 27.02.2019 \u00e0 17h18 par APA News Un cadavre pi\u00e9g\u00e9 a fait 18 morts et au moins 15 bless\u00e9s parmi des villageois maliens qui s\u2019activaient autour de la d\u00e9pouille mortelle, a appris APA, mercredi, de sources issues de la localit\u00e9 du centre du Mali o\u00f9 a eu lieu le drame.Celui-ci s\u2019est d\u00e9roul\u00e9 mardi dans [&hellip;]<\/p>\n","protected":false},"author":1965,"featured_media":0,"comment_status":"closed","ping_status":"closed","sticky":false,"template":"","format":"standard","meta":{"fifu_image_url":"","fifu_image_alt":"","footnotes":""},"categories":[73,82],"tags":[],"class_list":["post-17869","post","type-post","status-publish","format-standard","hentry","category-actualite","category-cameroun"],"_links":{"self":[{"href":"https:\/\/linitiative.ca\/International\/wp-json\/wp\/v2\/posts\/17869","targetHints":{"allow":["GET"]}}],"collection":[{"href":"https:\/\/linitiative.ca\/International\/wp-json\/wp\/v2\/posts"}],"about":[{"href":"https:\/\/linitiative.ca\/International\/wp-json\/wp\/v2\/types\/post"}],"author":[{"embeddable":true,"href":"https:\/\/linitiative.ca\/International\/wp-json\/wp\/v2\/users\/1965"}],"replies":[{"embeddable":true,"href":"https:\/\/linitiative.ca\/International\/wp-json\/wp\/v2\/comments?post=17869"}],"version-history":[{"count":0,"href":"https:\/\/linitiative.ca\/International\/wp-json\/wp\/v2\/posts\/17869\/revisions"}],"wp:attachment":[{"href":"https:\/\/linitiative.ca\/International\/wp-json\/wp\/v2\/media?parent=17869"}],"wp:term":[{"taxonomy":"category","embeddable":true,"href":"https:\/\/linitiative.ca\/International\/wp-json\/wp\/v2\/categories?post=17869"},{"taxonomy":"post_tag","embeddable":true,"href":"https:\/\/linitiative.ca\/International\/wp-json\/wp\/v2\/tags?post=17869"}],"curies":[{"name":"wp","href":"https:\/\/api.w.org\/{rel}","templated":true}]}}