{"id":17881,"date":"2019-02-27T01:30:53","date_gmt":"2019-02-27T06:30:53","guid":{"rendered":"https:\/\/linitiative.ca\/International\/accessibilite-et-deficience-visuelle-enjeux-et-perspectives-a-luniversite-ain-chock\/"},"modified":"2019-02-27T01:30:53","modified_gmt":"2019-02-27T06:30:53","slug":"accessibilite-et-deficience-visuelle-enjeux-et-perspectives-a-luniversite-ain-chock","status":"publish","type":"post","link":"https:\/\/linitiative.ca\/International\/accessibilite-et-deficience-visuelle-enjeux-et-perspectives-a-luniversite-ain-chock\/","title":{"rendered":"\u00ab\u00a0Accessibilit\u00e9 et d\u00e9ficience visuelle : enjeux et perspectives\u00a0\u00bb \u00e0 l\u2019Universit\u00e9 Ain Chock"},"content":{"rendered":"<p>La Facult\u00e9 des Sciences juridiques, \u00e9conomiques et sociales (FSJES) Ain Chok et le Lions Club Casablanca Unit\u00e9 co-organisent une conf\u00e9rence d\u00e9bat autour du th\u00e8me \u00ab\u00a0Accessibilit\u00e9 et d\u00e9ficience visuelle : Enjeux et perspectives\u00a0\u00bb. Un sujet particuli\u00e8rement sensible dans le monde et notamment au sein de l\u2019universit\u00e9.<\/p>\n<div class=\"c10\"\/>\n<p>La conf\u00e9rence sera pr\u00e9sent\u00e9e par le Doyen et Professeur Abdelatif Komat et sera anim\u00e9e par le professeur Fr\u00e9d\u00e9ric Reichhart, expert en accessibilit\u00e9 (INS HEA) et Nabil El Maaroufi, formateur.<\/p>\n<p>Elle aura lieu le jeudi 28 f\u00e9vrier \u00e0 15h \u00e0 la FSJES Ain Chok (Route d\u2019El jadida) \u00e0 la salle de conf\u00e9rence 2.<\/p>\n<div class=\"c17\">\n<fieldset class=\"c16\">\n<legend><strong><span class=\"c11\">Challenge<\/span><span class=\"c12\">news<\/span><\/strong><\/legend>\n<div class=\"c15\">Le meilleur de la r\u00e9daction s\u00e9lectionn\u00e9 par Challenge :<\/p>\n<\/div>\n<\/fieldset>\n<\/div>\n<p>Auteur: challenge<br \/>\n<a href=\"https:\/\/www.challenge.ma\/accessibilite-et-deficience-visuelle-enjeux-et-perspectives-a-luniversite-ain-chock-105432\/\">Cliquez ici pour lire l&rsquo;article depuis sa source.<\/a><\/p>\n","protected":false},"excerpt":{"rendered":"<p>La Facult\u00e9 des Sciences juridiques, \u00e9conomiques et sociales (FSJES) Ain Chok et le Lions Club Casablanca Unit\u00e9 co-organisent une conf\u00e9rence d\u00e9bat autour du th\u00e8me \u00ab\u00a0Accessibilit\u00e9 et d\u00e9ficience visuelle : Enjeux et perspectives\u00a0\u00bb. Un sujet particuli\u00e8rement sensible dans le monde et notamment au sein de l\u2019universit\u00e9. La conf\u00e9rence sera pr\u00e9sent\u00e9e par le Doyen et Professeur Abdelatif [&hellip;]<\/p>\n","protected":false},"author":1787,"featured_media":0,"comment_status":"closed","ping_status":"closed","sticky":false,"template":"","format":"standard","meta":{"fifu_image_url":"","fifu_image_alt":"","footnotes":""},"categories":[78,54],"tags":[],"class_list":["post-17881","post","type-post","status-publish","format-standard","hentry","category-economie","category-maroc"],"_links":{"self":[{"href":"https:\/\/linitiative.ca\/International\/wp-json\/wp\/v2\/posts\/17881","targetHints":{"allow":["GET"]}}],"collection":[{"href":"https:\/\/linitiative.ca\/International\/wp-json\/wp\/v2\/posts"}],"about":[{"href":"https:\/\/linitiative.ca\/International\/wp-json\/wp\/v2\/types\/post"}],"author":[{"embeddable":true,"href":"https:\/\/linitiative.ca\/International\/wp-json\/wp\/v2\/users\/1787"}],"replies":[{"embeddable":true,"href":"https:\/\/linitiative.ca\/International\/wp-json\/wp\/v2\/comments?post=17881"}],"version-history":[{"count":0,"href":"https:\/\/linitiative.ca\/International\/wp-json\/wp\/v2\/posts\/17881\/revisions"}],"wp:attachment":[{"href":"https:\/\/linitiative.ca\/International\/wp-json\/wp\/v2\/media?parent=17881"}],"wp:term":[{"taxonomy":"category","embeddable":true,"href":"https:\/\/linitiative.ca\/International\/wp-json\/wp\/v2\/categories?post=17881"},{"taxonomy":"post_tag","embeddable":true,"href":"https:\/\/linitiative.ca\/International\/wp-json\/wp\/v2\/tags?post=17881"}],"curies":[{"name":"wp","href":"https:\/\/api.w.org\/{rel}","templated":true}]}}