{"id":17884,"date":"2019-02-27T11:18:10","date_gmt":"2019-02-27T16:18:10","guid":{"rendered":"https:\/\/linitiative.ca\/International\/ouverture-a-abidjan-du-1er-dialogue-avec-le-secteur-prive-sur-la-resilience-du-littoral-ouest-africain-face-aux-changements-climatiques\/"},"modified":"2019-02-27T11:18:10","modified_gmt":"2019-02-27T16:18:10","slug":"ouverture-a-abidjan-du-1er-dialogue-avec-le-secteur-prive-sur-la-resilience-du-littoral-ouest-africain-face-aux-changements-climatiques","status":"publish","type":"post","link":"https:\/\/linitiative.ca\/International\/ouverture-a-abidjan-du-1er-dialogue-avec-le-secteur-prive-sur-la-resilience-du-littoral-ouest-africain-face-aux-changements-climatiques\/","title":{"rendered":"Ouverture \u00e0 Abidjan du 1er dialogue avec le secteur priv\u00e9 sur la r\u00e9silience du littoral ouest-africain face aux changements climatiques"},"content":{"rendered":"<div readability=\"32\">\n<p>Publi\u00e9 le 27.02.2019 \u00e0 17h18 par APA News<\/p>\n<\/div>\n<div readability=\"108\">\n<p>Le ministre ivoirien de l\u2019Environnement et du d\u00e9veloppement durable, Joseph S\u00e9ka S\u00e9ka, a proc\u00e9d\u00e9 mercredi \u00e0 l\u2019ouverture du premier dialogue r\u00e9gional avec le priv\u00e9 en vue de l\u2019implication de ce secteur dans la mise en \u0153uvre d\u2019actions pour le renforcement de la r\u00e9silience du littoral ouest-africain face aux changements climatiques, lors d\u2019une c\u00e9r\u00e9monie \u00e0 Abidjan.Ce dialogue r\u00e9gional avec le secteur priv\u00e9, qui se d\u00e9roule du 27 au 28 f\u00e9vrier 2019, s\u2019inscrit dans le cadre du Programme WACA (West africa coastal areas management program). Il vise \u00e0 aider les pays du littoral ouest-africain \u00e0 g\u00e9rer d\u2019une mani\u00e8re durable la zone c\u00f4ti\u00e8re.<\/p>\n<p>Selon Peter Kristensen, charg\u00e9 de la gestion des programmes sur l\u2019environnement et les ressources naturelles \u00e0 la Banque mondiale, \u00e0 Washington, ce projet comprend un volet concernant le financement de projets des pays et l\u2019int\u00e9gration r\u00e9gionale.\u00a0<\/p>\n<p>\u00ab Ce n\u2019est pas seulement la Banque mondiale qui a le fonds, il y a d\u2019autres bailleurs de fonds et le secteur priv\u00e9 \u00bb et \u00e0 travers cet atelier \u00ab il s\u2019agit de voir comment le secteur priv\u00e9 peut jouer un r\u00f4le durable dans la pr\u00e9servation de la zone c\u00f4ti\u00e8re \u00bb, a indiqu\u00e9 M. Kristensen, responsable du programme WACA \u00e0 la Banque mondiale.\u00a0<\/p>\n<p>Le littoral ouest-africain est notamment affect\u00e9 par l\u2019\u00e9rosion c\u00f4ti\u00e8re et l\u2019utilisation du sable qui favorise l\u2019avanc\u00e9e de la mer. Par ailleurs, la fragilisation des c\u00f4tes par la pression anthropique avec l\u2019\u00e9l\u00e9vation du niveau de la mer, provoque un recul moyen de un \u00e0 trois m\u00e8tres par an.<\/p>\n<p>\u00ab Une telle situation menace fortement les infrastructures \u00e9conomiques de premier plan de notre pays comme la soci\u00e9t\u00e9 ivoirienne de raffinage, l\u2019a\u00e9roport d\u2019Abidjan, les ports autonomes d\u2019Abidjan et de San-Pedro ainsi que les installations \u00e0 usage d\u2019habitation \u00bb, a dit M. S\u00e9ka S\u00e9ka.<\/p>\n<p>Il a fait savoir qu\u2019un ph\u00e9nom\u00e8ne exceptionnel marin est survenu dans le village de Lahou-Kpanda, dans le Sud ivoirien, en janvier, o\u00f9 une soixantaine de tombes ont \u00e9t\u00e9 arrach\u00e9es et englouties dans la mer, une illustration de cette \u00ab forte menace \u00bb qui p\u00e8se sur les populations c\u00f4ti\u00e8res.<\/p>\n<p><ins data-revive-zoneid=\"9\" data-revive-id=\"10111e19d28d19d031742ee3b0b33eb0\"\/> <\/p>\n<p>L\u2019appui financier sp\u00e9cifique accord\u00e9 par l\u2019administration de la Banque mondiale pour le projet WACA est estim\u00e9 \u00e0 225 millions de dollars (129,65 milliards Fcfa) pour six pays et pour l\u2019int\u00e9gration r\u00e9gionale. Selon M. Kritisensen, \u00a0une enveloppe entre 30 et 40 millions (17,28 milliards Fcfa \u00e0 23,04 milliards Fcfa) devrait \u00eatre allou\u00e9e \u00e0 chacun de ces six pays pour des interventions sp\u00e9cifiques.<\/p>\n<p>Les six pays b\u00e9n\u00e9ficiaires du premier projet r\u00e9gional WACA sont la Mauritanie, le S\u00e9n\u00e9gal, la C\u00f4te d\u2019Ivoire, le Togo, le B\u00e9nin et Sao Tom\u00e9. Pour chacun de ces pays il est pr\u00e9vu des aspects transfrontaliers \u00e0 adresser. En outre, le Nigeria et la Gambie devront \u00eatre ajout\u00e9s \u00e0 ce projet.<\/p>\n<p>\u00ab Au Ghana, l\u2019Universit\u00e9 de Cap Coast a \u00e9t\u00e9 (r\u00e9cemment) s\u00e9lectionn\u00e9e pour le programme WACA et va engager des programmes de formation qui devraient permettre de former des jeunes, de futurs ing\u00e9nieurs et autres administrateurs dans la sous-r\u00e9gion \u00bb, a poursuivi M. Kritisensen. \u00a0 \u00a0\u00a0<\/p>\n<p>Le littoral ouest-africain s\u2019\u00e9tend de la Mauritanie au Gabon et comprend 17 pays. Il abrite pr\u00e8s d\u2019un tiers de la population de ces \u00c9tats. Le programme WACA devrait permettre la r\u00e9silience des zones c\u00f4ti\u00e8res de ces pays \u00e0 travers des actions d\u2019am\u00e9nagement et de gestion int\u00e9gr\u00e9e du littoral. \u00a0<\/p>\n<\/div>\n<p>Auteur: APA News<br \/>\n<a href=\"https:\/\/www.journalducameroun.com\/ouverture-a-abidjan-du-1er-dialogue-avec-le-secteur-prive-sur-la-resilience-du-littoral-ouest-africain-face-aux-changements-climatiques\/\">Cliquez ici pour lire l&rsquo;article depuis sa source.<\/a><\/p>\n","protected":false},"excerpt":{"rendered":"<p>Publi\u00e9 le 27.02.2019 \u00e0 17h18 par APA News Le ministre ivoirien de l\u2019Environnement et du d\u00e9veloppement durable, Joseph S\u00e9ka S\u00e9ka, a proc\u00e9d\u00e9 mercredi \u00e0 l\u2019ouverture du premier dialogue r\u00e9gional avec le priv\u00e9 en vue de l\u2019implication de ce secteur dans la mise en \u0153uvre d\u2019actions pour le renforcement de la r\u00e9silience du littoral ouest-africain face [&hellip;]<\/p>\n","protected":false},"author":1965,"featured_media":0,"comment_status":"closed","ping_status":"closed","sticky":false,"template":"","format":"standard","meta":{"fifu_image_url":"","fifu_image_alt":"","footnotes":""},"categories":[73,82],"tags":[],"class_list":["post-17884","post","type-post","status-publish","format-standard","hentry","category-actualite","category-cameroun"],"_links":{"self":[{"href":"https:\/\/linitiative.ca\/International\/wp-json\/wp\/v2\/posts\/17884","targetHints":{"allow":["GET"]}}],"collection":[{"href":"https:\/\/linitiative.ca\/International\/wp-json\/wp\/v2\/posts"}],"about":[{"href":"https:\/\/linitiative.ca\/International\/wp-json\/wp\/v2\/types\/post"}],"author":[{"embeddable":true,"href":"https:\/\/linitiative.ca\/International\/wp-json\/wp\/v2\/users\/1965"}],"replies":[{"embeddable":true,"href":"https:\/\/linitiative.ca\/International\/wp-json\/wp\/v2\/comments?post=17884"}],"version-history":[{"count":0,"href":"https:\/\/linitiative.ca\/International\/wp-json\/wp\/v2\/posts\/17884\/revisions"}],"wp:attachment":[{"href":"https:\/\/linitiative.ca\/International\/wp-json\/wp\/v2\/media?parent=17884"}],"wp:term":[{"taxonomy":"category","embeddable":true,"href":"https:\/\/linitiative.ca\/International\/wp-json\/wp\/v2\/categories?post=17884"},{"taxonomy":"post_tag","embeddable":true,"href":"https:\/\/linitiative.ca\/International\/wp-json\/wp\/v2\/tags?post=17884"}],"curies":[{"name":"wp","href":"https:\/\/api.w.org\/{rel}","templated":true}]}}