{"id":17897,"date":"2019-02-27T11:50:02","date_gmt":"2019-02-27T16:50:02","guid":{"rendered":"https:\/\/linitiative.ca\/International\/fuir-ou-mourir-les-jihadistes-divises-dans-le-dernier-reduit-de-lei-en-syrie\/"},"modified":"2019-02-27T11:50:02","modified_gmt":"2019-02-27T16:50:02","slug":"fuir-ou-mourir-les-jihadistes-divises-dans-le-dernier-reduit-de-lei-en-syrie","status":"publish","type":"post","link":"https:\/\/linitiative.ca\/International\/fuir-ou-mourir-les-jihadistes-divises-dans-le-dernier-reduit-de-lei-en-syrie\/","title":{"rendered":"Fuir ou mourir: les jihadistes divis\u00e9s dans le dernier r\u00e9duit de l\u2019EI en Syrie"},"content":{"rendered":"<p>Certains sont d\u00e9termin\u00e9s \u00e0 se battre jusqu\u2019\u00e0 la mort, d\u2019autres veulent juste fuir: dans le dernier r\u00e9duit du groupe Etat islamique en Syrie, une fracture est apparue au sein des jihadistes accul\u00e9s et affam\u00e9s.<\/p>\n<p>Des centaines de combattants, notamment \u00e9trangers, des femmes et des enfants se trouvent toujours dans la poche de moins d\u2019un kilom\u00e8tre carr\u00e9 tenue par l\u2019EI dans le village de Baghouz, aux confins orientaux de la Syrie.<\/p>\n<p>Ceux qui ont fui racontent aux journalistes un quotidien marqu\u00e9 par les privations, les bombardements, mais aussi les divisions au sein des jihadistes.<\/p>\n<p>\u00ab\u00a0Certains veulent se battre, certains ne veulent pas se battre, et d\u2019autres veulent s\u2019\u00e9chapper\u00a0\u00bb, confie \u00e0 l\u2019AFP Ahmad al-Joura, un de ceux qui ont abandonn\u00e9 ces derniers jours le secteur.<\/p>\n<p>Comme des milliers d\u2019autres sortis de Baghouz, il s\u2019est retrouv\u00e9 entre les mains des Forces d\u00e9mocratiques syriennes (FDS), l\u2019alliance arabo-kurde engag\u00e9e contre les jihadistes.<\/p>\n<p>Ce trentenaire fait partie des rares hommes autoris\u00e9s par les FDS \u00e0 parler aux journalistes, m\u00eame si le r\u00e9cit qu\u2019il fait ne peut \u00eatre v\u00e9rifi\u00e9 de mani\u00e8re ind\u00e9pendante par l\u2019AFP.<\/p>\n<p>Originaire de la province centrale de Homs, il assure ne jamais avoir combattu avec les jihadistes. \u00ab\u00a0Ils vivaient parmi nous sur un territoire tr\u00e8s \u00e9troit\u00a0\u00bb, l\u00e2che-t-il, alors que les FDS ont accus\u00e9 les combattants de l\u2019EI de se m\u00ealer aux civils pour les utiliser comme boucliers humains.<\/p>\n<p>M. Joura ne se fait pas d\u2019illusion sur le sort qui attend les combattants de l\u2019EI.<\/p>\n<p>\u00ab\u00a0Il n\u2019y a plus rien \u00e0 manger l\u00e0-bas, comment combattre?\u00a0\u00bb, s\u2019interroge-t-il. \u00ab\u00a0Pour porter une arme, il faut \u00eatre fort physiquement\u00a0\u00bb.<\/p>\n<p>\u2013 \u00ab\u00a0Ceintures explosives\u00a0\u00bb \u2013<\/p>\n<p>Lui-m\u00eame est sorti avec sa famille parce qu\u2019il n\u2019avait \u00ab\u00a0plus de travail\u00a0\u00bb.<\/p>\n<p>\u00ab\u00a0La situation est terrible, on buvait de l\u2019eau sale\u00a0\u00bb, indique l\u2019homme assis \u00e0 terre, emmitoufl\u00e9 dans un kaftan traditionnel, un foulard marron autour du visage.<\/p>\n<p>Du \u00ab\u00a0califat\u00a0\u00bb jihadiste autoproclam\u00e9 en 2014 et qui couvrait autrefois de vastes r\u00e9gions et de grandes villes en Syrie et en Irak, il ne reste plus que quelques p\u00e2t\u00e9s de maisons accol\u00e9s \u00e0 un campement informel.<\/p>\n<p>Y sont retranch\u00e9s des Syriens et des Irakiens, mais aussi de nombreux \u00e9trangers, les \u00ab\u00a0mouhajirine\u00a0\u00bb comment les appelle l\u2019EI. Tous ceux qui sortent ne cachent pas leur amertume face aux traitements de faveurs dans la poche jihadiste.<\/p>\n<p>\u00ab\u00a0Il y a des gens pour qui rien n\u2019a chang\u00e9 avec le si\u00e8ge, mais d\u2019autres qui en sont morts\u00a0\u00bb, confie Nour Ghroush, une Syrienne de 20 ans originaire du nord-est syrien, assise avec sa belle-soeur et un enfant qu\u2019elle a adopt\u00e9 apr\u00e8s la mort de ses deux parents.<\/p>\n<p>\u00ab\u00a0Il y a des membres de l\u2019EI et des \u00e9trangers qui ach\u00e8tent ce qu\u2019ils veulent\u00a0\u00bb, ajoute-t-elle.<\/p>\n<p><ins data-revive-zoneid=\"9\" data-revive-id=\"10111e19d28d19d031742ee3b0b33eb0\"\/> <\/p>\n<p>Elle raconte que les jihadistes sont \u00ab\u00a0partout\u00a0\u00bb, dans les rues \u00ab\u00a0avec leurs armes, leurs bombes, leurs ceintures explosives\u00a0\u00bb.<\/p>\n<p>Sa belle-soeur A\u00efcha Abdel Azim intervient pour expliquer que \u00ab\u00a0beaucoup de familles se trouvent \u00e0 l\u2019int\u00e9rieur\u00a0\u00bb.<\/p>\n<p>\u00ab\u00a0Seuls ceux qui ont de l\u2019argent peuvent acheter des choses. Quant \u00e0 nous, c\u2019\u00e9tait un jour on mangeait, un jour non\u00a0\u00bb, d\u00e9plore cette m\u00e8re de famille d\u2019une trentaine d\u2019ann\u00e9es.<\/p>\n<p>\u2013 \u00ab\u00a0On \u00e9tait convaincu\u00a0\u00bb \u2013<\/p>\n<p>Depuis d\u00e9cembre, pr\u00e8s de 50.000 personnes au total, principalement des familles de jihadistes, ont quitt\u00e9 la poche de l\u2019EI, selon l\u2019Observatoire syrien des droits de l\u2019Homme (OSDH).<\/p>\n<p>Rien que ces derniers jours, quatre \u00e9vacuations massives ont eu lieu.<\/p>\n<p>Plusieurs femmes interrog\u00e9es par l\u2019AFP ont r\u00e9cemment expliqu\u00e9 qu\u2019une voiture de la Hisba, police religieuse de l\u2019EI, avait fait le tour du r\u00e9duit pour pr\u00e9venir les familles des bless\u00e9s qu\u2019elles \u00e9taient autoris\u00e9es \u00e0 partir si elles le souhaitaient.<\/p>\n<p>Mais c\u2019est \u00e0 contre-coeur qu\u2019Israa a fait le choix de sortir, pour sauver son neveu malade.<\/p>\n<p>\u00ab\u00a0Il n\u2019y a pas de lait, et il est tr\u00e8s malade \u00e0 cause de la faim\u00a0\u00bb, explique cette Irakienne originaire de Bagdad.<\/p>\n<p>\u00ab\u00a0Le m\u00e9decin lui a prescrit du lait de vache. Mais il n\u2019y avait pas de vaches\u00a0\u00bb, explique-t-elle.<\/p>\n<p>Apr\u00e8s des fouilles et des interrogatoires pouss\u00e9s, femmes et enfants sont transf\u00e9r\u00e9s vers des camps de d\u00e9plac\u00e9s du nord-est syrien.<\/p>\n<p>Quand un camion d\u00e9barque pr\u00e8s de Baghouz, tout le monde s\u2019y pr\u00e9cipite pour \u00eatre s\u00fbr d\u2019avoir une place, et ne pas passer la nuit \u00e0 l\u2019ext\u00e9rieur en attendant le prochain convoi.<\/p>\n<p>Tenant pr\u00e9cieusement dans ses mains du pain, du lait et des couches, Asmahane tente de trouver une place. Mais la trentenaire confie qu\u2019elle serait bien rest\u00e9e avec l\u2019EI.<\/p>\n<p>\u00ab\u00a0Oui on souffrait de la faim. Mais on \u00e9tait convaincu par ce qu\u2019on faisait\u00a0\u00bb, ass\u00e8ne cette maman de trois enfants.<\/p>\n<p>Auteur: AFP<br \/>\n<a href=\"https:\/\/www.journalducameroun.com\/fuir-ou-mourir-les-jihadistes-divises-dans-le-dernier-reduit-de-lei-en-syrie\/\">Cliquez ici pour lire l&rsquo;article depuis sa source.<\/a><\/p>\n","protected":false},"excerpt":{"rendered":"<p>Certains sont d\u00e9termin\u00e9s \u00e0 se battre jusqu\u2019\u00e0 la mort, d\u2019autres veulent juste fuir: dans le dernier r\u00e9duit du groupe Etat islamique en Syrie, une fracture est apparue au sein des jihadistes accul\u00e9s et affam\u00e9s. Des centaines de combattants, notamment \u00e9trangers, des femmes et des enfants se trouvent toujours dans la poche de moins d\u2019un kilom\u00e8tre [&hellip;]<\/p>\n","protected":false},"author":1965,"featured_media":0,"comment_status":"closed","ping_status":"closed","sticky":false,"template":"","format":"standard","meta":{"fifu_image_url":"","fifu_image_alt":"","footnotes":""},"categories":[73,82],"tags":[],"class_list":["post-17897","post","type-post","status-publish","format-standard","hentry","category-actualite","category-cameroun"],"_links":{"self":[{"href":"https:\/\/linitiative.ca\/International\/wp-json\/wp\/v2\/posts\/17897","targetHints":{"allow":["GET"]}}],"collection":[{"href":"https:\/\/linitiative.ca\/International\/wp-json\/wp\/v2\/posts"}],"about":[{"href":"https:\/\/linitiative.ca\/International\/wp-json\/wp\/v2\/types\/post"}],"author":[{"embeddable":true,"href":"https:\/\/linitiative.ca\/International\/wp-json\/wp\/v2\/users\/1965"}],"replies":[{"embeddable":true,"href":"https:\/\/linitiative.ca\/International\/wp-json\/wp\/v2\/comments?post=17897"}],"version-history":[{"count":0,"href":"https:\/\/linitiative.ca\/International\/wp-json\/wp\/v2\/posts\/17897\/revisions"}],"wp:attachment":[{"href":"https:\/\/linitiative.ca\/International\/wp-json\/wp\/v2\/media?parent=17897"}],"wp:term":[{"taxonomy":"category","embeddable":true,"href":"https:\/\/linitiative.ca\/International\/wp-json\/wp\/v2\/categories?post=17897"},{"taxonomy":"post_tag","embeddable":true,"href":"https:\/\/linitiative.ca\/International\/wp-json\/wp\/v2\/tags?post=17897"}],"curies":[{"name":"wp","href":"https:\/\/api.w.org\/{rel}","templated":true}]}}