{"id":17899,"date":"2019-02-27T11:35:39","date_gmt":"2019-02-27T16:35:39","guid":{"rendered":"https:\/\/linitiative.ca\/International\/les-oeuvres-artistiques-de-abdelghafour-benbadryef-sous-les-feux-des-projecteurs-a-essaouira\/"},"modified":"2019-02-27T11:35:39","modified_gmt":"2019-02-27T16:35:39","slug":"les-oeuvres-artistiques-de-abdelghafour-benbadryef-sous-les-feux-des-projecteurs-a-essaouira","status":"publish","type":"post","link":"https:\/\/linitiative.ca\/International\/les-oeuvres-artistiques-de-abdelghafour-benbadryef-sous-les-feux-des-projecteurs-a-essaouira\/","title":{"rendered":"Les oeuvres artistiques de Abdelghafour Benbadryef sous les feux des projecteurs \u00e0 Essaouira"},"content":{"rendered":"<div readability=\"37\">\n<p>Essaouira \u2013 Le vernissage de l\u2019exposition d\u2019une collection d\u2019oeuvres artistiques, sign\u00e9e Abdelghafour Benbadryef sous l\u2019intitul\u00e9 \u00a0\u00bbNajmah\u00a0\u00bb, a eu lieu mardi soir \u00e0 Essaouira et ce, \u00e0 l\u2019occasion du premier Congr\u00e8s International sur les Territoires Innovants (CITI-2019).<\/p>\n<\/div>\n<div readability=\"130\">\n<p>Visible aux cimaises de l\u2019espace d\u2019exposition de Dar Souiri, cette collection compos\u00e9e d\u2019une quinzaine d\u2019oeuvres artistiques alliant, avec finesse, peinture et art photographique, met \u00e0 l\u2019honneur le tatouage amazigh d\u2019un point de vue esth\u00e9tique et artistique en tant que dessin et art \u00e0 part enti\u00e8re.<\/p>\n<p>Ces toiles, avec un arri\u00e8re-plan en peinture mettant en avant le drapeau marocain, et des portraits de femmes tatou\u00e9es, illustrent la singularit\u00e9 et la richesse d\u2019un patrimoine national s\u00e9culaire et combien ancr\u00e9 dans les traditions.<\/p>\n<p>Au sujet de cette exposition, le professeur universitaire Larbi Safaa a indiqu\u00e9 que si le tatouage a envahi la soci\u00e9t\u00e9 contemporaine et qu\u2019abstraction faite de sa signification et du motif de se faire tatouer, \u00ab\u00a0Abdelghafour Benbadryef ne cherche pas \u00e0 faire une analyse anthropologique du signe ni de la\u00a0sociologie; il cherche de fa\u00e7on simple \u00e0 rendre hommage \u00e0 nos grands-m\u00e8res, aux femmes du village, qui gravent sur leurs corps des signes porteurs de sagesse ou tout simplement de f\u00e9tichisme innocent\u00a0\u00bb.<\/p>\n<p>Et de poursuivre qu&rsquo;\u00a0\u00bbentre l\u2019authentiquement faux ou le faussement authentique, le style pictural d\u2019Abdelghafour Benbadryef renouvelle \u00e0 sa mani\u00e8re la dichotomie derridienne qui nous pousse non pas \u00e0 nous positionner d\u2019un antipode \u00e0 un autre, \u00e0 aimer ou ne pas aimer, mais \u00e0 adh\u00e9rer \u00e0 cette suggestion d\u2019un monde r\u00eav\u00e9, imagin\u00e9 et mis en sc\u00e8ne\u00a0\u00bb.<\/p>\n<p>\u00a0\u00bbConjuguant une mise en sc\u00e8ne picturale d\u00e9lib\u00e9r\u00e9e avec une r\u00e9alit\u00e9 surcharg\u00e9e et triviale, cette aventure pittoresque op\u00e8re un syncr\u00e9tisme subtil mais cliv\u00e9 entre le kitsch, le pop art et un romantisme orientaliste. Le corps y est sain, naturel, mais pudique\u2026 une esth\u00e9tique intemporelle qui trompe le diktat actuel de la beaut\u00e9 format\u00e9e, un regard introspectif qui veut montrer la femme marocaine dans son h\u00e9ritage pluriel\u00a0\u00bb, explique-t-il.<\/p>\n<p>Dans ce travail, une valeur est requise : ne serait-ce pas celle de la pudeur ? Une pudeur du regard, du geste, sans pour autant neutraliser le r\u00f4le du corps comme r\u00e9ceptacle du signe\u2026 Comme si le corps et la mise en sc\u00e8ne rivalisaient, s\u2019accordaient puis se donnaient comme support pour rendre hommage \u00e0 la magnificence, \u00e0 l\u2019exhibition pittoresque et majestueuse du signe, sans conc\u00e9der \u00e0 l\u2019exotisme mis en f\u00eate, conclut le professeur Larbi Safaa.<\/p>\n<p>\u00ab\u00a0Cette exposition est un vibrant hommage \u00e0 toutes les femmes mais aussi un d\u00e9sir d\u2019assurer la transmission de cet art autour du tatouage, \u00e0 toutes les g\u00e9n\u00e9rations montantes\u00a0\u00bb, a confi\u00e9 \u00e0 la MAP, l\u2019artiste Abdelghafour Benbadryef, notant que dans son travail sur le tatouage amazigh, il s\u2019y int\u00e9resse comme \u00a0\u00bbdessin\u00a0\u00bb et comme \u00a0\u00bbsigne\u00a0\u00bb sans chercher les significations.<\/p>\n<p>Sur le choix de l\u2019intitul\u00e9 de l\u2019exposition \u00a0\u00bbNajmah\u00a0\u00bb, il a fait savoir que ce mot peut \u00eatre compris dans le sens d\u2019un pr\u00e9nom f\u00e9minin, comme il d\u00e9signe l\u2019\u00e9toile verte du drapeau marocain et qu\u2019on trouve pr\u00e9sente avec force dans l\u2019arri\u00e8re-plan de ses oeuvres.<\/p>\n<p>\u00a0\u00bbIl s\u2019agit aussi de pr\u00e9server l\u2019identit\u00e9 nationale et de lui rendre hommage\u00a0\u00bb, a-t-il expliqu\u00e9, notant que dans son oeuvre, un int\u00e9r\u00eat particulier est accord\u00e9 \u00e0 l\u2019aspect esth\u00e9tique et artistique du tatouage.<\/p>\n<p>Natif de Marrakech en 1978 o\u00f9 il vit et travaille, Abdelghafour Benbadryef avait pour source d\u2019inspiration, d\u00e8s son jeune \u00e2ge, la richesse de sa ville natale, ses couleurs, ses lumi\u00e8res et sa culture.<\/p>\n<p>Initi\u00e9 par son fr\u00e8re, il prend ses premiers clich\u00e9s en 1994 o\u00f9 il touche au d\u00e9veloppement et au tirage argentique.<\/p>\n<p>Benbadryef collabore avec plusieurs artistes plasticiens, notamment Larbi Cherkaoui, Hassan Hajjaj et Noureddine Tilsaghani, et dispose \u00e0 son actif de plusieurs expositions individuelles et collectives.<\/p>\n<\/div>\n<p>Auteur: Meriem IGASS<br \/>\n<a href=\"http:\/\/www.mapmarrakech.ma\/fr\/les-oeuvres-artistiques-de-abdelghafour-benbadryef-sous-les-feux-des-projecteurs-a-essaouira\/\">Cliquez ici pour lire l&rsquo;article depuis sa source.<\/a><\/p>\n","protected":false},"excerpt":{"rendered":"<p>Essaouira \u2013 Le vernissage de l\u2019exposition d\u2019une collection d\u2019oeuvres artistiques, sign\u00e9e Abdelghafour Benbadryef sous l\u2019intitul\u00e9 \u00a0\u00bbNajmah\u00a0\u00bb, a eu lieu mardi soir \u00e0 Essaouira et ce, \u00e0 l\u2019occasion du premier Congr\u00e8s International sur les Territoires Innovants (CITI-2019). Visible aux cimaises de l\u2019espace d\u2019exposition de Dar Souiri, cette collection compos\u00e9e d\u2019une quinzaine d\u2019oeuvres artistiques alliant, avec finesse, [&hellip;]<\/p>\n","protected":false},"author":1788,"featured_media":0,"comment_status":"closed","ping_status":"closed","sticky":false,"template":"","format":"standard","meta":{"fifu_image_url":"","fifu_image_alt":"","footnotes":""},"categories":[54,76],"tags":[],"class_list":["post-17899","post","type-post","status-publish","format-standard","hentry","category-maroc","category-regions"],"_links":{"self":[{"href":"https:\/\/linitiative.ca\/International\/wp-json\/wp\/v2\/posts\/17899","targetHints":{"allow":["GET"]}}],"collection":[{"href":"https:\/\/linitiative.ca\/International\/wp-json\/wp\/v2\/posts"}],"about":[{"href":"https:\/\/linitiative.ca\/International\/wp-json\/wp\/v2\/types\/post"}],"author":[{"embeddable":true,"href":"https:\/\/linitiative.ca\/International\/wp-json\/wp\/v2\/users\/1788"}],"replies":[{"embeddable":true,"href":"https:\/\/linitiative.ca\/International\/wp-json\/wp\/v2\/comments?post=17899"}],"version-history":[{"count":0,"href":"https:\/\/linitiative.ca\/International\/wp-json\/wp\/v2\/posts\/17899\/revisions"}],"wp:attachment":[{"href":"https:\/\/linitiative.ca\/International\/wp-json\/wp\/v2\/media?parent=17899"}],"wp:term":[{"taxonomy":"category","embeddable":true,"href":"https:\/\/linitiative.ca\/International\/wp-json\/wp\/v2\/categories?post=17899"},{"taxonomy":"post_tag","embeddable":true,"href":"https:\/\/linitiative.ca\/International\/wp-json\/wp\/v2\/tags?post=17899"}],"curies":[{"name":"wp","href":"https:\/\/api.w.org\/{rel}","templated":true}]}}