{"id":17910,"date":"2019-02-27T11:50:03","date_gmt":"2019-02-27T16:50:03","guid":{"rendered":"https:\/\/linitiative.ca\/International\/au-cachemire-les-habitants-fuient-de-crainte-dun-nouveau-conflit-indo-pakistanais\/"},"modified":"2019-02-27T11:50:03","modified_gmt":"2019-02-27T16:50:03","slug":"au-cachemire-les-habitants-fuient-de-crainte-dun-nouveau-conflit-indo-pakistanais","status":"publish","type":"post","link":"https:\/\/linitiative.ca\/International\/au-cachemire-les-habitants-fuient-de-crainte-dun-nouveau-conflit-indo-pakistanais\/","title":{"rendered":"Au Cachemire, les habitants fuient de crainte d\u2019un nouveau conflit indo-pakistanais"},"content":{"rendered":"<div readability=\"32\">\n<p>Publi\u00e9 le 27.02.2019 \u00e0 17h50 par AFP<\/p>\n<\/div>\n<div readability=\"141\">\n<p>Ils sont des milliers \u00e0 avoir fui leurs villages au Cachemire indien et pakistanais, tandis que d\u2019autres remettent h\u00e2tivement en \u00e9tat leurs bunkers longtemps inutilis\u00e9s \u00e0 la suite d\u2019un regain de vive tension entre les deux puissances nucl\u00e9aires voisines.<\/p>\n<p>Des tirs nourris r\u00e9sonnent depuis mardi des deux c\u00f4t\u00e9s de la Ligne de contr\u00f4le, cette zone militaris\u00e9e qui sert de d\u00e9marcation entre les parties indienne et pakistanaise du Cachemire, for\u00e7ant les habitants \u00e0 se chercher un abri.<\/p>\n<p>Quatre personnes, dont deux enfants, sont mortes mardi soir dans un \u00e9change de tirs, ont d\u00e9clar\u00e9 les autorit\u00e9s locales pakistanaises \u00e0 l\u2019AFP.<\/p>\n<p>Mercredi, la pression s\u2019est encore intensifi\u00e9e quand Islamabad a affirm\u00e9 avoir abattu deux avions indiens qui avaient p\u00e9n\u00e9tr\u00e9 dans son espace a\u00e9rien. New Delhi a de son c\u00f4t\u00e9 d\u00e9clar\u00e9 avoir d\u00e9truit un chasseur pakistanais.<\/p>\n<p>Au moins 2.000 personnes ont \u00e9vacu\u00e9 les districts frontaliers de Kotli et de la vall\u00e9e de Jhelum, c\u00f4t\u00e9 pakistanais, a-t-on appris aupr\u00e8s de responsables, qui ont annonc\u00e9 la fermeture des \u00e9coles publiques de la zone. L\u2019exode a aussi frapp\u00e9 d\u2019autres districts.<\/p>\n<p>\u00ab\u00a0De plus en plus de personnes quittent leurs maisons et se rendent dans des endroits plus s\u00fbrs\u00a0\u00bb, a d\u00e9clar\u00e9 Umar Azam, un fonctionnaire \u00e0 Kotli.<\/p>\n<p>Internet a \u00e9galement \u00e9t\u00e9 coup\u00e9 dans certains territoires pr\u00e8s de la fronti\u00e8re, ce qui est souvent un signe de forte activit\u00e9 militaire.<\/p>\n<p>Femmes, hommes et enfants, portant sacs et valises, \u00e9taient visibles sur les routes. Certains \u00e9taient accompagn\u00e9s de leur b\u00e9tail.<\/p>\n<p>Inde et Pakistan se sont livr\u00e9 trois guerres depuis leur ind\u00e9pendance en 1947, dont deux autour de la r\u00e9gion himalayenne du Cachemire, revendiqu\u00e9e par les deux pays, et chaque pouss\u00e9e de fi\u00e8vre fait des victimes des deux c\u00f4t\u00e9s.<\/p>\n<p>\u2013 \u00ab\u00a0Pas en s\u00e9curit\u00e9\u00a0\u00bb \u2013<\/p>\n<p>Les obus tombaient toujours lorsque Habib Ullah Awan a fui son domicile avec huit membres de sa famille t\u00f4t mercredi.<\/p>\n<p><ins data-revive-zoneid=\"9\" data-revive-id=\"10111e19d28d19d031742ee3b0b33eb0\"\/> <\/p>\n<p>\u00ab\u00a0Ma maison n\u2019\u00e9tait pas en s\u00e9curit\u00e9 \u00e0 cause des tirs d\u2019obus\u00a0\u00bb, explique \u00e0 l\u2019AFP cet \u00e9picier de 46 ans vivant \u00e0 Chakothi, petit bourg sur la fronti\u00e8re indo-pakistanaise. \u00ab\u00a0Il ne restera plus rien si un obus (la) frappe\u00a0\u00bb, t\u00e9moigne-t-il.<\/p>\n<p>Comme lui, la plupart des habitants de Chakothi se sont rendus \u00e0 Muzaffarabad, la principale ville du Cachemire pakistanais, ou chez des proches vivant dans d\u2019autres villages. L\u2019administration locale a \u00e9galement \u00e9tabli un camp \u00e0 l\u2019intention des d\u00e9plac\u00e9s \u00e0 Hattian Bala.<\/p>\n<p>Mushtaq Ahmed affirme, lui, qu\u2019il emm\u00e8ne femme et enfants \u00e0 Muzaffarabad. \u00ab\u00a0Mais je reviendrai. Je ne peux pas me permettre de laisser ma maison et mes biens sans surveillance\u00a0\u00bb, a-t-il indiqu\u00e9 \u00e0 l\u2019AFP.<\/p>\n<p>C\u00f4t\u00e9 indien, les habitants font \u00e9galement \u00e9tat de bombardements intensifs.<\/p>\n<p>\u00ab\u00a0Nous avons pass\u00e9 une nuit d\u2019horreur. Les obus n\u2019ont pas touch\u00e9 le village, mais les avions de combat nous survolent encore\u00a0\u00bb, raconte Tariq, qui vit \u00e0 Kamalkote.<\/p>\n<p>A Poonch, plus au sud de la Ligne de contr\u00f4le, les autorit\u00e9s ont demand\u00e9 aux habitants de pr\u00e9parer des bunkers, m\u00eame si aucune victime n\u2019y a \u00e9t\u00e9 recens\u00e9e \u00e0 ce stade.<\/p>\n<p>Certains ont entrepris, seaux \u00e0 la main, de vider l\u2019eau ayant noy\u00e9 ces abris souterrains apr\u00e8s un hiver rigoureux.<\/p>\n<p>D\u2019autres ont quitt\u00e9 leurs maisons. \u00ab\u00a0Cela arrive r\u00e9guli\u00e8rement\u00a0\u00bb, observe l\u2019un d\u2019entre eux, qui a requis l\u2019anonymat. \u00ab\u00a0Mes proches savent que ma famille va arriver\u00a0\u00bb.<\/p>\n<p>D\u2019apr\u00e8s Baseer Khan, un haut responsable gouvernemental du Cachemire indien, les autorit\u00e9s sont toujours pr\u00eates \u00e0 \u00e9vacuer les habitants de la fronti\u00e8re, mais aucun ordre n\u2019a pour l\u2019instant \u00e9t\u00e9 donn\u00e9 en ce sens.<\/p>\n<p>burs-str\/tw\/st\/jf\/ahe\/agr<\/p>\n<\/div>\n<p>Auteur: AFP<br \/>\n<a href=\"https:\/\/www.journalducameroun.com\/au-cachemire-les-habitants-fuient-de-crainte-dun-nouveau-conflit-indo-pakistanais\/\">Cliquez ici pour lire l&rsquo;article depuis sa source.<\/a><\/p>\n","protected":false},"excerpt":{"rendered":"<p>Publi\u00e9 le 27.02.2019 \u00e0 17h50 par AFP Ils sont des milliers \u00e0 avoir fui leurs villages au Cachemire indien et pakistanais, tandis que d\u2019autres remettent h\u00e2tivement en \u00e9tat leurs bunkers longtemps inutilis\u00e9s \u00e0 la suite d\u2019un regain de vive tension entre les deux puissances nucl\u00e9aires voisines. Des tirs nourris r\u00e9sonnent depuis mardi des deux c\u00f4t\u00e9s [&hellip;]<\/p>\n","protected":false},"author":1965,"featured_media":0,"comment_status":"closed","ping_status":"closed","sticky":false,"template":"","format":"standard","meta":{"fifu_image_url":"","fifu_image_alt":"","footnotes":""},"categories":[73,82],"tags":[],"class_list":["post-17910","post","type-post","status-publish","format-standard","hentry","category-actualite","category-cameroun"],"_links":{"self":[{"href":"https:\/\/linitiative.ca\/International\/wp-json\/wp\/v2\/posts\/17910","targetHints":{"allow":["GET"]}}],"collection":[{"href":"https:\/\/linitiative.ca\/International\/wp-json\/wp\/v2\/posts"}],"about":[{"href":"https:\/\/linitiative.ca\/International\/wp-json\/wp\/v2\/types\/post"}],"author":[{"embeddable":true,"href":"https:\/\/linitiative.ca\/International\/wp-json\/wp\/v2\/users\/1965"}],"replies":[{"embeddable":true,"href":"https:\/\/linitiative.ca\/International\/wp-json\/wp\/v2\/comments?post=17910"}],"version-history":[{"count":0,"href":"https:\/\/linitiative.ca\/International\/wp-json\/wp\/v2\/posts\/17910\/revisions"}],"wp:attachment":[{"href":"https:\/\/linitiative.ca\/International\/wp-json\/wp\/v2\/media?parent=17910"}],"wp:term":[{"taxonomy":"category","embeddable":true,"href":"https:\/\/linitiative.ca\/International\/wp-json\/wp\/v2\/categories?post=17910"},{"taxonomy":"post_tag","embeddable":true,"href":"https:\/\/linitiative.ca\/International\/wp-json\/wp\/v2\/tags?post=17910"}],"curies":[{"name":"wp","href":"https:\/\/api.w.org\/{rel}","templated":true}]}}