{"id":17911,"date":"2019-02-27T11:26:37","date_gmt":"2019-02-27T16:26:37","guid":{"rendered":"https:\/\/linitiative.ca\/International\/al-boraq-plus-de-trains-et-de-nouveaux-tarifs-a-partir-de-lundi\/"},"modified":"2019-02-27T11:26:37","modified_gmt":"2019-02-27T16:26:37","slug":"al-boraq-plus-de-trains-et-de-nouveaux-tarifs-a-partir-de-lundi","status":"publish","type":"post","link":"https:\/\/linitiative.ca\/International\/al-boraq-plus-de-trains-et-de-nouveaux-tarifs-a-partir-de-lundi\/","title":{"rendered":"Al Boraq : plus de trains et de nouveaux tarifs \u00e0 partir de lundi"},"content":{"rendered":"<p><span class=\"c10\">Le train \u00e0 grande vitesse <strong>Al Boraq<\/strong> a transport\u00e9 plus de 600.000 passagers en trois mois. Vue cette forte affluence, l\u2019ONCF pr\u00e9voit plus de trains, de nouveaux horaires et une vari\u00e9t\u00e9 d\u2019offres tarifaires \u00e0 partir du 4 mars, indique l\u2019office dans un communiqu\u00e9 publi\u00e9 sur sa page Facebook.<\/span><\/p>\n<div class=\"c11\"\/>\n<p><span class=\"c10\">Depuis sa mise en service, le 26 novembre 2018, Al Boraq a d\u00e9j\u00e0 transport\u00e9 plus de 600.000 passagers sur ses lignes, enregistrant une croissance continue de semaine en semaine et de mois en mois. Cet int\u00e9r\u00eat croissant des voyageurs pour le TGV est imput\u00e9 \u00e0 une r\u00e9duction significative du temps de trajet, \u00e0 l\u2019excellent service en gare et en train, \u00e0 la ponctualit\u00e9 (r\u00e9gularit\u00e9 de 93%) et \u00e0 des tarifs attractifs qui ont convaincu le plus grand nombre de passagers, indique le communiqu\u00e9.<\/span><\/p>\n<p><span class=\"c10\">Apr\u00e8s trois mois d\u2019exploitation, et en vue de mieux r\u00e9pondre aux attentes et aux besoins croissants de d\u00e9placement des voyageurs, Al Boraq renforce le nombre de trains, passant de 18 \u00e0 20 trains par jour dans les deux sens, et adapte ses horaires pour encore plus de fr\u00e9quence et de flexibilit\u00e9.<\/span><\/p>\n<ul>\n<li><span class=\"c10\">2 trains suppl\u00e9mentaires\u00a0: au d\u00e9part de Tanger \u00e0 8h55 et au d\u00e9part de Casa-Voyageurs \u00e0 16h.<\/span><\/li>\n<li><span class=\"c10\">2 nouveaux trains les dimanches, \u00e0 18H au d\u00e9part de Casa-Voyageurs et \u00e0 16h55 au d\u00e9part de Tanger.<\/span><\/li>\n<li><span class=\"c10\">1<sup>er<\/sup> train quotidien \u00e0 7h du matin, dans les 2 sens<\/span><\/li>\n<\/ul>\n<p><span class=\"c10\">\u00a0Ce nouveau plan de transport offre les avantages suivants\u00a0:<\/span><\/p>\n<ul>\n<li><span class=\"c10\">Des dessertes enrichies, avec 20 trains par jours et des trains toutes les heures de 7h \u00e0 10h et de 15h \u00e0 19h en plus des derniers trains de la journ\u00e9e \u00e0 21H et \u00e0 20H55 respectivement au d\u00e9part de Casa-Voyageurs et de Tanger\u00a0;<\/span><\/li>\n<li><span class=\"c10\">20 correspondances par train \u00e0 K\u00e9nitra pour les destinations ou provenances de Mekn\u00e8s, F\u00e8s et l\u2019Oriental\u00a0;<\/span><\/li>\n<li><span class=\"c10\">14 correspondances par train\u00a0\u00e0 Casa-voyageurs pour les destinations ou provenances de Marrakech et du Sud\u00a0;<\/span><\/li>\n<li><span class=\"c10\">Plusieurs correspondances avec les trains navettes rapides (TNR) de l\u2019A\u00e9roport Mohammed V de Casablanca, d\u2019El Jadida et de Settat\u00a0;<\/span><\/li>\n<\/ul>\n<p><span class=\"c10\">8 correspondances par autocars Supratours pour les destinations ou provenances de T\u00e9touan et Martil.\u00a0<\/span><\/p>\n<p><span class=\"c10\">R\u00e9pondant au d\u00e9sir de nombreux voyageurs s\u00e9duits par Al Boraq et fid\u00e9lis\u00e9s gr\u00e2ce \u00e0 la qualit\u00e9 du voyage, l\u2019<strong>ONCF<\/strong> lance progressivement, d\u00e8s d\u00e9but mars 2019, des offres d\u2019abonnements Al boraq sur les axes Casa \u2013 Rabat \u2013 Kenitra et sur les axes Casa \u2013 Tanger, Rabat \u2013 Tanger et Kenitra \u2013 Tanger.<\/span><\/p>\n<p><span class=\"c10\">En plus des temps de parcours exceptionnels, qui permettent de relier Casablanca et Tanger en 2h10, Rabat et Tanger en 1h20 et Kenitra et Tanger en 50 min, Al Boraq r\u00e9invente la notion de service en gare et \u00e0 bord.<\/span><\/p>\n<p><span class=\"c10\">Selon le communiqu\u00e9 de l\u2019ONCF, les nouvelles gares proposent une exp\u00e9rience enrichie gr\u00e2ce notamment \u00e0 une<\/span> <span class=\"c10\">ccessibilit\u00e9, adapt\u00e9e aux besoins sp\u00e9cifiques des personnes \u00e0 mobilit\u00e9 r\u00e9duite, points d\u2019accueil et d\u2019assistance, salles d\u2019attente confortables, lounge pour les voyageurs de 1\u00e8re classe, kiosques, salles de pri\u00e8re, espaces shopping et restauration, affichages \u00e9lectroniques, wifi,\u2026<\/span><\/p>\n<p><span class=\"c10\">L\u2019office promet \u00e9galement une tarification adapt\u00e9e \u00e0 tous les budgets. \u00a0\u00bb Chaque voyageur peut b\u00e9n\u00e9ficier d\u2019avantages tarifaires et profiter de billets \u00e0 prix attractifs en anticipant sa r\u00e9servation \u00ab\u00a0, conclut le communiqu\u00e9.<\/span><\/p>\n<div class=\"c18\">\n<fieldset class=\"c17\">\n<legend><strong><span class=\"c12\">Challenge<\/span><span class=\"c13\">news<\/span><\/strong><\/legend>\n<div class=\"c16\">Le meilleur de la r\u00e9daction s\u00e9lectionn\u00e9 par Challenge :<\/p>\n<\/div>\n<\/fieldset>\n<\/div>\n<p>Auteur: Hassan Manyani<br \/>\n<a href=\"https:\/\/www.challenge.ma\/al-boraq-plus-de-trains-et-de-nouveaux-tarifs-a-partir-de-lundi-105471\/\">Cliquez ici pour lire l&rsquo;article depuis sa source.<\/a><\/p>\n","protected":false},"excerpt":{"rendered":"<p>Le train \u00e0 grande vitesse Al Boraq a transport\u00e9 plus de 600.000 passagers en trois mois. Vue cette forte affluence, l\u2019ONCF pr\u00e9voit plus de trains, de nouveaux horaires et une vari\u00e9t\u00e9 d\u2019offres tarifaires \u00e0 partir du 4 mars, indique l\u2019office dans un communiqu\u00e9 publi\u00e9 sur sa page Facebook. Depuis sa mise en service, le 26 [&hellip;]<\/p>\n","protected":false},"author":1787,"featured_media":0,"comment_status":"closed","ping_status":"closed","sticky":false,"template":"","format":"standard","meta":{"fifu_image_url":"","fifu_image_alt":"","footnotes":""},"categories":[78,54],"tags":[],"class_list":["post-17911","post","type-post","status-publish","format-standard","hentry","category-economie","category-maroc"],"_links":{"self":[{"href":"https:\/\/linitiative.ca\/International\/wp-json\/wp\/v2\/posts\/17911","targetHints":{"allow":["GET"]}}],"collection":[{"href":"https:\/\/linitiative.ca\/International\/wp-json\/wp\/v2\/posts"}],"about":[{"href":"https:\/\/linitiative.ca\/International\/wp-json\/wp\/v2\/types\/post"}],"author":[{"embeddable":true,"href":"https:\/\/linitiative.ca\/International\/wp-json\/wp\/v2\/users\/1787"}],"replies":[{"embeddable":true,"href":"https:\/\/linitiative.ca\/International\/wp-json\/wp\/v2\/comments?post=17911"}],"version-history":[{"count":0,"href":"https:\/\/linitiative.ca\/International\/wp-json\/wp\/v2\/posts\/17911\/revisions"}],"wp:attachment":[{"href":"https:\/\/linitiative.ca\/International\/wp-json\/wp\/v2\/media?parent=17911"}],"wp:term":[{"taxonomy":"category","embeddable":true,"href":"https:\/\/linitiative.ca\/International\/wp-json\/wp\/v2\/categories?post=17911"},{"taxonomy":"post_tag","embeddable":true,"href":"https:\/\/linitiative.ca\/International\/wp-json\/wp\/v2\/tags?post=17911"}],"curies":[{"name":"wp","href":"https:\/\/api.w.org\/{rel}","templated":true}]}}