{"id":17946,"date":"2019-02-27T05:00:00","date_gmt":"2019-02-27T10:00:00","guid":{"rendered":"https:\/\/linitiative.ca\/International\/operation-labellisation\/"},"modified":"2019-02-27T05:00:00","modified_gmt":"2019-02-27T10:00:00","slug":"operation-labellisation","status":"publish","type":"post","link":"https:\/\/linitiative.ca\/International\/operation-labellisation\/","title":{"rendered":"Op\u00e9ration labellisation"},"content":{"rendered":"<div class=\"top-populaires\" readability=\"7\">\n<h5 class=\"title-populaires\">Les + <span>populaires<\/span><\/h5>\n<p class=\"asterisque\">(*) P\u00e9riode 30 derniers jours<\/p>\n<\/div>\n<div class=\"second-article article-paragraph\" readability=\"10.5238095238\"><a href=\"\/actualites\/atmosphere-inhabituelle-a-alger-19687\"\/><\/p>\n<div class=\"image\"><img class=\"lazy\" data-original=\"\/data\/images\/article\/thumbs\/ls-atmosphere-inhabituelle-a-alger-8c2c9.jpg\"\/><\/p>\n<p><span>2<\/span><\/p>\n<\/div>\n<p class=\"type-date\"><span>Actualit\u00e9s<\/span> 11:00 | 26-02-2019<\/p>\n<h5 class=\"first-title\"><a href=\"\/actualites\/atmosphere-inhabituelle-a-alger-19687\">PARTAG\u00c9E ENTRE VIGILANCE ET D\u00c9CONTRACTION<\/a><\/h5>\n<h5 class=\"title\"><a href=\"\/actualites\/atmosphere-inhabituelle-a-alger-19687\">Atmosph\u00e8re inhabituelle \u00e0 Alger<\/a><\/h5>\n<p><a href=\"\/actualites\/atmosphere-inhabituelle-a-alger-19687\"\/><\/p>\n<p class=\"text\">Le dispositif de s\u00e9curit\u00e9 \u00e9tait toujours maintenu hier dans les grands axes de la capitale et ceux menant notamment vers les points sensibles. Dans cette ambiance tendue, les citoyens ont vaqu\u00e9 \u00e0 leurs occupations de la mani\u00e8re la plus ordinaire qui soit. Alger, 25 f\u00e9vrier. Il est<\/p>\n<\/div>\n<div class=\"others-articles\">\n<div class=\"article\" readability=\"7.5\"><a href=\"\/actualites\/forte-mobilisation-tension-mais-sans-incidents-19497\"\/><\/p>\n<div class=\"image\"><img class=\"lazy\" data-original=\"\/data\/images\/article\/thumbs\/19497forte-mobilisation-tension-mais-sans-incidents-0c56d.jpg\"\/><\/p>\n<p><span>3<\/span><\/p>\n<\/div>\n<div class=\"description\" readability=\"10\">\n<p class=\"type-date\"><span>Actualit\u00e9s<\/span> 11:00 | 23-02-2019<\/p>\n<p><a href=\"\/actualites\/forte-mobilisation-tension-mais-sans-incidents-19497\"\/><\/p>\n<p class=\"first-title\">OPPOSITION AU 5e MANDANT<\/p>\n<p><a href=\"\/actualites\/forte-mobilisation-tension-mais-sans-incidents-19497\"\/><\/p>\n<p class=\"title\">Forte mobilisation, tension mais sans incidents<\/p>\n<\/div>\n<\/div>\n<div class=\"article\" readability=\"7\"><a href=\"\/actualites\/ould-abbes-et-salah-goudjil-vice-presidents-19629\"\/><\/p>\n<div class=\"image\"><img class=\"lazy\" data-original=\"\/data\/images\/article\/thumbs\/19629ould-abbes-et-salah-goudjil-vice-presidents-792a7.jpg\"\/><\/p>\n<p><span>4<\/span><\/p>\n<\/div>\n<div class=\"description\" readability=\"9\">\n<p class=\"type-date\"><span>Actualit\u00e9s<\/span> 11:00 | 25-02-2019<\/p>\n<p><a href=\"\/actualites\/ould-abbes-et-salah-goudjil-vice-presidents-19629\"\/><\/p>\n<p class=\"first-title\">CONSEIL DE LA NATION<\/p>\n<p><a href=\"\/actualites\/ould-abbes-et-salah-goudjil-vice-presidents-19629\"\/><\/p>\n<p class=\"title\">Ould Abb\u00e8s et Salah Goudjil vice-pr\u00e9sidents<\/p>\n<\/div>\n<\/div>\n<div class=\"article\" readability=\"8\"><a href=\"\/actualites\/la-rue-en-attente-de-reponses-19557\"\/><\/p>\n<div class=\"image\"><img class=\"lazy\" data-original=\"\/data\/images\/article\/thumbs\/19557la-rue-en-attente-de-reponses-64037.jpg\"\/><\/p>\n<p><span>5<\/span><\/p>\n<\/div>\n<div class=\"description\" readability=\"11\">\n<p class=\"type-date\"><span>Actualit\u00e9s<\/span> 11:00 | 24-02-2019<\/p>\n<p><a href=\"\/actualites\/la-rue-en-attente-de-reponses-19557\"\/><\/p>\n<p class=\"first-title\">48 HEURES APR\u00c8S LA MANIFESTATION DE VENDREDI<\/p>\n<p><a href=\"\/actualites\/la-rue-en-attente-de-reponses-19557\"\/><\/p>\n<p class=\"title\">La rue en attente de r\u00e9ponses<\/p>\n<\/div>\n<\/div>\n<\/div>\n<p>Auteur:<br \/>\n<a href=\"https:\/\/www.lesoirdalgerie.com\/periscoop\/operation-labellisation-19721\">Cliquez ici pour lire l&rsquo;article depuis sa source.<\/a><\/p>\n","protected":false},"excerpt":{"rendered":"<p>Les + populaires (*) P\u00e9riode 30 derniers jours 2 Actualit\u00e9s 11:00 | 26-02-2019 PARTAG\u00c9E ENTRE VIGILANCE ET D\u00c9CONTRACTION Atmosph\u00e8re inhabituelle \u00e0 Alger Le dispositif de s\u00e9curit\u00e9 \u00e9tait toujours maintenu hier dans les grands axes de la capitale et ceux menant notamment vers les points sensibles. Dans cette ambiance tendue, les citoyens ont vaqu\u00e9 \u00e0 leurs [&hellip;]<\/p>\n","protected":false},"author":1741,"featured_media":0,"comment_status":"closed","ping_status":"closed","sticky":false,"template":"","format":"standard","meta":{"fifu_image_url":"","fifu_image_alt":"","footnotes":""},"categories":[73,53],"tags":[],"class_list":["post-17946","post","type-post","status-publish","format-standard","hentry","category-actualite","category-algerie"],"_links":{"self":[{"href":"https:\/\/linitiative.ca\/International\/wp-json\/wp\/v2\/posts\/17946","targetHints":{"allow":["GET"]}}],"collection":[{"href":"https:\/\/linitiative.ca\/International\/wp-json\/wp\/v2\/posts"}],"about":[{"href":"https:\/\/linitiative.ca\/International\/wp-json\/wp\/v2\/types\/post"}],"author":[{"embeddable":true,"href":"https:\/\/linitiative.ca\/International\/wp-json\/wp\/v2\/users\/1741"}],"replies":[{"embeddable":true,"href":"https:\/\/linitiative.ca\/International\/wp-json\/wp\/v2\/comments?post=17946"}],"version-history":[{"count":0,"href":"https:\/\/linitiative.ca\/International\/wp-json\/wp\/v2\/posts\/17946\/revisions"}],"wp:attachment":[{"href":"https:\/\/linitiative.ca\/International\/wp-json\/wp\/v2\/media?parent=17946"}],"wp:term":[{"taxonomy":"category","embeddable":true,"href":"https:\/\/linitiative.ca\/International\/wp-json\/wp\/v2\/categories?post=17946"},{"taxonomy":"post_tag","embeddable":true,"href":"https:\/\/linitiative.ca\/International\/wp-json\/wp\/v2\/tags?post=17946"}],"curies":[{"name":"wp","href":"https:\/\/api.w.org\/{rel}","templated":true}]}}