{"id":17959,"date":"2019-02-27T10:19:16","date_gmt":"2019-02-27T15:19:16","guid":{"rendered":"https:\/\/linitiative.ca\/International\/des-averses-de-pluies-orageuses-sur-le-sud-du-pays-a-partir-de-jeudi\/"},"modified":"2019-02-27T10:19:16","modified_gmt":"2019-02-27T15:19:16","slug":"des-averses-de-pluies-orageuses-sur-le-sud-du-pays-a-partir-de-jeudi","status":"publish","type":"post","link":"https:\/\/linitiative.ca\/International\/des-averses-de-pluies-orageuses-sur-le-sud-du-pays-a-partir-de-jeudi\/","title":{"rendered":"Des averses de pluies orageuses sur le sud du pays \u00e0 partir de jeudi"},"content":{"rendered":"<div>\n<div class=\"K2FeedImage\"><img decoding=\"async\" src=\"http:\/\/www.aps.dz\/media\/k2\/items\/cache\/3139c47749036788aca7fa7de83bb478_S.jpg\" alt=\"Des averses de pluies orageuses sur le sud du pays \u00e0 partir de jeudi\"><\/div>\n<div class=\"K2FeedIntroText\">\n<p><strong>ALGER &#8211; Des pluies, parfois sous forme d&rsquo;averses orageuses, affecteront plusieurs wilayas du sud du pays \u00e0 partir de jeudi, selon un bulletin sp\u00e9cial (BMS) \u00e9mis mercredi par les services de l&rsquo;Office national de la m\u00e9t\u00e9orologie (ONM).<\/strong><\/p>\n<\/div>\n<div class=\"K2FeedFullText\">\n<hr>\n<h3>Lire aussi:\u00a0<a href=\"http:\/\/www.aps.dz\/regions\/85823-des-vents-forts-continueront-de-souffler-sur-le-sud-du-pays-jusqu-a-mercredi\" target=\"_blank\" rel=\"noopener noreferrer\">Des vents forts continueront de souffler sur le sud du pays jusqu&rsquo;\u00e0 mercredi<\/a><\/h3>\n<hr>\n<p>Les pluies toucheront les c\u00f4t\u00e9s sud de Gharda\u00efa et d\u2019Ouargla et les r\u00e9gions nord de Tamanrasset et d&rsquo;Illizi, avec des cumuls qui atteindront ou d\u00e9passeront localement 20 mm durant la validit\u00e9 de ce bulletin qui s&rsquo;\u00e9tale du jeudi \u00e0 03h00H \u00e0 18h00H de la m\u00eame journ\u00e9e, pr\u00e9cise la m\u00eame source.<\/p>\n<\/div>\n<\/div>\n<p>Auteur:<br \/>\n<a href=\"http:\/\/www.aps.dz\/regions\/86220-des-averses-de-pluies-orageuses-sur-le-sud-du-pays-a-partir-de-jeudi\">Cliquez ici pour lire l&rsquo;article depuis sa source.<\/a><\/p>\n","protected":false},"excerpt":{"rendered":"<p>ALGER &#8211; Des pluies, parfois sous forme d&rsquo;averses orageuses, affecteront plusieurs wilayas du sud du pays \u00e0 partir de jeudi, selon un bulletin sp\u00e9cial (BMS) \u00e9mis mercredi par les services de l&rsquo;Office national de la m\u00e9t\u00e9orologie (ONM). Lire aussi:\u00a0Des vents forts continueront de souffler sur le sud du pays jusqu&rsquo;\u00e0 mercredi Les pluies toucheront les [&hellip;]<\/p>\n","protected":false},"author":1790,"featured_media":17969,"comment_status":"closed","ping_status":"closed","sticky":false,"template":"","format":"standard","meta":{"fifu_image_url":"","fifu_image_alt":"","footnotes":""},"categories":[53,76],"tags":[],"class_list":["post-17959","post","type-post","status-publish","format-standard","has-post-thumbnail","hentry","category-algerie","category-regions"],"_links":{"self":[{"href":"https:\/\/linitiative.ca\/International\/wp-json\/wp\/v2\/posts\/17959","targetHints":{"allow":["GET"]}}],"collection":[{"href":"https:\/\/linitiative.ca\/International\/wp-json\/wp\/v2\/posts"}],"about":[{"href":"https:\/\/linitiative.ca\/International\/wp-json\/wp\/v2\/types\/post"}],"author":[{"embeddable":true,"href":"https:\/\/linitiative.ca\/International\/wp-json\/wp\/v2\/users\/1790"}],"replies":[{"embeddable":true,"href":"https:\/\/linitiative.ca\/International\/wp-json\/wp\/v2\/comments?post=17959"}],"version-history":[{"count":0,"href":"https:\/\/linitiative.ca\/International\/wp-json\/wp\/v2\/posts\/17959\/revisions"}],"wp:featuredmedia":[{"embeddable":true,"href":"https:\/\/linitiative.ca\/International\/wp-json\/"}],"wp:attachment":[{"href":"https:\/\/linitiative.ca\/International\/wp-json\/wp\/v2\/media?parent=17959"}],"wp:term":[{"taxonomy":"category","embeddable":true,"href":"https:\/\/linitiative.ca\/International\/wp-json\/wp\/v2\/categories?post=17959"},{"taxonomy":"post_tag","embeddable":true,"href":"https:\/\/linitiative.ca\/International\/wp-json\/wp\/v2\/tags?post=17959"}],"curies":[{"name":"wp","href":"https:\/\/api.w.org\/{rel}","templated":true}]}}