{"id":17962,"date":"2019-02-27T11:46:00","date_gmt":"2019-02-27T16:46:00","guid":{"rendered":"https:\/\/linitiative.ca\/International\/production-delectricite-33-000-mw-prevue-en-2022\/"},"modified":"2019-02-27T11:46:00","modified_gmt":"2019-02-27T16:46:00","slug":"production-delectricite-33-000-mw-prevue-en-2022","status":"publish","type":"post","link":"https:\/\/linitiative.ca\/International\/production-delectricite-33-000-mw-prevue-en-2022\/","title":{"rendered":"PRODUCTION D\u2019ELECTRICITE : 33.000 MW  pr\u00e9vue en 2022"},"content":{"rendered":"<p><br id=\"sep_para_1\" class=\"sep_para access\"\/><\/p>\n<div id=\"para_1\" class=\"para_29465149 resize\">\n<div class=\"texte access firstletter\">Lors de la Conf\u00e9rence alg\u00e9rienne des grands r\u00e9seaux \u00e9lectriques organis\u00e9e par l\u2019Association des r\u00e9seaux \u00e9lectriques \u00e0 haute tension en Alg\u00e9rie (Arelec). Le ministre de l\u2019Energie a not\u00e9,\u00a0 \u00ab Nous pouvons \u00eatre fiers d\u2019avoir multipli\u00e9 par quatre les capacit\u00e9s de production de l\u2019\u00e9lectricit\u00e9 qui s\u2019\u00e9tablissent aujourd\u2019hui \u00e0 pr\u00e8s de 21.000 MW, contre seulement 6.000 MW en 1999 et nous irons encore plus loin car nous comptons mettre en service d\u2019autres projets pour atteindre les 33.000 MW en 2022 \u00bb. Affirmant que\u00a0 ces investissements permettent de r\u00e9pondre \u00e0 la croissance continue de la consommation nationale, souligne le ministre. Toutefois, une partie de ces capacit\u00e9s sera destin\u00e9e \u00e0 l\u2019exportation, a affirm\u00e9 le P-dg du groupe, Mohamed Arkab, dans une d\u00e9claration \u00e0 la presse en marge de la conf\u00e9rence. Selon lui, le renforcement actuellement du r\u00e9seau national haute tension et tr\u00e8s haute tension, permettra de vendre de l\u2019\u00e9lectricit\u00e9 alg\u00e9rienne \u00e0 l\u2019\u00e9tranger. \u00ab Nous organisons notre march\u00e9 local pour am\u00e9liorer notre r\u00e9seau, afin qu\u2019il soit capable de transposter de l\u2019\u00e9lectricit\u00e9 sur de longues distances vers des march\u00e9s ext\u00e9rieurs, europ\u00e9ens en particulier \u00bb, a-t-il d\u00e9clar\u00e9. Concernant le programme national des \u00e9nergies renouvelables, M. Arkab a fait savoir que Sonelgaz avait form\u00e9 plus de 300 ing\u00e9nieurs sp\u00e9cialis\u00e9s dans ce domaine afin de se pr\u00e9parer \u00e0 la mise en \u0153uvre de ce programme qui pr\u00e9voit l\u2019installation de 22.000 MW de sources renouvelables d\u2019ici 2030. A noter que 400 MW en solaire et \u00e9olien ont \u00e9t\u00e9 r\u00e9alis\u00e9s par le groupe Sonelgaz et sont d\u00e9j\u00e0 connect\u00e9s au r\u00e9seau national. Un appel d\u2019offres national avait \u00e9t\u00e9 lanc\u00e9 en novembre dernier pour la r\u00e9alisation de plusieurs centrales \u00e9lectriques solaires photovolta\u00efques, dont la capacit\u00e9 totale est de 150 MW. Cette puissance sera augment\u00e9e de 50 MW par le programme d\u2019hybridation de toutes les centrales diesel de Sonelgaz et qui alimentent actuellement les r\u00e9seaux isol\u00e9s du grand Sud de l\u2019Alg\u00e9rie.<\/div>\n<\/div>\n<p>Auteur: Ismain<br \/>\n<a href=\"https:\/\/www.reflexiondz.net\/PRODUCTION-D-ELECTRICITE-33-000-MW-prevue-en-2022_a54724.html\">Cliquez ici pour lire l&rsquo;article depuis sa source.<\/a><\/p>\n","protected":false},"excerpt":{"rendered":"<p>Lors de la Conf\u00e9rence alg\u00e9rienne des grands r\u00e9seaux \u00e9lectriques organis\u00e9e par l\u2019Association des r\u00e9seaux \u00e9lectriques \u00e0 haute tension en Alg\u00e9rie (Arelec). Le ministre de l\u2019Energie a not\u00e9,\u00a0 \u00ab Nous pouvons \u00eatre fiers d\u2019avoir multipli\u00e9 par quatre les capacit\u00e9s de production de l\u2019\u00e9lectricit\u00e9 qui s\u2019\u00e9tablissent aujourd\u2019hui \u00e0 pr\u00e8s de 21.000 MW, contre seulement 6.000 MW en [&hellip;]<\/p>\n","protected":false},"author":1740,"featured_media":0,"comment_status":"closed","ping_status":"closed","sticky":false,"template":"","format":"standard","meta":{"fifu_image_url":"","fifu_image_alt":"","footnotes":""},"categories":[53,76],"tags":[],"class_list":["post-17962","post","type-post","status-publish","format-standard","hentry","category-algerie","category-regions"],"_links":{"self":[{"href":"https:\/\/linitiative.ca\/International\/wp-json\/wp\/v2\/posts\/17962","targetHints":{"allow":["GET"]}}],"collection":[{"href":"https:\/\/linitiative.ca\/International\/wp-json\/wp\/v2\/posts"}],"about":[{"href":"https:\/\/linitiative.ca\/International\/wp-json\/wp\/v2\/types\/post"}],"author":[{"embeddable":true,"href":"https:\/\/linitiative.ca\/International\/wp-json\/wp\/v2\/users\/1740"}],"replies":[{"embeddable":true,"href":"https:\/\/linitiative.ca\/International\/wp-json\/wp\/v2\/comments?post=17962"}],"version-history":[{"count":0,"href":"https:\/\/linitiative.ca\/International\/wp-json\/wp\/v2\/posts\/17962\/revisions"}],"wp:attachment":[{"href":"https:\/\/linitiative.ca\/International\/wp-json\/wp\/v2\/media?parent=17962"}],"wp:term":[{"taxonomy":"category","embeddable":true,"href":"https:\/\/linitiative.ca\/International\/wp-json\/wp\/v2\/categories?post=17962"},{"taxonomy":"post_tag","embeddable":true,"href":"https:\/\/linitiative.ca\/International\/wp-json\/wp\/v2\/tags?post=17962"}],"curies":[{"name":"wp","href":"https:\/\/api.w.org\/{rel}","templated":true}]}}