{"id":17990,"date":"2019-02-27T11:46:00","date_gmt":"2019-02-27T16:46:00","guid":{"rendered":"https:\/\/linitiative.ca\/International\/cooperation-ouyahia-recoit-le-ministre-nigerien-des-affaires-etrangeres\/"},"modified":"2019-02-27T11:46:00","modified_gmt":"2019-02-27T16:46:00","slug":"cooperation-ouyahia-recoit-le-ministre-nigerien-des-affaires-etrangeres","status":"publish","type":"post","link":"https:\/\/linitiative.ca\/International\/cooperation-ouyahia-recoit-le-ministre-nigerien-des-affaires-etrangeres\/","title":{"rendered":"COOPERATION  : Ouyahia re\u00e7oit le ministre nig\u00e9rien  des Affaires \u00e9trang\u00e8res"},"content":{"rendered":"<p><br id=\"sep_para_1\" class=\"sep_para access\"\/><\/p>\n<div id=\"para_1\" class=\"para_29465125 resize\">\n<div class=\"texte access firstletter\">Le Premier ministre, Ahmed Ouyahia, a re\u00e7u hier, mercredi, le ministre nig\u00e9rien des Affaires \u00e9trang\u00e8res, de la Coop\u00e9ration, de l&rsquo;Int\u00e9gration africaine et des Nig\u00e9riens de l&rsquo;ext\u00e9rieur, Kalla Ankourao, qui effectue une visite de travail \u00e0 Alger, indique un communiqu\u00e9 des services du Premier ministre. L&rsquo;audience s&rsquo;est d\u00e9roul\u00e9e en pr\u00e9sence du ministre des Affaires \u00e9trang\u00e8res, Abdelkader Messahel, ajoute la m\u00eame source. Le ministre nig\u00e9rien a eu mardi un entretien avec M. Messahel sur le renforcement des relations de coop\u00e9ration, d&rsquo;amiti\u00e9 et de bon voisinage entre les deux pays. Les deux parties ont proc\u00e9d\u00e9 \u00e9galement \u00e0 une \u00e9valuation de l\u2019\u00e9tat des relations bilat\u00e9rales, ainsi qu&rsquo;\u00e0 l\u2019examen et \u00e0 la recherche de nouvelles opportunit\u00e9s de partenariat entre les deux pays. Les deux ministres ont \u00e9chang\u00e9 aussi leurs points de vue sur les questions r\u00e9gionales et internationales d\u2019int\u00e9r\u00eat commun, notamment les d\u00e9fis auxquels est confront\u00e9e la r\u00e9gion.\u00a0\u00a0<\/div>\n<\/div>\n<p>Auteur: Ismain<br \/>\n<a href=\"https:\/\/www.reflexiondz.net\/COOPERATION-Ouyahia-recoit-le-ministre-nigerien-des-Affaires-etrangeres_a54721.html\">Cliquez ici pour lire l&rsquo;article depuis sa source.<\/a><\/p>\n","protected":false},"excerpt":{"rendered":"<p>Le Premier ministre, Ahmed Ouyahia, a re\u00e7u hier, mercredi, le ministre nig\u00e9rien des Affaires \u00e9trang\u00e8res, de la Coop\u00e9ration, de l&rsquo;Int\u00e9gration africaine et des Nig\u00e9riens de l&rsquo;ext\u00e9rieur, Kalla Ankourao, qui effectue une visite de travail \u00e0 Alger, indique un communiqu\u00e9 des services du Premier ministre. L&rsquo;audience s&rsquo;est d\u00e9roul\u00e9e en pr\u00e9sence du ministre des Affaires \u00e9trang\u00e8res, Abdelkader [&hellip;]<\/p>\n","protected":false},"author":1740,"featured_media":0,"comment_status":"closed","ping_status":"closed","sticky":false,"template":"","format":"standard","meta":{"fifu_image_url":"","fifu_image_alt":"","footnotes":""},"categories":[53,76],"tags":[],"class_list":["post-17990","post","type-post","status-publish","format-standard","hentry","category-algerie","category-regions"],"_links":{"self":[{"href":"https:\/\/linitiative.ca\/International\/wp-json\/wp\/v2\/posts\/17990","targetHints":{"allow":["GET"]}}],"collection":[{"href":"https:\/\/linitiative.ca\/International\/wp-json\/wp\/v2\/posts"}],"about":[{"href":"https:\/\/linitiative.ca\/International\/wp-json\/wp\/v2\/types\/post"}],"author":[{"embeddable":true,"href":"https:\/\/linitiative.ca\/International\/wp-json\/wp\/v2\/users\/1740"}],"replies":[{"embeddable":true,"href":"https:\/\/linitiative.ca\/International\/wp-json\/wp\/v2\/comments?post=17990"}],"version-history":[{"count":0,"href":"https:\/\/linitiative.ca\/International\/wp-json\/wp\/v2\/posts\/17990\/revisions"}],"wp:attachment":[{"href":"https:\/\/linitiative.ca\/International\/wp-json\/wp\/v2\/media?parent=17990"}],"wp:term":[{"taxonomy":"category","embeddable":true,"href":"https:\/\/linitiative.ca\/International\/wp-json\/wp\/v2\/categories?post=17990"},{"taxonomy":"post_tag","embeddable":true,"href":"https:\/\/linitiative.ca\/International\/wp-json\/wp\/v2\/tags?post=17990"}],"curies":[{"name":"wp","href":"https:\/\/api.w.org\/{rel}","templated":true}]}}