{"id":17993,"date":"2019-02-27T05:00:00","date_gmt":"2019-02-27T10:00:00","guid":{"rendered":"https:\/\/linitiative.ca\/International\/ouyahia-et-le-general-giap\/"},"modified":"2019-02-27T05:00:00","modified_gmt":"2019-02-27T10:00:00","slug":"ouyahia-et-le-general-giap","status":"publish","type":"post","link":"https:\/\/linitiative.ca\/International\/ouyahia-et-le-general-giap\/","title":{"rendered":"Ouyahia et le g\u00e9n\u00e9ral Giap"},"content":{"rendered":"<p class=\"c3\">Les d\u00e9clarations presque d\u00e9daigneuses d\u2019Ouyahia semblant maintenir le cinqui\u00e8me mandat, c&rsquo;est-\u00e0-dire la cause de la crise en cours, tiennent soit de l\u2019inconscience bravache soit de l\u2019assurance que peut avoir celui qui sait. \u00c7a peut tenir aussi d\u2019un trouble : celui qui fait, selon le g\u00e9n\u00e9ral Giap, de \u00abl\u2019imp\u00e9rialisme un mauvais \u00e9l\u00e8ve\u00bb. Il n\u2019apprend pas les le\u00e7ons !\u00a0<br \/><em><strong>A. T.<br \/>digoutagesoir@yahoo.fr<\/strong><\/em><\/p>\n<p>Auteur:<br \/>\n<a href=\"https:\/\/www.lesoirdalgerie.com\/digoutage\/ouyahia-et-le-general-giap-19719\">Cliquez ici pour lire l&rsquo;article depuis sa source.<\/a><\/p>\n","protected":false},"excerpt":{"rendered":"<p>Les d\u00e9clarations presque d\u00e9daigneuses d\u2019Ouyahia semblant maintenir le cinqui\u00e8me mandat, c&rsquo;est-\u00e0-dire la cause de la crise en cours, tiennent soit de l\u2019inconscience bravache soit de l\u2019assurance que peut avoir celui qui sait. \u00c7a peut tenir aussi d\u2019un trouble : celui qui fait, selon le g\u00e9n\u00e9ral Giap, de \u00abl\u2019imp\u00e9rialisme un mauvais \u00e9l\u00e8ve\u00bb. Il n\u2019apprend pas les [&hellip;]<\/p>\n","protected":false},"author":1741,"featured_media":0,"comment_status":"closed","ping_status":"closed","sticky":false,"template":"","format":"standard","meta":{"fifu_image_url":"","fifu_image_alt":"","footnotes":""},"categories":[73,53],"tags":[],"class_list":["post-17993","post","type-post","status-publish","format-standard","hentry","category-actualite","category-algerie"],"_links":{"self":[{"href":"https:\/\/linitiative.ca\/International\/wp-json\/wp\/v2\/posts\/17993","targetHints":{"allow":["GET"]}}],"collection":[{"href":"https:\/\/linitiative.ca\/International\/wp-json\/wp\/v2\/posts"}],"about":[{"href":"https:\/\/linitiative.ca\/International\/wp-json\/wp\/v2\/types\/post"}],"author":[{"embeddable":true,"href":"https:\/\/linitiative.ca\/International\/wp-json\/wp\/v2\/users\/1741"}],"replies":[{"embeddable":true,"href":"https:\/\/linitiative.ca\/International\/wp-json\/wp\/v2\/comments?post=17993"}],"version-history":[{"count":0,"href":"https:\/\/linitiative.ca\/International\/wp-json\/wp\/v2\/posts\/17993\/revisions"}],"wp:attachment":[{"href":"https:\/\/linitiative.ca\/International\/wp-json\/wp\/v2\/media?parent=17993"}],"wp:term":[{"taxonomy":"category","embeddable":true,"href":"https:\/\/linitiative.ca\/International\/wp-json\/wp\/v2\/categories?post=17993"},{"taxonomy":"post_tag","embeddable":true,"href":"https:\/\/linitiative.ca\/International\/wp-json\/wp\/v2\/tags?post=17993"}],"curies":[{"name":"wp","href":"https:\/\/api.w.org\/{rel}","templated":true}]}}