{"id":18347,"date":"2019-02-28T07:11:00","date_gmt":"2019-02-28T12:11:00","guid":{"rendered":"https:\/\/linitiative.ca\/International\/plusieurs-journalistes-arretes\/"},"modified":"2019-02-28T07:11:00","modified_gmt":"2019-02-28T12:11:00","slug":"plusieurs-journalistes-arretes","status":"publish","type":"post","link":"https:\/\/linitiative.ca\/International\/plusieurs-journalistes-arretes\/","title":{"rendered":"Plusieurs journalistes arr\u00eat\u00e9s"},"content":{"rendered":"<div id=\"originalText\" readability=\"54\">\n<p>Des centaines de journalistes manifestent, aujourd&rsquo;hui jeudi, \u00e0 la Place de la Libert\u00e9, rue Hassiba Ben Bouali, \u00e0 Alger, contre le cinqui\u00e8me mandat d&rsquo;Abdelaziz Bouteflika et la censure de\u00a0 la presse par les pouvoirs publics.\u00a0<\/p>\n<p>\u00ab\u00a0Alg\u00e9rie libre et d\u00e9mocratique\u00a0\u00bb, scandent-ils en boucle.\u00a0<\/p>\n<p>Au d\u00e9but du rassemblement, vers 10h du matin, la police a proc\u00e9d\u00e9 \u00e0 l&rsquo;arrestation de plusieurs journalistes pour tenter d&#8217;emp\u00eacher la manifestation. Mais en vain, le nombre impressionnant des journalistes, estim\u00e9 \u00e0 un peu plus d&rsquo;un millier, a fini par imposer le rassemblement.\u00a0<\/p>\n<p>Peu avant 13h, la police avait d\u00e9j\u00e0 arr\u00eat\u00e9 une dizaine de journalistes.\u00a0<\/p>\n<p><iframe loading=\"lazy\" allow=\"accelerometer; autoplay; encrypted-media; gyroscope; picture-in-picture\" allowfullscreen=\"\" frameborder=\"0\" height=\"315\" src=\"https:\/\/www.youtube.com\/embed\/myQeo11-ybM\" width=\"560\">[embedded content]<\/iframe><\/p>\n<p class=\"c10\"><strong>R\u00e9daction Web\u00a0<\/strong><br \/>\u00a0<\/p>\n<\/div>\n<div id=\"text_core\" readability=\"54\">\n<p>Des centaines de journalistes manifestent, aujourd&rsquo;hui jeudi, \u00e0 la Place de la Libert\u00e9, rue Hassiba Ben Bouali, \u00e0 Alger, contre le cinqui\u00e8me mandat d&rsquo;Abdelaziz Bouteflika et la censure de\u00a0 la presse par les pouvoirs publics.\u00a0<\/p>\n<p>\u00ab\u00a0Alg\u00e9rie libre et d\u00e9mocratique\u00a0\u00bb, scandent-ils en boucle.\u00a0<\/p>\n<p>Au d\u00e9but du rassemblement, vers 10h du matin, la police a proc\u00e9d\u00e9 \u00e0 l&rsquo;arrestation de plusieurs journalistes pour tenter d&#8217;emp\u00eacher la manifestation. Mais en vain, le nombre impressionnant des journalistes, estim\u00e9 \u00e0 un peu plus d&rsquo;un millier, a fini par imposer le rassemblement.\u00a0<\/p>\n<p>Peu avant 13h, la police avait d\u00e9j\u00e0 arr\u00eat\u00e9 une dizaine de journalistes.\u00a0<\/p>\n<p><iframe loading=\"lazy\" allow=\"accelerometer; autoplay; encrypted-media; gyroscope; picture-in-picture\" allowfullscreen=\"\" frameborder=\"0\" height=\"315\" src=\"https:\/\/www.youtube.com\/embed\/myQeo11-ybM\" width=\"560\">[embedded content]<\/iframe><\/p>\n<p class=\"c10\"><strong>R\u00e9daction Web\u00a0<\/strong><br \/>\u00a0<\/p>\n<\/div>\n<p>Auteur:<br \/>\n<a href=\"https:\/\/www.liberte-algerie.com\/actualite\/plusieurs-journalistes-arretes-310526\">Cliquez ici pour lire l&rsquo;article depuis sa source.<\/a><\/p>\n","protected":false},"excerpt":{"rendered":"<p>Des centaines de journalistes manifestent, aujourd&rsquo;hui jeudi, \u00e0 la Place de la Libert\u00e9, rue Hassiba Ben Bouali, \u00e0 Alger, contre le cinqui\u00e8me mandat d&rsquo;Abdelaziz Bouteflika et la censure de\u00a0 la presse par les pouvoirs publics.\u00a0 \u00ab\u00a0Alg\u00e9rie libre et d\u00e9mocratique\u00a0\u00bb, scandent-ils en boucle.\u00a0 Au d\u00e9but du rassemblement, vers 10h du matin, la police a proc\u00e9d\u00e9 \u00e0 [&hellip;]<\/p>\n","protected":false},"author":1742,"featured_media":0,"comment_status":"closed","ping_status":"closed","sticky":false,"template":"","format":"standard","meta":{"fifu_image_url":"","fifu_image_alt":"","footnotes":""},"categories":[73,53],"tags":[],"class_list":["post-18347","post","type-post","status-publish","format-standard","hentry","category-actualite","category-algerie"],"_links":{"self":[{"href":"https:\/\/linitiative.ca\/International\/wp-json\/wp\/v2\/posts\/18347","targetHints":{"allow":["GET"]}}],"collection":[{"href":"https:\/\/linitiative.ca\/International\/wp-json\/wp\/v2\/posts"}],"about":[{"href":"https:\/\/linitiative.ca\/International\/wp-json\/wp\/v2\/types\/post"}],"author":[{"embeddable":true,"href":"https:\/\/linitiative.ca\/International\/wp-json\/wp\/v2\/users\/1742"}],"replies":[{"embeddable":true,"href":"https:\/\/linitiative.ca\/International\/wp-json\/wp\/v2\/comments?post=18347"}],"version-history":[{"count":0,"href":"https:\/\/linitiative.ca\/International\/wp-json\/wp\/v2\/posts\/18347\/revisions"}],"wp:attachment":[{"href":"https:\/\/linitiative.ca\/International\/wp-json\/wp\/v2\/media?parent=18347"}],"wp:term":[{"taxonomy":"category","embeddable":true,"href":"https:\/\/linitiative.ca\/International\/wp-json\/wp\/v2\/categories?post=18347"},{"taxonomy":"post_tag","embeddable":true,"href":"https:\/\/linitiative.ca\/International\/wp-json\/wp\/v2\/tags?post=18347"}],"curies":[{"name":"wp","href":"https:\/\/api.w.org\/{rel}","templated":true}]}}