{"id":184207,"date":"2026-04-07T17:16:44","date_gmt":"2026-04-07T21:16:44","guid":{"rendered":"https:\/\/linitiative.ca\/International\/mme-seghrouchni-le-technologie-doit-servir-le-bien-commun-a-lechelle-globale\/"},"modified":"2026-04-07T17:16:44","modified_gmt":"2026-04-07T21:16:44","slug":"mme-seghrouchni-le-technologie-doit-servir-le-bien-commun-a-lechelle-globale","status":"publish","type":"post","link":"https:\/\/linitiative.ca\/International\/mme-seghrouchni-le-technologie-doit-servir-le-bien-commun-a-lechelle-globale\/","title":{"rendered":"Mme Seghrouchni: le technologie doit servir le \u00abbien commun \u00e0 l\u2019\u00e9chelle globale\u00bb"},"content":{"rendered":"<p><strong>Le Maroc cherche \u00e0 d\u00e9montrer qu\u2019il est \u00abpossible de construire une puissance technologique qui ne se d\u00e9finit pas par la domination, mais par sa capacit\u00e9 \u00e0 f\u00e9d\u00e9rer et \u00e0 mettre l\u2019innovation au service du d\u00e9veloppement et du bien commun \u00e0 l\u2019\u00e9chelle globale\u00bb, a consid\u00e9r\u00e9 la ministre d\u00e9l\u00e9gu\u00e9e charg\u00e9e de la Transition num\u00e9rique et de la R\u00e9forme de l\u2019administration, Amal El Fallah Seghrouchni, en ouverture du GITEX Africa 2026, mardi 7 avril \u00e0 Marrakech.<\/strong><\/p>\n<p>Pour Mme Seghrouchni, le Maroc peut incarner une troisi\u00e8me voie du digital et de l\u2019IA qui repose sur quatre piliers structurants. Il s\u2019agit d\u2019une souverainet\u00e9 technologique op\u00e9rationnelle, d\u2019une modernit\u00e9 authentique fond\u00e9e sur un digital et une IA adapt\u00e9s aux r\u00e9alit\u00e9s \u00e9conomiques, sociales et culturelles du Royaume, d\u2019une puissance technologique d\u2019\u00e9quilibre capable de relier l\u2019Europe, l\u2019Afrique et l\u2019Atlantique dans la recomposition des rapports de force \u00e0 l\u2019\u00e9chelle mondiale et d\u2019une boussole strat\u00e9gique pour le dialogue international sur le digital et l\u2019IA.<\/p>\n<p>\u00ab\u00a0Par sa position g\u00e9ographique, la diversit\u00e9 de ses partenariats et sa tradition de dialogue multilat\u00e9ral, le Maroc dispose d\u2019atouts uniques pour devenir une plateforme internationale de dialogue sur les grands enjeux de l\u2019IA \u00e9thique, moderne et authentique, \u00e0 m\u00eame de r\u00e9unir des acteurs issus de diff\u00e9rents mod\u00e8les technologiques et de promouvoir une approche \u00e9quilibr\u00e9e entre innovation, souverainet\u00e9 et responsabilit\u00e9\u00a0\u00bb, a affirm\u00e9 la ministre.<\/p>\n<p><strong><strong>Lire aussi I\u00a0<a href=\"https:\/\/www.challenge.ma\/amal-el-fallah-seghrouchni-le-maroc-consolide-sa-position-comme-hub-numerique-africain-et-international-318642\/#:~:text=GITEX%20AFRICA%202026-,Amal%20El%20Fallah%20Seghrouchni%3A%20%C2%ABLe%20Maroc%20consolide%20sa%20position%20comme%20hub%20num%C3%A9rique%20africain%20et%20international%C2%BB,-written%20by%20Adama\" target=\"_blank\" rel=\"noreferrer noopener\">Amal El Fallah Seghrouchni: \u00abLe Maroc consolide sa position comme hub num\u00e9rique africain et international\u00bb<\/a><\/strong><\/strong><\/p>\n<p>En se positionnant comme puissance technologique d\u2019\u00e9quilibre, capable de relier l\u2019Europe, l\u2019Afrique et l\u2019Atlantique dans la recomposition g\u00e9opolitique en cours, le Royaume offre plus qu\u2019un hub, il offre un liant, a-t-elle conclu.<\/p>\n<p>Plac\u00e9 sous le th\u00e8me\u00a0\u00bbCatalyser l\u2019\u00e9conomie num\u00e9rique africaine \u00e0 l\u2019\u00e8re de l\u2019Intelligence Artificielle\u00a0\u00bb, GITEX Africa 2026 r\u00e9unit quelque 50.000 participants et plus de 1.450 exposants de 130 pays.<\/p>\n<p><strong>Lire aussi I\u00a0<a href=\"https:\/\/www.challenge.ma\/le-gitex-africa-morocco-ouvre-ses-portes-a-marrakech-318799\/#:~:text=GITEX%20AFRICA%202026-,Le%20GITEX%20Africa%20Morocco%20ouvre%20ses%20portes%20%C3%A0%20Marrakech,-written%20by%20Challenge\" target=\"_blank\" rel=\"noreferrer noopener\">Le GITEX Africa Morocco ouvre ses portes \u00e0 Marrakech<\/a><\/strong><\/p>\n<p>Elle se veut une plateforme majeure de coop\u00e9ration panafricaine, o\u00f9 l\u2019innovation mondiale rencontre les enjeux de souverainet\u00e9 du continent, afin d\u2019acc\u00e9l\u00e9rer le d\u00e9ploiement de solutions num\u00e9riques \u00e0 fort impact capables de poser les fondations de la r\u00e9silience \u00e9conomique future de l\u2019Afrique.<\/p>\n<p>Auteur: Challenge<br \/>\n<a href=\"https:\/\/www.challenge.ma\/mme-seghrouchni-le-technologie-doit-servir-le-bien-commun-a-lechelle-globale-318841\/\">Cliquez ici pour lire l&rsquo;article depuis sa source.<\/a><\/p>\n","protected":false},"excerpt":{"rendered":"<p>Le Maroc cherche \u00e0 d\u00e9montrer qu\u2019il est \u00abpossible de construire une puissance technologique qui ne se d\u00e9finit pas par la domination, mais par sa capacit\u00e9 \u00e0 f\u00e9d\u00e9rer et \u00e0 mettre l\u2019innovation au service du d\u00e9veloppement et du bien commun \u00e0 l\u2019\u00e9chelle globale\u00bb, a consid\u00e9r\u00e9 la ministre d\u00e9l\u00e9gu\u00e9e charg\u00e9e de la Transition num\u00e9rique et de la [&hellip;]<\/p>\n","protected":false},"author":1787,"featured_media":184208,"comment_status":"closed","ping_status":"closed","sticky":false,"template":"","format":"standard","meta":{"fifu_image_url":"https:\/\/www.challenge.ma\/wp-content\/uploads\/2026\/04\/WhatsApp-Image-2026-04-07-at-12.31.35.jpeg","fifu_image_alt":"Mme Seghrouchni: le technologie doit servir le \u00abbien commun \u00e0 l\u2019\u00e9chelle globale\u00bb","footnotes":""},"categories":[78,54],"tags":[],"class_list":["post-184207","post","type-post","status-publish","format-standard","has-post-thumbnail","hentry","category-economie","category-maroc"],"_links":{"self":[{"href":"https:\/\/linitiative.ca\/International\/wp-json\/wp\/v2\/posts\/184207","targetHints":{"allow":["GET"]}}],"collection":[{"href":"https:\/\/linitiative.ca\/International\/wp-json\/wp\/v2\/posts"}],"about":[{"href":"https:\/\/linitiative.ca\/International\/wp-json\/wp\/v2\/types\/post"}],"author":[{"embeddable":true,"href":"https:\/\/linitiative.ca\/International\/wp-json\/wp\/v2\/users\/1787"}],"replies":[{"embeddable":true,"href":"https:\/\/linitiative.ca\/International\/wp-json\/wp\/v2\/comments?post=184207"}],"version-history":[{"count":0,"href":"https:\/\/linitiative.ca\/International\/wp-json\/wp\/v2\/posts\/184207\/revisions"}],"wp:featuredmedia":[{"embeddable":true,"href":"https:\/\/linitiative.ca\/International\/wp-json\/wp\/v2\/media\/184208"}],"wp:attachment":[{"href":"https:\/\/linitiative.ca\/International\/wp-json\/wp\/v2\/media?parent=184207"}],"wp:term":[{"taxonomy":"category","embeddable":true,"href":"https:\/\/linitiative.ca\/International\/wp-json\/wp\/v2\/categories?post=184207"},{"taxonomy":"post_tag","embeddable":true,"href":"https:\/\/linitiative.ca\/International\/wp-json\/wp\/v2\/tags?post=184207"}],"curies":[{"name":"wp","href":"https:\/\/api.w.org\/{rel}","templated":true}]}}