{"id":184260,"date":"2026-04-08T17:02:19","date_gmt":"2026-04-08T21:02:19","guid":{"rendered":"https:\/\/linitiative.ca\/International\/salsabil-klibi-sadok-belaid-le-savant-et-lesthete\/"},"modified":"2026-04-08T17:02:19","modified_gmt":"2026-04-08T21:02:19","slug":"salsabil-klibi-sadok-belaid-le-savant-et-lesthete","status":"publish","type":"post","link":"https:\/\/linitiative.ca\/International\/salsabil-klibi-sadok-belaid-le-savant-et-lesthete\/","title":{"rendered":"Salsabil Klibi &#8211; Sadok Belaid, le savant et l\u2019esth\u00e8te"},"content":{"rendered":"<p>Avec le d\u00e9part de Sadok Belaid, ce n\u2019est pas seulement l\u2019universit\u00e9 tunisienne ni la communaut\u00e9 des juristes qui perd une de ses figures les plus marquantes, mais l\u2019Etat tunisien, car Sadok Belaid fut aussi un de ses grands serviteurs.<\/p>\n<p>J\u2019ai eu le privil\u00e8ge d\u2019avoir Si Sadok comme professeur alors que j\u2019entamais ma premi\u00e8re ann\u00e9e du troisi\u00e8me cycle. Avec lui on d\u00e9couvrait une autre repr\u00e9sentation du droit international que celle qui nous avait \u00e9t\u00e9 servie en troisi\u00e8me ann\u00e9e de la licence. Et aujourd\u2019hui plus que jamais r\u00e9sonne encore \u00e0 mes oreilles cette image qu\u2019il nous en avait dress\u00e9e. On \u00e9tait \u00e0 la fin des ann\u00e9e quatre-vingt et il nous parlait d\u00e9j\u00e0 de ce colosse aux pieds d\u2019argile qu\u2019est le droit international, aussi grand par ses principes qu\u2019indigent lorsqu\u2019il s\u2019agit de le mettre en \u0153uvre, image plus vraie aujourd\u2019hui que jamais.<\/p>\n<p>J\u2019ai eu \u00e9galement le privil\u00e8ge, par la suite, d\u2019avoir Si Sadok \u00e0 mes c\u00f4t\u00e9s dans mes premiers pas d\u2019enseignante, Si Sadok attentif et bienveillant lorsqu\u2019il se penchait sur mes publications, les discutait et en redressait les imperfections. Si Sadok for\u00e7ait l\u2019estime mais c\u2019est aussi beaucoup d\u2019affection que j\u2019avais pour lui.<\/p>\n<p>Ce n\u2019est pourtant pas du juriste hors pair qu\u2019il fut que je voudrais parler ici mais de l\u2019\u00e9rudit et de l\u2019esth\u00e8te. J\u2019ai eu la chance, en effet, \u00e0 plusieurs reprises de voyager avec Si Sadok \u00e0 l\u2019occasion de colloques ou congr\u00e8s internationaux et c\u2019est un autre homme que j\u2019ai d\u00e9couvert. Lors de discussions apr\u00e8s les longues journ\u00e9es de travail, j\u2019ai d\u00e9couvert le fin connaisseur de peinture et de musique qu\u2019il fut, et les visites des mus\u00e9es \u00e9taient toujours au programme des sorties post-congr\u00e8s. Ses envol\u00e9es commentant un tableau de Rembrandt ou de Vermeer (il appr\u00e9ciait particuli\u00e8rement les ma\u00eetres hollandais) \u00e9taient captivantes. Sa culture musicale \u00e9tait saisissante, il m\u2019initiait \u00e0 saisir les diff\u00e9rences dans l\u2019interpr\u00e9tation d\u2019une m\u00eame \u0153uvre, d\u2019un chef d\u2019orchestre \u00e0 un autre, sans manquer \u00e9videmment de faire le parall\u00e8le avec les variations d\u2019interpr\u00e9tation des textes juridiques par les juges, lui auteur d\u2019une th\u00e8se marquante sur \u00able pouvoir cr\u00e9ateur et normatif du juge\u00bb.<\/p>\n<p>Les d\u00eeners avec Si Sadok \u00e9taient un \u00e9v\u00e9nement, car on y d\u00e9gustait les plats avant m\u00eame d\u2019y go\u00fbter. Fin gourmet et connaisseur des cuisines de terroir de Tunisie et d\u2019ailleurs, la description des saveurs d\u2019une viande ou d\u2019un fromage, les origines d\u2019un plat et ses d\u00e9clinaisons suffisaient \u00e0 aiguiser toutes les curiosit\u00e9s et les app\u00e9tits.<\/p>\n<p>Le professeur s\u00e9v\u00e8re qui dominait son amphith\u00e9\u00e2tre, intimidant par son savoir, \u00e9tait doubl\u00e9 d\u2019un homme affable dont l\u2019amiti\u00e9 et la compagnie \u00e9taient un privil\u00e8ge et ce sont ces deux figures qui vont nous manquer cruellement!\u00a0 \u00a0\u00a0<br \/>Allah yarhmek Si Sadok.<\/p>\n<p><strong>Salsabil Klibi\u00a0<\/strong><\/p>\n<p><strong>Lire aussi<\/strong><\/p>\n<p><a href=\"https:\/\/www.leaders.com.tn\/article\/37891-francis-delperee-sadok-le-juste\" target=\"_blank\">Francis Delp\u00e9r\u00e9e: Sadok, le Juste\u00a0<\/a><\/p>\n<p><a href=\"https:\/\/www.leaders.com.tn\/article\/37842-hatem-kotrane-hommage-a-sadok-belaid-le-doyen-de-tous\" target=\"_blank\">Hatem Kotrane : Hommage \u00e0 Sadok Bela\u00efd, le doyen de tous<\/a><\/p>\n<p><a href=\"https:\/\/www.leaders.com.tn\/article\/37844-obseques-du-doyen-sadok-belaid-dans-l-emotion-et-le-recueillement-album-photos\" target=\"_blank\">Obs\u00e8ques du doyen Sadok Bela\u00efd: Dans l\u2019\u00e9motion et le recueillement (Album photos)<\/a><\/p>\n<p><a href=\"https:\/\/www.leaders.com.tn\/article\/37841-le-doyen-sadok-belaid-est-decede-l-erudition-et-l-ingeniosite-de-l-architecture-instituionnelle\" target=\"_blank\">Le doyen Sadok Belaid est d\u00e9c\u00e9d\u00e9 : l&rsquo;\u00e9rudition et l&rsquo;ingeniosit\u00e9 de l&rsquo;architecture instituionnelle<\/a><\/p>\n<p><a href=\"https:\/\/www.leaders.com.tn\/article\/37882-hommage-a-si-sadok-belaid-un-homme-de-conviction-un-intellectuel-et-un-citoyen-engage\" target=\"_blank\">Hommage de la Pr Kalthoum Meziou Doura\u00ef \u00e0 Sadok Bela\u00efd: Un homme de conviction, un intellectuel et un citoyen engag\u00e9<\/a><\/p>\n<p><a href=\"https:\/\/www.leaders.com.tn\/article\/37899-wahid-ferchichi-sadok-belaid-pionnier-des-juristes-doyens\" target=\"_blank\">Wahid Ferchichi: Sadok Bela\u00efd, pionnier des juristes-doyens\u2026<\/a><\/p>\n<p><a href=\"https:\/\/www.leaders.com.tn\/article\/37904-mohamed-salah-ben-aissa-hommage-a-un-maitre-quelques-verites-pour-l-histoire\" target=\"_blank\">Mohamed Salah Ben A\u00efssa &#8211; Hommage \u00e0 un ma\u00eetre; quelques v\u00e9rit\u00e9s pour l&rsquo;histoire<\/a><\/p>\n<p><a href=\"https:\/\/www.leaders.com.tn\/article\/37906-hommage-au-doyen-sadok-belaid-temoignage-et-dialogue-entre-philippe-noiret-bertrand-blier-louis-de-funes-et-raymond-devos\" target=\"_blank\">Hommage au Doyen Sadok Bela\u00efd: T\u00e9moignage et dialogue entre Philippe Noiret, Bertrand Blier, Louis de Fun\u00e8s et Raymond Devos<\/a><\/p>\n<p><a href=\"https:\/\/www.leaders.com.tn\/article\/37911-sadok-belaid-dans-son-sillage\" target=\"_blank\">Sadok Bela\u00efd: Dans son sillage\u2026<\/a><\/p>\n<p><a href=\"https:\/\/www.leaders.com.tn\/article\/37926-sadok-belaid-abrege-d-un-fabuleux-parcours\" target=\"_blank\">Fadhel Moussa &#8211; Sadok Bela\u00efd: Abr\u00e9g\u00e9 d\u2019un fabuleux parcours<\/a><\/p>\n<p><a href=\"https:\/\/www.leaders.com.tn\/article\/37935-sadok-belaid-trois-moments-forts\" target=\"_blank\">Soukaina Bouraoui &#8211; Sadok Bela\u00efd: Trois moments forts<\/a><\/p>\n<p>\u00a0<\/p>\n<p>Auteur:<br \/>\n<a href=\"https:\/\/www.leaders.com.tn\/article\/37939-klibi-salsabil-sadok-belaid-le-savant-et-l-esthete\">Cliquez ici pour lire l&rsquo;article depuis sa source.<\/a><\/p>\n","protected":false},"excerpt":{"rendered":"<p>Avec le d\u00e9part de Sadok Belaid, ce n\u2019est pas seulement l\u2019universit\u00e9 tunisienne ni la communaut\u00e9 des juristes qui perd une de ses figures les plus marquantes, mais l\u2019Etat tunisien, car Sadok Belaid fut aussi un de ses grands serviteurs. J\u2019ai eu le privil\u00e8ge d\u2019avoir Si Sadok comme professeur alors que j\u2019entamais ma premi\u00e8re ann\u00e9e du [&hellip;]<\/p>\n","protected":false},"author":1772,"featured_media":184261,"comment_status":"closed","ping_status":"closed","sticky":false,"template":"","format":"standard","meta":{"fifu_image_url":"https:\/\/www.leaders.com.tn\/uploads\/content\/thumbnails\/177563853465_content.jpg","fifu_image_alt":"Salsabil Klibi - Sadok Belaid, le savant et l\u2019esth\u00e8te","footnotes":""},"categories":[73,55],"tags":[],"class_list":["post-184260","post","type-post","status-publish","format-standard","has-post-thumbnail","hentry","category-actualite","category-tunisie"],"_links":{"self":[{"href":"https:\/\/linitiative.ca\/International\/wp-json\/wp\/v2\/posts\/184260","targetHints":{"allow":["GET"]}}],"collection":[{"href":"https:\/\/linitiative.ca\/International\/wp-json\/wp\/v2\/posts"}],"about":[{"href":"https:\/\/linitiative.ca\/International\/wp-json\/wp\/v2\/types\/post"}],"author":[{"embeddable":true,"href":"https:\/\/linitiative.ca\/International\/wp-json\/wp\/v2\/users\/1772"}],"replies":[{"embeddable":true,"href":"https:\/\/linitiative.ca\/International\/wp-json\/wp\/v2\/comments?post=184260"}],"version-history":[{"count":0,"href":"https:\/\/linitiative.ca\/International\/wp-json\/wp\/v2\/posts\/184260\/revisions"}],"wp:featuredmedia":[{"embeddable":true,"href":"https:\/\/linitiative.ca\/International\/wp-json\/wp\/v2\/media\/184261"}],"wp:attachment":[{"href":"https:\/\/linitiative.ca\/International\/wp-json\/wp\/v2\/media?parent=184260"}],"wp:term":[{"taxonomy":"category","embeddable":true,"href":"https:\/\/linitiative.ca\/International\/wp-json\/wp\/v2\/categories?post=184260"},{"taxonomy":"post_tag","embeddable":true,"href":"https:\/\/linitiative.ca\/International\/wp-json\/wp\/v2\/tags?post=184260"}],"curies":[{"name":"wp","href":"https:\/\/api.w.org\/{rel}","templated":true}]}}