{"id":184264,"date":"2026-04-08T17:02:39","date_gmt":"2026-04-08T21:02:39","guid":{"rendered":"https:\/\/linitiative.ca\/International\/le-pr-slim-laghmani-candidat-de-la-tunisie-au-poste-de-juge-au-tribunal-international-du-droit-de-la-mer\/"},"modified":"2026-04-08T17:02:39","modified_gmt":"2026-04-08T21:02:39","slug":"le-pr-slim-laghmani-candidat-de-la-tunisie-au-poste-de-juge-au-tribunal-international-du-droit-de-la-mer","status":"publish","type":"post","link":"https:\/\/linitiative.ca\/International\/le-pr-slim-laghmani-candidat-de-la-tunisie-au-poste-de-juge-au-tribunal-international-du-droit-de-la-mer\/","title":{"rendered":"Le Pr Slim Laghmani, candidat de la Tunisie au poste de juge au tribunal international du droit de la mer"},"content":{"rendered":"<p>Le professeur de droit international Slim Laghmani a \u00e9t\u00e9 pr\u00e9sent\u00e9 par la Tunisie comme son candidat officiel au poste de juge au tribunal international du droit de la mer (mandat 2026-2035). Les \u00e9lections qui s\u2019annoncent serr\u00e9es auront lieu en juin prochain \u00e0 New York pour choisir sept membres parmi onze candidats d\u00e9sign\u00e9s par les Etats parties. Le Pr Laghmani, jouissant d\u2019une expertise de renomm\u00e9e internationale, aligne un profil tr\u00e8s appropri\u00e9 pour si\u00e9ger au sein de cette instance.<img decoding=\"async\" src=\"\/uploads\/FCK_files\/Slim-Laghmani-2.jpg\" width=\"100%\" vspace=\"5\" hspace=\"5\" align=\"middle\" alt=\"\"\/>Apr\u00e8s la cl\u00f4ture de la date de d\u00e9p\u00f4t des candidatures fin mars dernier, le Pr Slim Laghmani s\u2019est rendu \u00e0 New York pour une s\u00e9rie de visites et d\u2019entretiens. C\u2019est ainsi qu\u2019accompagn\u00e9 de l\u2019Ambassadeur Repr\u00e9sentant Permanent de Tunisie \u00e0 New York, Nabil Ammar, il s\u2019est rendu \u00e0 ce jour aux Missions Permanentes de la Malaisie et du Chili.<\/p>\n<p>Le Tribunal international du droit de la mer (TIDM), dont le si\u00e8ge est \u00e9tabli \u00e0 de Hambourg, en R\u00e9publique f\u00e9d\u00e9rale d&rsquo;Allemagne, est un organe judiciaire ind\u00e9pendant qui a \u00e9t\u00e9 cr\u00e9\u00e9 par la Convention des Nations Unies sur le droit de la mer (1982). Il est comp\u00e9tent pour tous les diff\u00e9rends relatifs \u00e0 l\u2019interpr\u00e9tation ou \u00e0 l\u2019application de la Convention, et toutes les fois que cela est express\u00e9ment pr\u00e9vu dans tout autre accord lui conf\u00e9rant comp\u00e9tence. Les diff\u00e9rends relevant de la Convention peuvent avoir trait \u00e0 la d\u00e9limitation de zones maritimes, \u00e0 la navigation, \u00e0 la conservation et la gestion des ressources biologiques marines, \u00e0 la protection et la pr\u00e9servation du milieu marin et \u00e0 la recherche scientifique marine.<img decoding=\"async\" src=\"\/uploads\/FCK_files\/Si\u00e8ge-du-Tribunal.jpg\" width=\"100%\" vspace=\"5\" hspace=\"5\" align=\"middle\" alt=\"\"\/>Le Tribunal \u00abest un corps de 21 membres ind\u00e9pendants, \u00e9lus parmi les personnes jouissant de la plus haute r\u00e9putation d\u2019impartialit\u00e9 et d\u2019int\u00e9grit\u00e9 et poss\u00e9dant une comp\u00e9tence notoire dans le domaine du droit de la mer.\u00bb Le 2 octobre 2023, le Tribunal a \u00e9lu M. le juge Tomas Heidar (Islande) Pr\u00e9sident du Tribunal, Mme la juge Neeru Chadha (Inde) Vice-Pr\u00e9sidente du Tribunal pour la p\u00e9riode 2023-2026.<\/p>\n<p>Ci-apr\u00e8s la liste des candidats en lice :<\/p>\n<p><span><strong>\u2022\u00a0<\/strong><\/span>ADUSU, Sylvia Ama &#8211; Ghana<\/p>\n<p><span><strong>\u2022\u00a0<\/strong><\/span>BANDEIRA GALINDO, George Rodrigo- Br\u00e9sil, Sierra Leone<\/p>\n<p><span><strong>\u2022\u00a0<\/strong><\/span>CABELLO SARUBBI, Oscar &#8211; Paraguay<\/p>\n<p><span><strong>\u2022\u00a0<\/strong><\/span>KITTICHAISAREE, Kriangsak &#8211; Tha\u00eflande<\/p>\n<p><span><strong>\u2022\u00a0<\/strong><\/span>KOLODKIN, Roman &#8211; F\u00e9d\u00e9ration de Russie<\/p>\n<p><span><strong>\u2022\u00a0<\/strong><\/span>LAGHMANI, Slim &#8211; Tunisie<\/p>\n<p><span><strong>\u2022\u00a0<\/strong><\/span>LIJNZAAD, Liesbeth &#8211; Pays-Bas<\/p>\n<p><span><strong>\u2022\u00a0<\/strong><\/span>NGUYEN, Lan-Anh Thi &#8211; Viet Nam<\/p>\n<p><span><strong>\u2022\u00a0<\/strong><\/span>PATEL, Bimal N. &#8211; Inde<\/p>\n<p><span><strong>\u2022\u00a0<\/strong><\/span>PRATOMO, Eddy &#8211; Indon\u00e9sie<\/p>\n<p><span><strong>\u2022\u00a0<\/strong><\/span>SAVADOGO, Louis &#8211; Burkina Faso, Sierra Leone, Vanuatu.<br \/>\u00a0<\/p>\n<p>Auteur:<br \/>\n<a href=\"https:\/\/www.leaders.com.tn\/article\/37941-le-pr-slim-laghmani-candidat-de-la-tunisie-au-poste-de-juge-au-tribunal-international-du-droit-de-la-mer\">Cliquez ici pour lire l&rsquo;article depuis sa source.<\/a><\/p>\n","protected":false},"excerpt":{"rendered":"<p>Le professeur de droit international Slim Laghmani a \u00e9t\u00e9 pr\u00e9sent\u00e9 par la Tunisie comme son candidat officiel au poste de juge au tribunal international du droit de la mer (mandat 2026-2035). Les \u00e9lections qui s\u2019annoncent serr\u00e9es auront lieu en juin prochain \u00e0 New York pour choisir sept membres parmi onze candidats d\u00e9sign\u00e9s par les Etats [&hellip;]<\/p>\n","protected":false},"author":1772,"featured_media":184265,"comment_status":"closed","ping_status":"closed","sticky":false,"template":"","format":"standard","meta":{"fifu_image_url":"https:\/\/www.leaders.com.tn\/uploads\/content\/thumbnails\/177563990137_content.jpg","fifu_image_alt":"Le Pr Slim Laghmani, candidat de la Tunisie au poste de juge au tribunal international du droit de la mer","footnotes":""},"categories":[73,55],"tags":[],"class_list":["post-184264","post","type-post","status-publish","format-standard","has-post-thumbnail","hentry","category-actualite","category-tunisie"],"_links":{"self":[{"href":"https:\/\/linitiative.ca\/International\/wp-json\/wp\/v2\/posts\/184264","targetHints":{"allow":["GET"]}}],"collection":[{"href":"https:\/\/linitiative.ca\/International\/wp-json\/wp\/v2\/posts"}],"about":[{"href":"https:\/\/linitiative.ca\/International\/wp-json\/wp\/v2\/types\/post"}],"author":[{"embeddable":true,"href":"https:\/\/linitiative.ca\/International\/wp-json\/wp\/v2\/users\/1772"}],"replies":[{"embeddable":true,"href":"https:\/\/linitiative.ca\/International\/wp-json\/wp\/v2\/comments?post=184264"}],"version-history":[{"count":0,"href":"https:\/\/linitiative.ca\/International\/wp-json\/wp\/v2\/posts\/184264\/revisions"}],"wp:featuredmedia":[{"embeddable":true,"href":"https:\/\/linitiative.ca\/International\/wp-json\/wp\/v2\/media\/184265"}],"wp:attachment":[{"href":"https:\/\/linitiative.ca\/International\/wp-json\/wp\/v2\/media?parent=184264"}],"wp:term":[{"taxonomy":"category","embeddable":true,"href":"https:\/\/linitiative.ca\/International\/wp-json\/wp\/v2\/categories?post=184264"},{"taxonomy":"post_tag","embeddable":true,"href":"https:\/\/linitiative.ca\/International\/wp-json\/wp\/v2\/tags?post=184264"}],"curies":[{"name":"wp","href":"https:\/\/api.w.org\/{rel}","templated":true}]}}