{"id":184280,"date":"2026-04-08T16:45:00","date_gmt":"2026-04-08T20:45:00","guid":{"rendered":"https:\/\/linitiative.ca\/International\/parlement-debat-autour-dune-version-amendee-de-la-loi-sur-les-associations\/"},"modified":"2026-04-08T16:45:00","modified_gmt":"2026-04-08T20:45:00","slug":"parlement-debat-autour-dune-version-amendee-de-la-loi-sur-les-associations","status":"publish","type":"post","link":"https:\/\/linitiative.ca\/International\/parlement-debat-autour-dune-version-amendee-de-la-loi-sur-les-associations\/","title":{"rendered":"Parlement : d\u00e9bat autour d\u2019une version amend\u00e9e de la loi sur les associations"},"content":{"rendered":"<div class=\"post-cont-out\">\n<div class=\"post-cont-in no-margin\">\n<div id=\"content-main\" class=\"left relative\">\n<div class=\"liveblog-section\">\n<div id=\"elb-liveblog\" class=\"elb-liveblog elb-theme-light\" data-append-timestamp=\"1\" data-status=\"open\" data-highlighted-entry=\"\" data-show-entries=\"25\" data-endpoint=\"https:\/\/www.tunisienumerique.com\/wp-json\/easy-liveblogs\/v1\/liveblog\/1104258\">\n<div class=\"elb-liveblog-closed-message\">Le blog en direct est termin\u00e9.<\/div>\n<p><button id=\"elb-show-new-posts\" class=\"elb-button button\"\/><\/p>\n<div class=\"elb-no-liveblog-entries-message\">Aucune mise \u00e0 jour du blog en direct pour le moment.<\/div>\n<p><button id=\"elb-load-more\" class=\"elb-button button\">Charger plus<\/button><\/div>\n<\/div>\n<div class=\"simplesocialbuttons simplesocial-round-btm-border simplesocialbuttons_inline simplesocialbuttons-align-left post-1104258 post simplesocialbuttons-inline-no-animation\"><button class=\"simplesocial-fb-share\" rel=\"nofollow\" target=\"_blank\" aria-label=\"Facebook Share\" data-href=\"https:\/\/www.facebook.com\/sharer\/sharer.php?u=https:\/\/www.tunisienumerique.com\/parlement-debat-autour-dune-version-amendee-de-la-loi-sur-les-associations\/\" onclick=\"javascript:window.open(this.dataset.href, '', 'menubar=no,toolbar=no,resizable=yes,scrollbars=yes,height=600,width=600');return false;\"><span class=\"simplesocialtxt\">Facebook<\/span><\/button> <button class=\"simplesocial-twt-share\" rel=\"nofollow\" target=\"_blank\" aria-label=\"Twitter Share\" data-href=\"https:\/\/twitter.com\/intent\/tweet?text=Parlement+%3A+d%C3%A9bat+autour+d%E2%80%99une+version+amend%C3%A9e+de+la+loi+sur+les+associations&amp;url=https:\/\/www.tunisienumerique.com\/parlement-debat-autour-dune-version-amendee-de-la-loi-sur-les-associations\/\" onclick=\"javascript:window.open(this.dataset.href, '', 'menubar=no,toolbar=no,resizable=yes,scrollbars=yes,height=600,width=600');return false;\"><span class=\"simplesocialtxt\">Twitter<\/span><\/button> <button rel=\"nofollow\" target=\"_blank\" class=\"simplesocial-linkedin-share\" aria-label=\"LinkedIn Share\" data-href=\"https:\/\/www.linkedin.com\/sharing\/share-offsite\/?url=https:\/\/www.tunisienumerique.com\/parlement-debat-autour-dune-version-amendee-de-la-loi-sur-les-associations\/\" onclick=\"javascript:window.open(this.dataset.href, '', 'menubar=no,toolbar=no,resizable=yes,scrollbars=yes,height=600,width=600');return false;\"><span class=\"simplesocialtxt\">LinkedIn<\/span><\/button> <button onclick=\"javascript:window.open(this.dataset.href, '_blank' );return false;\" class=\"simplesocial-whatsapp-share\" rel=\"nofollow\" target=\"_blank\" aria-label=\"WhatsApp Share\" data-href=\"https:\/\/api.whatsapp.com\/send?text=https:\/\/www.tunisienumerique.com\/parlement-debat-autour-dune-version-amendee-de-la-loi-sur-les-associations\/\"><span class=\"simplesocialtxt\">WhatsApp<\/span><\/button><\/p>\n<\/div>\n<p><button class=\"simplefavorite-button\" data-postid=\"1104258\" data-siteid=\"1\" data-groupid=\"1\" data-favoritecount=\"0\"> Lire plus tard<\/button><\/p>\n<div class=\"flex flex-col text-sm pb-25\">\n<section class=\"text-token-text-primary w-full focus:outline-none [--shadow-height:45px] has-data-writing-block:pointer-events-none has-data-writing-block:-mt-(--shadow-height) has-data-writing-block:pt-(--shadow-height) [&amp;:has([data-writing-block])&gt;*]:pointer-events-auto scroll-mt-[calc(var(--header-height)+min(200px,max(70px,20svh)))]\" dir=\"auto\" data-turn-id=\"request-WEB:a2d63d05-3fbe-42e8-9be7-e9055a68be44-14\" data-testid=\"conversation-turn-30\" data-scroll-anchor=\"true\" data-turn=\"assistant\">\n<div class=\"text-base my-auto mx-auto pb-10 [--thread-content-margin:var(--thread-content-margin-xs,calc(var(--spacing)*4))] @w-sm\/main:[--thread-content-margin:var(--thread-content-margin-sm,calc(var(--spacing)*6))] @w-lg\/main:[--thread-content-margin:var(--thread-content-margin-lg,calc(var(--spacing)*16))] px-(--thread-content-margin)\">\n<div class=\"[--thread-content-max-width:40rem] @w-lg\/main:[--thread-content-max-width:48rem] mx-auto max-w-(--thread-content-max-width) flex-1 group\/turn-messages focus-visible:outline-hidden relative flex w-full min-w-0 flex-col agent-turn\">\n<div class=\"flex max-w-full flex-col gap-4 grow\">\n<div class=\"min-h-8 text-message relative flex w-full flex-col items-end gap-2 text-start break-words whitespace-normal outline-none keyboard-focused:focus-ring [.text-message+&amp;]:mt-1\" dir=\"auto\" tabindex=\"0\" data-message-author-role=\"assistant\" data-message-id=\"d763937b-7a6e-4793-9189-572349c33cf2\" data-message-model-slug=\"gpt-5-4-thinking\" data-turn-start-message=\"true\">\n<div class=\"flex w-full flex-col gap-1 empty:hidden\">\n<div class=\"markdown prose dark:prose-invert w-full wrap-break-word light markdown-new-styling\">\n<p data-start=\"133\" data-end=\"528\">La Commission des droits et des libert\u00e9s \u00e0 l\u2019Assembl\u00e9e des repr\u00e9sentants du peuple (commission permanente) a tenu, ce mercredi, une s\u00e9ance \u00e0 son si\u00e8ge au Parlement au Bardo, au cours de laquelle elle a auditionn\u00e9 plusieurs d\u00e9put\u00e9s au sujet de la version amend\u00e9e d\u2019une proposition qu\u2019ils avaient pr\u00e9sent\u00e9e en octobre 2023, portant sur une loi organique relative \u00e0 l\u2019organisation des associations.<\/p>\n<p data-start=\"530\" data-end=\"836\">En ouverture de la s\u00e9ance, les initiateurs du texte ont pr\u00e9sent\u00e9 un expos\u00e9 succinct sur les principales modifications apport\u00e9es \u00e0 cette proposition, compos\u00e9e de 26 articles r\u00e9partis en quatre chapitres, tout en affirmant leur ouverture \u00e0 de nouveaux ajustements, selon un communiqu\u00e9 publi\u00e9 par l\u2019Assembl\u00e9e.<\/p>\n<p data-start=\"838\" data-end=\"1241\">Au cours des discussions, les membres de la Commission des droits et des libert\u00e9s ont soulev\u00e9 plusieurs questions de fond, notamment la n\u00e9cessit\u00e9 de clarifier les crit\u00e8res qui seront retenus par la pr\u00e9sidence du gouvernement pour accepter ou refuser les financements \u00e9trangers, de mani\u00e8re \u00e0 garantir la transparence et \u00e0 emp\u00eacher toute instrumentalisation administrative ou politique de cette proc\u00e9dure.<\/p>\n<p data-start=\"1243\" data-end=\"1564\">Ils ont \u00e9galement exprim\u00e9 des r\u00e9serves sur la question de la d\u00e9finition trop restrictive du champ d\u2019action des associations, estimant qu\u2019une telle approche pourrait entraver leur activit\u00e9, en particulier dans les villages et les petites villes, o\u00f9 les associations assument des r\u00f4les sociaux multiples et compl\u00e9mentaires.<\/p>\n<p data-start=\"1566\" data-end=\"1837\">Les participants ont aussi insist\u00e9, lors des d\u00e9bats, sur l\u2019importance d\u2019\u00e9viter toute forme de restriction, qu\u2019il s\u2019agisse d\u2019un contr\u00f4le pr\u00e9alable ou de lourdeurs proc\u00e9durales, afin de pr\u00e9server la vitalit\u00e9 du tissu associatif et son r\u00f4le dans l\u2019appui \u00e0 l\u2019action publique.<\/p>\n<p data-start=\"1839\" data-end=\"2268\">Le pr\u00e9sident de la commission, Thabet Abed, a soulign\u00e9 que la philosophie m\u00eame de l\u2019existence des associations repose sur la cons\u00e9cration de la libert\u00e9 d\u2019organisation et d\u2019initiative, ainsi que sur leur r\u00f4le de partenaire essentiel de l\u2019\u00c9tat dans le d\u00e9veloppement local et dans la promotion des droits et des libert\u00e9s. Cela appelle, selon lui, une approche l\u00e9gislative \u00e9quilibr\u00e9e garantissant \u00e0 la fois libert\u00e9 et responsabilit\u00e9.<\/p>\n<p data-start=\"2270\" data-end=\"2467\">En r\u00e9action, les initiateurs du texte ont apport\u00e9 plusieurs \u00e9claircissements d\u2019ordre g\u00e9n\u00e9ral, tout en r\u00e9affirmant leur disposition \u00e0 poursuivre les \u00e9changes et \u00e0 recevoir de nouvelles propositions.<\/p>\n<p data-start=\"2469\" data-end=\"2643\">La commission a d\u00e9cid\u00e9 de poursuivre l\u2019examen des propositions de loi qui lui sont soumises, avec la programmation d\u2019auditions suppl\u00e9mentaires au cours de la p\u00e9riode \u00e0 venir.<\/p>\n<p data-start=\"2645\" data-end=\"2801\">Il convient de rappeler que l\u2019organisation des associations en Tunisie est actuellement r\u00e9gie par les dispositions du d\u00e9cret-loi n\u00b0 88 du 24 septembre 2011.<\/p>\n<p data-start=\"2803\" data-end=\"3214\" data-is-last-node=\"\" data-is-only-node=\"\">Ont assist\u00e9 \u00e0 la s\u00e9ance, aux c\u00f4t\u00e9s du pr\u00e9sident de la commission Thabet Abed, son vice-pr\u00e9sident Aymen Ben \u0635\u0627\u0644\u062d, la rapporteure de la commission Hela Jaballah, ainsi que les membres de la commission Chokri Bahri, Mohamed Ali et Mohamed Cha\u00e2bani, en plus du d\u00e9put\u00e9 assistant du pr\u00e9sident charg\u00e9 des relations avec le citoyen et la soci\u00e9t\u00e9 civile, Walid Haji, et de plusieurs d\u00e9put\u00e9s non membres de la commission.<\/p>\n<\/div>\n<\/div>\n<\/div>\n<\/div>\n<\/div>\n<\/div>\n<\/section>\n<\/div>\n<div class=\"simplesocialbuttons simplesocial-round-btm-border simplesocialbuttons_inline simplesocialbuttons-align-left post-1104258 post simplesocialbuttons-inline-no-animation\"><button class=\"simplesocial-fb-share\" rel=\"nofollow\" target=\"_blank\" aria-label=\"Facebook Share\" data-href=\"https:\/\/www.facebook.com\/sharer\/sharer.php?u=https:\/\/www.tunisienumerique.com\/parlement-debat-autour-dune-version-amendee-de-la-loi-sur-les-associations\/\" onclick=\"javascript:window.open(this.dataset.href, '', 'menubar=no,toolbar=no,resizable=yes,scrollbars=yes,height=600,width=600');return false;\"><span class=\"simplesocialtxt\">Facebook<\/span><\/button> <button class=\"simplesocial-twt-share\" rel=\"nofollow\" target=\"_blank\" aria-label=\"Twitter Share\" data-href=\"https:\/\/twitter.com\/intent\/tweet?text=Parlement+%3A+d%C3%A9bat+autour+d%E2%80%99une+version+amend%C3%A9e+de+la+loi+sur+les+associations&amp;url=https:\/\/www.tunisienumerique.com\/parlement-debat-autour-dune-version-amendee-de-la-loi-sur-les-associations\/\" onclick=\"javascript:window.open(this.dataset.href, '', 'menubar=no,toolbar=no,resizable=yes,scrollbars=yes,height=600,width=600');return false;\"><span class=\"simplesocialtxt\">Twitter<\/span><\/button> <button rel=\"nofollow\" target=\"_blank\" class=\"simplesocial-linkedin-share\" aria-label=\"LinkedIn Share\" data-href=\"https:\/\/www.linkedin.com\/sharing\/share-offsite\/?url=https:\/\/www.tunisienumerique.com\/parlement-debat-autour-dune-version-amendee-de-la-loi-sur-les-associations\/\" onclick=\"javascript:window.open(this.dataset.href, '', 'menubar=no,toolbar=no,resizable=yes,scrollbars=yes,height=600,width=600');return false;\"><span class=\"simplesocialtxt\">LinkedIn<\/span><\/button> <button onclick=\"javascript:window.open(this.dataset.href, '_blank' );return false;\" class=\"simplesocial-whatsapp-share\" rel=\"nofollow\" target=\"_blank\" aria-label=\"WhatsApp Share\" data-href=\"https:\/\/api.whatsapp.com\/send?text=https:\/\/www.tunisienumerique.com\/parlement-debat-autour-dune-version-amendee-de-la-loi-sur-les-associations\/\"><span class=\"simplesocialtxt\">WhatsApp<\/span><\/button><\/p>\n<\/div>\n<p><strong>Que se passe-t-il en Tunisie?<\/strong><br \/>Nous expliquons sur notre <a href=\"https:\/\/www.youtube.com\/channel\/UCRzypVq0B_yBad5eGrwBx0Q?sub_confirmation=1\" target=\"_blank\">cha\u00eene YouTube<\/a> . <a href=\"https:\/\/www.youtube.com\/channel\/UCRzypVq0B_yBad5eGrwBx0Q?sub_confirmation=1\" target=\"_blank\">Abonnez-vous!<\/a><\/p>\n<div class=\"mvp-org-wrap\" itemprop=\"publisher\" itemscope=\"itemscope\" itemtype=\"https:\/\/schema.org\/Organization\">\n<div class=\"mvp-org-logo\" itemprop=\"logo\" itemscope=\"itemscope\" itemtype=\"https:\/\/schema.org\/ImageObject\">\n<p><img loading=\"lazy\" decoding=\"async\" width=\"290\" height=\"78\" src=\"https:\/\/www.tunisienumerique.com\/wp-content\/uploads\/2024\/03\/Logo-Tn1-1-3.png\"\/><\/p>\n<p><meta itemprop=\"url\" content=\"https:\/\/www.tunisienumerique.com\/wp-content\/uploads\/2024\/03\/Logo-Tn1-1-3.png\"\/><\/div>\n<p><meta itemprop=\"name\" content=\"Tunisie numerique\"\/><\/div>\n<div class=\"post-tags\"><span class=\"post-tags-header\">SUJETS CONNEXES:<\/span><\/div>\n<div id=\"article-ad\">\n  <ins class=\"adsbygoogle\" data-ad-client=\"ca-pub-2102118777505746\" data-ad-slot=\"6168283410\" data-ad-format=\"auto\" data-full-width-responsive=\"true\"\/>\n<\/div>\n<\/div>\n<\/div>\n<\/div>\n<p>Auteur: hamza ben khelifa<br \/>\n<a href=\"https:\/\/www.tunisienumerique.com\/parlement-debat-autour-dune-version-amendee-de-la-loi-sur-les-associations\/\">Cliquez ici pour lire l&rsquo;article depuis sa source.<\/a><\/p>\n","protected":false},"excerpt":{"rendered":"<p>Le blog en direct est termin\u00e9. Aucune mise \u00e0 jour du blog en direct pour le moment. Charger plus Facebook Twitter LinkedIn WhatsApp Lire plus tard La Commission des droits et des libert\u00e9s \u00e0 l\u2019Assembl\u00e9e des repr\u00e9sentants du peuple (commission permanente) a tenu, ce mercredi, une s\u00e9ance \u00e0 son si\u00e8ge au Parlement au Bardo, au [&hellip;]<\/p>\n","protected":false},"author":1789,"featured_media":184281,"comment_status":"closed","ping_status":"closed","sticky":false,"template":"","format":"standard","meta":{"fifu_image_url":"https:\/\/www.tunisienumerique.com\/wp-content\/uploads\/2025\/12\/majles-nouweb.jpg","fifu_image_alt":"Parlement : d\u00e9bat autour d\u2019une version amend\u00e9e de la loi sur les associations","footnotes":""},"categories":[73,55],"tags":[],"class_list":["post-184280","post","type-post","status-publish","format-standard","has-post-thumbnail","hentry","category-actualite","category-tunisie"],"_links":{"self":[{"href":"https:\/\/linitiative.ca\/International\/wp-json\/wp\/v2\/posts\/184280","targetHints":{"allow":["GET"]}}],"collection":[{"href":"https:\/\/linitiative.ca\/International\/wp-json\/wp\/v2\/posts"}],"about":[{"href":"https:\/\/linitiative.ca\/International\/wp-json\/wp\/v2\/types\/post"}],"author":[{"embeddable":true,"href":"https:\/\/linitiative.ca\/International\/wp-json\/wp\/v2\/users\/1789"}],"replies":[{"embeddable":true,"href":"https:\/\/linitiative.ca\/International\/wp-json\/wp\/v2\/comments?post=184280"}],"version-history":[{"count":0,"href":"https:\/\/linitiative.ca\/International\/wp-json\/wp\/v2\/posts\/184280\/revisions"}],"wp:featuredmedia":[{"embeddable":true,"href":"https:\/\/linitiative.ca\/International\/wp-json\/wp\/v2\/media\/184281"}],"wp:attachment":[{"href":"https:\/\/linitiative.ca\/International\/wp-json\/wp\/v2\/media?parent=184280"}],"wp:term":[{"taxonomy":"category","embeddable":true,"href":"https:\/\/linitiative.ca\/International\/wp-json\/wp\/v2\/categories?post=184280"},{"taxonomy":"post_tag","embeddable":true,"href":"https:\/\/linitiative.ca\/International\/wp-json\/wp\/v2\/tags?post=184280"}],"curies":[{"name":"wp","href":"https:\/\/api.w.org\/{rel}","templated":true}]}}