{"id":184296,"date":"2026-04-08T09:13:03","date_gmt":"2026-04-08T13:13:03","guid":{"rendered":"https:\/\/linitiative.ca\/International\/a%e2%80%b0ducation-aux-madias-et-au-numarique-un-projet-novateur-prasenta-au-premier-ministre\/"},"modified":"2026-04-08T09:13:03","modified_gmt":"2026-04-08T13:13:03","slug":"a%e2%80%b0ducation-aux-madias-et-au-numarique-un-projet-novateur-prasenta-au-premier-ministre","status":"publish","type":"post","link":"https:\/\/linitiative.ca\/International\/a%e2%80%b0ducation-aux-madias-et-au-numarique-un-projet-novateur-prasenta-au-premier-ministre\/","title":{"rendered":"\u00c3\u2030ducation aux m\u00c3\u00a9dias et au num\u00c3\u00a9rique : un projet novateur pr\u00c3\u00a9sent\u00c3\u00a9 au Premier ministre"},"content":{"rendered":"<div class=\"td-post-featured-image\"><a href=\"https:\/\/www.sidwaya.info\/wp-content\/uploads\/2026\/04\/669726121_1460252616133749_8326090581490112077_n-1.jpg\" data-caption=\"\"><img loading=\"lazy\" decoding=\"async\" width=\"696\" height=\"500\" class=\"entry-thumb td-modal-image\" src=\"https:\/\/www.sidwaya.info\/wp-content\/uploads\/2026\/04\/669726121_1460252616133749_8326090581490112077_n-1-696x500.jpg\" srcset=\"https:\/\/www.sidwaya.info\/wp-content\/uploads\/2026\/04\/669726121_1460252616133749_8326090581490112077_n-1-696x500.jpg 696w, https:\/\/www.sidwaya.info\/wp-content\/uploads\/2026\/04\/669726121_1460252616133749_8326090581490112077_n-1-300x215.jpg 300w, https:\/\/www.sidwaya.info\/wp-content\/uploads\/2026\/04\/669726121_1460252616133749_8326090581490112077_n-1-1024x735.jpg 1024w, https:\/\/www.sidwaya.info\/wp-content\/uploads\/2026\/04\/669726121_1460252616133749_8326090581490112077_n-1-768x551.jpg 768w, https:\/\/www.sidwaya.info\/wp-content\/uploads\/2026\/04\/669726121_1460252616133749_8326090581490112077_n-1-585x420.jpg 585w, https:\/\/www.sidwaya.info\/wp-content\/uploads\/2026\/04\/669726121_1460252616133749_8326090581490112077_n-1-150x108.jpg 150w, https:\/\/www.sidwaya.info\/wp-content\/uploads\/2026\/04\/669726121_1460252616133749_8326090581490112077_n-1-1068x767.jpg 1068w, https:\/\/www.sidwaya.info\/wp-content\/uploads\/2026\/04\/669726121_1460252616133749_8326090581490112077_n-1.jpg 1280w\" sizes=\"auto, (max-width: 696px) 100vw, 696px\" alt=\"\" title=\"669726121_1460252616133749_8326090581490112077_n (1)\"\/><\/a><\/div>\n<p>Le Premier ministre, Rimtalba Jean Emmanuel Ou\u00e9draogo, a accord\u00e9, ce mercredi 08 avril 2026, une audience \u00e0 une d\u00e9l\u00e9gation du Conseil sup\u00e9rieur de la communication (CSC) et de l\u2019Association des blogueurs du Burkina (ABB). Conduite par le pr\u00e9sident du CSC, Louis Modeste Ou\u00e9draogo, la d\u00e9l\u00e9gation a pr\u00e9sent\u00e9 le projet d\u2019int\u00e9gration de l\u2019\u00e9ducation aux m\u00e9dias, \u00e0 l\u2019information et aux r\u00e9seaux sociaux (EMIRS) dans les curricula de formation et les programmes scolaires au Burkina Faso.<\/p>\n<p>\u200e\u200ePort\u00e9e par l\u2019ABB et plac\u00e9e sous le leadership institutionnel du CSC, cette initiative strat\u00e9gique ambitionne de doter les jeunes g\u00e9n\u00e9rations des comp\u00e9tences n\u00e9cessaires pour un usage responsable et \u00e9clair\u00e9 des outils de communication modernes.<\/p>\n<p>\u200e\u200e\u00c0 l\u2019issue de l\u2019audience, le pr\u00e9sident du CSC, Louis Modeste Ou\u00e9draogo, a soulign\u00e9 que l\u2019objectif de ce projet est d\u2019agir \u00e0 la base, surtout chez les jeunes, en renfor\u00e7ant leur esprit critique, face aux enjeux li\u00e9s \u00e0 la d\u00e9sinformation et aux contenus num\u00e9riques.<\/p>\n<p>\u200e\u00a0\u00bbNous avons con\u00e7u ce projet, en tenant compte de la volont\u00e9 des autorit\u00e9s de promouvoir la transformation num\u00e9rique. Il s\u2019agit, pour nous, d\u2019apporter une contribution compl\u00e9mentaire aux initiatives d\u00e9j\u00e0 engag\u00e9es, en mettant l\u2019accent sur le changement des comportements \u00e0 la base\u00a0\u00bb,a-t-il ajout\u00e9.<\/p>\n<p>\u200e\u200eLe Premier ministre a salu\u00e9 la pertinence de ce projet qui s\u2019inscrit en droite ligne de la vision gouvernementale qui accorde une place importante au num\u00e9rique dans le syst\u00e8me scolaire.<\/p>\n<p>\u200eIl a \u00e9galement r\u00e9affirm\u00e9 l\u2019engagement du Gouvernement \u00e0 accompagner toutes les actions qui contribuent \u00e0 l\u2019\u00e9ducation citoyenne.<\/p>\n<p>\u200e\u200e \u00ab\u00a0L\u2019espace num\u00e9rique peut \u00eatre une arme de destruction massive. Dans le contexte burkinab\u00e8, il y a une guerre informationnelle qui se m\u00e8ne \u00e0 coup de fausses informations. C\u2019est un combat permanent. De la m\u00eame mani\u00e8re que le soldat d\u00e9fend le pays, il faut faire pareil sur l\u2019espace num\u00e9rique\u00a0\u00bb, a-t-il expliqu\u00e9.<\/p>\n<p>\u200eLe Chef du Gouvernement a \u00e9galement encourag\u00e9 le CSC et l\u2019ABB \u00e0 \u00e9largir et finaliser leur approche, en \u00e9troite collaboration avec les minist\u00e8res en charge de l\u2019\u00e9ducation et de la transition digitale, ainsi que l\u2019ensemble des parties prenantes, afin d\u2019assurer une mise en \u0153uvre harmonieuse et efficace.<\/p>\n<p>\u200e\u00a0\u00bbIl ne faut pas exclure les adultes. Il faut continuer la sensibilisation, en \u00e9vitant les approches magistrales, \u00e0 travers, par exemple, l\u2019\u00e9laboration de modules simples et accessibles en fran\u00e7ais et dans nos langues nationales\u00a0\u00bb, a-t-il conseill\u00e9.<\/p>\n<p>\u200eCette rencontre illustre la volont\u00e9 des autorit\u00e9s de promouvoir une soci\u00e9t\u00e9 mieux inform\u00e9e, consciente des responsabilit\u00e9s qu\u2019impliquent l\u2019usage des m\u00e9dias et des r\u00e9seaux sociaux, ainsi que des enjeux li\u00e9s \u00e0 la communication digitale.<\/p>\n<p>\u200eDCRP\/Primature<\/p>\n<p>Auteur: BH SIDWAYA<br \/>\n<a href=\"https:\/\/www.sidwaya.info\/160810-2\/\">Cliquez ici pour lire l&rsquo;article depuis sa source.<\/a><\/p>\n","protected":false},"excerpt":{"rendered":"<p>Le Premier ministre, Rimtalba Jean Emmanuel Ou\u00e9draogo, a accord\u00e9, ce mercredi 08 avril 2026, une audience \u00e0 une d\u00e9l\u00e9gation du Conseil sup\u00e9rieur de la communication (CSC) et de l\u2019Association des blogueurs du Burkina (ABB). Conduite par le pr\u00e9sident du CSC, Louis Modeste Ou\u00e9draogo, la d\u00e9l\u00e9gation a pr\u00e9sent\u00e9 le projet d\u2019int\u00e9gration de l\u2019\u00e9ducation aux m\u00e9dias, \u00e0 [&hellip;]<\/p>\n","protected":false},"author":1816,"featured_media":184297,"comment_status":"closed","ping_status":"closed","sticky":false,"template":"","format":"standard","meta":{"fifu_image_url":"https:\/\/www.sidwaya.info\/wp-content\/uploads\/2026\/04\/669726121_1460252616133749_8326090581490112077_n-1.jpg","fifu_image_alt":"\u00c3\u2030ducation aux m\u00c3\u00a9dias et au num\u00c3\u00a9rique : un projet novateur pr\u00c3\u00a9sent\u00c3\u00a9 au Premier ministre","footnotes":""},"categories":[73,81],"tags":[],"class_list":["post-184296","post","type-post","status-publish","format-standard","has-post-thumbnail","hentry","category-actualite","category-burkina-faso"],"_links":{"self":[{"href":"https:\/\/linitiative.ca\/International\/wp-json\/wp\/v2\/posts\/184296","targetHints":{"allow":["GET"]}}],"collection":[{"href":"https:\/\/linitiative.ca\/International\/wp-json\/wp\/v2\/posts"}],"about":[{"href":"https:\/\/linitiative.ca\/International\/wp-json\/wp\/v2\/types\/post"}],"author":[{"embeddable":true,"href":"https:\/\/linitiative.ca\/International\/wp-json\/wp\/v2\/users\/1816"}],"replies":[{"embeddable":true,"href":"https:\/\/linitiative.ca\/International\/wp-json\/wp\/v2\/comments?post=184296"}],"version-history":[{"count":0,"href":"https:\/\/linitiative.ca\/International\/wp-json\/wp\/v2\/posts\/184296\/revisions"}],"wp:featuredmedia":[{"embeddable":true,"href":"https:\/\/linitiative.ca\/International\/wp-json\/wp\/v2\/media\/184297"}],"wp:attachment":[{"href":"https:\/\/linitiative.ca\/International\/wp-json\/wp\/v2\/media?parent=184296"}],"wp:term":[{"taxonomy":"category","embeddable":true,"href":"https:\/\/linitiative.ca\/International\/wp-json\/wp\/v2\/categories?post=184296"},{"taxonomy":"post_tag","embeddable":true,"href":"https:\/\/linitiative.ca\/International\/wp-json\/wp\/v2\/tags?post=184296"}],"curies":[{"name":"wp","href":"https:\/\/api.w.org\/{rel}","templated":true}]}}