{"id":184335,"date":"2026-04-09T17:16:42","date_gmt":"2026-04-09T21:16:42","guid":{"rendered":"https:\/\/linitiative.ca\/International\/produire-ou-subir-lintelligence-lemi-sinterroge-sur-la-souverainete-technologique\/"},"modified":"2026-04-09T17:16:42","modified_gmt":"2026-04-09T21:16:42","slug":"produire-ou-subir-lintelligence-lemi-sinterroge-sur-la-souverainete-technologique","status":"publish","type":"post","link":"https:\/\/linitiative.ca\/International\/produire-ou-subir-lintelligence-lemi-sinterroge-sur-la-souverainete-technologique\/","title":{"rendered":"Produire ou subir l\u2019intelligence ? L\u2019EMI s\u2019interroge sur la souverainet\u00e9 technologique"},"content":{"rendered":"<p><strong>L\u2019\u00c9cole Mohammadia d\u2019Ing\u00e9nieurs (EMI) s\u2019appr\u00eate \u00e0 accueillir, le 16 avril 2026, une conf\u00e9rence nationale autour d\u2019un enjeu devenu central : la souverainet\u00e9 technologique et intellectuelle.<\/strong><\/p>\n<p>Organis\u00e9e par le comit\u00e9 du Forum EMI-Entreprises, cette rencontre intervient en pr\u00e9lude \u00e0 la 32e \u00e9dition du Forum, pr\u00e9vue les 20 et 21 mai 2026, qui devra servir de cadre de r\u00e9flexion et de dialogue autour des mutations profondes qui red\u00e9finissent aujourd\u2019hui les \u00e9quilibres \u00e9conomiques et g\u00e9opolitiques mondiaux.<\/p>\n<p>Intitul\u00e9e \u00ab 48H pour la souverainet\u00e9 : produire ou subir l\u2019intelligence ?\u00bb, cette conf\u00e9rence-d\u00e9bat met en lumi\u00e8re une interrogation fondamentale : dans un contexte de concentration des technologies entre les mains d\u2019acteurs globaux, les nations peuvent-elles encore ma\u00eetriser leur destin technologique ?<\/p>\n<p><strong>Lire aussi I\u00a0<a href=\"https:\/\/www.challenge.ma\/maroc-digital-lheure-de-lacceleration-318639\/#:~:text=GITEX%20AFRICA%202026-,Maroc%20digital%20%3A%20l%E2%80%99heure%20de%20l%E2%80%99acc%C3%A9l%C3%A9ration,-written%20by%20Adama\" target=\"_blank\" rel=\"noreferrer noopener\">Maroc digital : l\u2019heure de l\u2019acc\u00e9l\u00e9ration<\/a><\/strong><\/p>\n<p>Face \u00e0 l\u2019essor de l\u2019intelligence artificielle, des donn\u00e9es massives et des infrastructures num\u00e9riques, la capacit\u00e9 \u00e0 produire et valoriser l\u2019intelligence scientifique devient un levier essentiel de comp\u00e9titivit\u00e9, d\u2019ind\u00e9pendance et de rayonnement international.<\/p>\n<p>\u00c0 travers cette initiative, le Forum EMI-Entreprises ambitionne de r\u00e9unir un \u00e9cosyst\u00e8me riche et diversifi\u00e9 : d\u00e9cideurs publics, industriels, chercheurs, entrepreneurs et \u00e9tudiants. Ensemble, ils seront appel\u00e9s \u00e0 d\u00e9battre des d\u00e9fis li\u00e9s \u00e0 la souverainet\u00e9 num\u00e9rique et \u00e0 identifier les leviers permettant aux pays \u00e9mergents, notamment le Maroc, de s\u2019imposer dans la nouvelle \u00e9conomie de la connaissance.<\/p>\n<p><strong>Lire aussi I\u00a0<a href=\"https:\/\/www.challenge.ma\/souverainete-numerique-dialogue-strategique-entre-maroc-telecom-et-la-commission-europeenne-318870\/#:~:text=GITEX%20AFRICA%202026-,Souverainet%C3%A9%20num%C3%A9rique%3A%20dialogue%20strat%C3%A9gique%20entre%20Maroc%20Telecom%20et%20la%20Commission%20europ%C3%A9enne,-written%20by%20Challenge\" target=\"_blank\" rel=\"noreferrer noopener\">Souverainet\u00e9 num\u00e9rique: dialogue strat\u00e9gique entre Maroc Telecom et la Commission europ\u00e9enne<\/a><\/strong><\/p>\n<p>Plusieurs axes structureront les \u00e9changes :<\/p>\n<p>\u2022 Les enjeux g\u00e9opolitiques et \u00e9conomiques de l\u2019intelligence artificielle,<\/p>\n<p>\u2022 Le r\u00f4le des donn\u00e9es et des infrastructures num\u00e9riques comme nouveaux instruments de puissance,<\/p>\n<p>\u2022 La formation des talents et le d\u00e9veloppement du capital humain, ainsi que la coop\u00e9ration internationale dans la construction d\u2019\u00e9cosyst\u00e8mes technologiques souverains.<\/p>\n<p>Depuis plus de trois d\u00e9cennies, le Forum EMI-Entreprises s\u2019impose comme un rendez-vous incontournable, r\u00e9unissant chaque ann\u00e9e des milliers d\u2019\u00e9tudiants et de professionnels. La pr\u00e9c\u00e9dente \u00e9dition a notamment rassembl\u00e9 plus de 190 entreprises, attir\u00e9 plus de 20 000 visiteurs et b\u00e9n\u00e9fici\u00e9 d\u2019une large couverture m\u00e9diatique.<\/p>\n<p>Auteur: Challenge<br \/>\n<a href=\"https:\/\/www.challenge.ma\/produire-ou-subir-lintelligence-lemi-sinterroge-sur-la-souverainete-technologique-318892\/\">Cliquez ici pour lire l&rsquo;article depuis sa source.<\/a><\/p>\n","protected":false},"excerpt":{"rendered":"<p>L\u2019\u00c9cole Mohammadia d\u2019Ing\u00e9nieurs (EMI) s\u2019appr\u00eate \u00e0 accueillir, le 16 avril 2026, une conf\u00e9rence nationale autour d\u2019un enjeu devenu central : la souverainet\u00e9 technologique et intellectuelle. Organis\u00e9e par le comit\u00e9 du Forum EMI-Entreprises, cette rencontre intervient en pr\u00e9lude \u00e0 la 32e \u00e9dition du Forum, pr\u00e9vue les 20 et 21 mai 2026, qui devra servir de cadre [&hellip;]<\/p>\n","protected":false},"author":1787,"featured_media":184336,"comment_status":"closed","ping_status":"closed","sticky":false,"template":"","format":"standard","meta":{"fifu_image_url":"https:\/\/www.challenge.ma\/wp-content\/uploads\/2024\/05\/quelles-realites-se-cachent-derriere-la-digitalisation-du-secteur-industriel-2.jpg","fifu_image_alt":"Produire ou subir l\u2019intelligence ? L\u2019EMI s\u2019interroge sur la souverainet\u00e9 technologique","footnotes":""},"categories":[78,54],"tags":[],"class_list":["post-184335","post","type-post","status-publish","format-standard","has-post-thumbnail","hentry","category-economie","category-maroc"],"_links":{"self":[{"href":"https:\/\/linitiative.ca\/International\/wp-json\/wp\/v2\/posts\/184335","targetHints":{"allow":["GET"]}}],"collection":[{"href":"https:\/\/linitiative.ca\/International\/wp-json\/wp\/v2\/posts"}],"about":[{"href":"https:\/\/linitiative.ca\/International\/wp-json\/wp\/v2\/types\/post"}],"author":[{"embeddable":true,"href":"https:\/\/linitiative.ca\/International\/wp-json\/wp\/v2\/users\/1787"}],"replies":[{"embeddable":true,"href":"https:\/\/linitiative.ca\/International\/wp-json\/wp\/v2\/comments?post=184335"}],"version-history":[{"count":0,"href":"https:\/\/linitiative.ca\/International\/wp-json\/wp\/v2\/posts\/184335\/revisions"}],"wp:featuredmedia":[{"embeddable":true,"href":"https:\/\/linitiative.ca\/International\/wp-json\/wp\/v2\/media\/184336"}],"wp:attachment":[{"href":"https:\/\/linitiative.ca\/International\/wp-json\/wp\/v2\/media?parent=184335"}],"wp:term":[{"taxonomy":"category","embeddable":true,"href":"https:\/\/linitiative.ca\/International\/wp-json\/wp\/v2\/categories?post=184335"},{"taxonomy":"post_tag","embeddable":true,"href":"https:\/\/linitiative.ca\/International\/wp-json\/wp\/v2\/tags?post=184335"}],"curies":[{"name":"wp","href":"https:\/\/api.w.org\/{rel}","templated":true}]}}