{"id":184339,"date":"2026-04-09T17:16:47","date_gmt":"2026-04-09T21:16:47","guid":{"rendered":"https:\/\/linitiative.ca\/International\/les-pharmaciens-protestent-en-masse-contre-lavis-du-conseil-de-la-concurrence\/"},"modified":"2026-04-09T17:16:47","modified_gmt":"2026-04-09T21:16:47","slug":"les-pharmaciens-protestent-en-masse-contre-lavis-du-conseil-de-la-concurrence","status":"publish","type":"post","link":"https:\/\/linitiative.ca\/International\/les-pharmaciens-protestent-en-masse-contre-lavis-du-conseil-de-la-concurrence\/","title":{"rendered":"Les pharmaciens protestent en masse contre l\u2019avis du Conseil de la Concurrence"},"content":{"rendered":"<p><strong>Des milliers de pharmaciens ont converg\u00e9, jeudi 9 avril, vers la capitale Rabat pour protester devant le si\u00e8ge du Conseil de la Concurrence, qui a \u00e9mis derni\u00e8rement un avis contest\u00e9 privil\u00e9giant l\u2019ouverture du capital des officines aux non-professionnels du secteur.<\/strong><\/p>\n<p>A l\u2019appel de la Conf\u00e9d\u00e9ration des syndicats de pharmaciens du Maroc (CSPM), les protestataires ont cri\u00e9 haut et forme leur rejet de la r\u00e9forme d\u00e9fendue par le Conseil, consid\u00e9rant qu\u2019elle porte pr\u00e9judice \u00e0 l\u2019ind\u00e9pendance de leur profession et \u00e0 leur mission de sant\u00e9 publique.<\/p>\n<p>Le pr\u00e9sident du CSPM, le Dr. Mohamed Lahbabi, a d\u00e9clar\u00e9 que l\u2019avis en question \u00abrisque de fragiliser l\u2019\u00e9quilibre du secteur au profit d\u2019acteurs financiers\u00bb, en ce sens que l\u2019ouverture du capital pourrait favoriser une concentration \u00e9conomique au d\u00e9triment du maillage territorial actuel.<\/p>\n<p><strong>Lire aussi |\u00a0<a href=\"https:\/\/www.challenge.ma\/pharmacie-dofficine-la-fin-dun-modele-economique-317881\/#:~:text=DOSSIER-,Pharmacie%20d%E2%80%99officine%3A%20la%20fin%20d%E2%80%99un%20mod%C3%A8le%20%C3%A9conomique%20%3F,-written%20by%20Adama\" target=\"_blank\" rel=\"noreferrer noopener\">Pharmacie d\u2019officine: la fin d\u2019un mod\u00e8le \u00e9conomique ?<\/a><\/strong><\/p>\n<p>\u00abAu lieu de renforcer la concurrence, cette recommandation pourrait conduire \u00e0 une concentration du march\u00e9 entre les mains d\u2019op\u00e9rateurs disposant d\u2019importantes capacit\u00e9s d\u2019investissement\u00bb, a-t-il insist\u00e9, au nom des participants \u00e0 cette mobilisation.<\/p>\n<p>Selon l\u2019analyse d\u2019un professionnel, la r\u00e9forme envisag\u00e9e va fragiliser le mod\u00e8le \u00e9conomique des pharmacies d\u2019officine, dans la mesure o\u00f9 le nouveau march\u00e9 sera domin\u00e9 par des cha\u00eenes de pharmacies avec un pharmacien comme simple salari\u00e9, et \u00e0 c\u00f4t\u00e9 des pharmacies ind\u00e9pendantes qui, \u00e0 terme, risquent de dispara\u00eetre (100 pharmacies ind\u00e9pendantes disparaissent chaque ann\u00e9e en France).<\/p>\n<p>Dans son avis consacr\u00e9 au fonctionnement du march\u00e9 pharmaceutique, le Conseil de la Concurrence propose \u00abd\u2019assouplir progressivement le monopole de propri\u00e9t\u00e9\u00bb dont b\u00e9n\u00e9ficient aujourd\u2019hui les pharmaciens. Le Conseil estime \u00e9galement que l\u2019entr\u00e9e d\u2019investisseurs priv\u00e9s pourrait contribuer \u00e0 moderniser les infrastructures, am\u00e9liorer l\u2019organisation du secteur et favoriser l\u2019\u00e9mergence de nouveaux mod\u00e8les \u00e9conomiques.<\/p>\n<p><strong>Lire aussi I\u00a0<a href=\"https:\/\/www.challenge.ma\/dr-mohammed-chattou-louverture-du-capital-des-pharmacies-dofficine-aux-investisseurs-non-pharmaciens-ne-fera-quaggraver-la-situation-economique-et-financiere-des-pha-317894\/#:~:text=DOSSIER-,Dr.%20Mohammed%20Chattou%3A%20%C2%ABL%E2%80%99ouverture%20du%20capital%20des%20pharmacies%20d%E2%80%99officine%20aux%20investisseurs%20non%20pharmaciens%20ne%20fera%20qu%E2%80%99aggraver%20la%20situation%20%C3%A9conomique%20et%20financi%C3%A8re%20des%20pharmaciens%C2%BB,-written%20by%20Adama\" target=\"_blank\" rel=\"noreferrer noopener\">Dr. Mohammed Chattou: \u00abL\u2019ouverture du capital des pharmacies d\u2019officine aux investisseurs non pharmaciens ne fera qu\u2019aggraver la situation \u00e9conomique et financi\u00e8re des pharmaciens\u00bb<\/a><\/strong><\/p>\n<p>Le Maroc compte aujourd\u2019hui plus de 15.000 pharmaciens, avec un chiffre d\u2019affaires estim\u00e9 \u00e0 pr\u00e8s de 13 milliards de dirhams. sur un volume global d\u2019environ 25 milliards de dirhams pour l\u2019ensemble de la cha\u00eene du m\u00e9dicament, y compris l\u2019industrie pharmaceutique, les grossistes-r\u00e9partiteurs et la distribution.<\/p>\n<p>Auteur: Challenge<br \/>\n<a href=\"https:\/\/www.challenge.ma\/les-pharmaciens-protestent-en-masse-contre-lavis-du-conseil-de-la-concurrence-318920\/\">Cliquez ici pour lire l&rsquo;article depuis sa source.<\/a><\/p>\n","protected":false},"excerpt":{"rendered":"<p>Des milliers de pharmaciens ont converg\u00e9, jeudi 9 avril, vers la capitale Rabat pour protester devant le si\u00e8ge du Conseil de la Concurrence, qui a \u00e9mis derni\u00e8rement un avis contest\u00e9 privil\u00e9giant l\u2019ouverture du capital des officines aux non-professionnels du secteur. A l\u2019appel de la Conf\u00e9d\u00e9ration des syndicats de pharmaciens du Maroc (CSPM), les protestataires ont [&hellip;]<\/p>\n","protected":false},"author":1787,"featured_media":184340,"comment_status":"closed","ping_status":"closed","sticky":false,"template":"","format":"standard","meta":{"fifu_image_url":"https:\/\/www.challenge.ma\/wp-content\/uploads\/2026\/04\/WhatsApp-Image-2026-04-09-at-12.04.05-1.jpeg","fifu_image_alt":"Les pharmaciens protestent en masse contre l\u2019avis du Conseil de la Concurrence","footnotes":""},"categories":[78,54],"tags":[],"class_list":["post-184339","post","type-post","status-publish","format-standard","has-post-thumbnail","hentry","category-economie","category-maroc"],"_links":{"self":[{"href":"https:\/\/linitiative.ca\/International\/wp-json\/wp\/v2\/posts\/184339","targetHints":{"allow":["GET"]}}],"collection":[{"href":"https:\/\/linitiative.ca\/International\/wp-json\/wp\/v2\/posts"}],"about":[{"href":"https:\/\/linitiative.ca\/International\/wp-json\/wp\/v2\/types\/post"}],"author":[{"embeddable":true,"href":"https:\/\/linitiative.ca\/International\/wp-json\/wp\/v2\/users\/1787"}],"replies":[{"embeddable":true,"href":"https:\/\/linitiative.ca\/International\/wp-json\/wp\/v2\/comments?post=184339"}],"version-history":[{"count":0,"href":"https:\/\/linitiative.ca\/International\/wp-json\/wp\/v2\/posts\/184339\/revisions"}],"wp:featuredmedia":[{"embeddable":true,"href":"https:\/\/linitiative.ca\/International\/wp-json\/wp\/v2\/media\/184340"}],"wp:attachment":[{"href":"https:\/\/linitiative.ca\/International\/wp-json\/wp\/v2\/media?parent=184339"}],"wp:term":[{"taxonomy":"category","embeddable":true,"href":"https:\/\/linitiative.ca\/International\/wp-json\/wp\/v2\/categories?post=184339"},{"taxonomy":"post_tag","embeddable":true,"href":"https:\/\/linitiative.ca\/International\/wp-json\/wp\/v2\/tags?post=184339"}],"curies":[{"name":"wp","href":"https:\/\/api.w.org\/{rel}","templated":true}]}}