{"id":184378,"date":"2026-04-09T12:46:35","date_gmt":"2026-04-09T16:46:35","guid":{"rendered":"https:\/\/linitiative.ca\/International\/afrique-subsaharienne-croissance-revue-a-la-baisse-a-41-a-cause-du-conflit-au-moyen-orient-banque-mondiale\/"},"modified":"2026-04-09T12:46:35","modified_gmt":"2026-04-09T16:46:35","slug":"afrique-subsaharienne-croissance-revue-a-la-baisse-a-41-a-cause-du-conflit-au-moyen-orient-banque-mondiale","status":"publish","type":"post","link":"https:\/\/linitiative.ca\/International\/afrique-subsaharienne-croissance-revue-a-la-baisse-a-41-a-cause-du-conflit-au-moyen-orient-banque-mondiale\/","title":{"rendered":"Afrique subsaharienne : croissance revue \u00e0 la baisse \u00e0 4,1 % \u00e0 cause du conflit au Moyen-Orient (Banque mondiale)"},"content":{"rendered":"<div>Commerce, investissements, finance et main-d\u2019\u0153uvre sont identifi\u00e9s comme les quatre principaux canaux par lesquels la flamb\u00e9e du carburant, des engrais, le ralentissement des IDE du Golfe et la pression sur les transferts pourraient fragiliser une reprise d\u00e9j\u00e0 r\u00e9vis\u00e9e \u00e0 4,1 % en 2026.<\/div>\n<p>Auteur: EcoMatin<br \/>\n<a href=\"https:\/\/ecomatin.net\/afrique-subsaharienne-croissance-revue-a-la-baisse-a-41-a-cause-du-conflit-au-moyen-orient-banque-mondiale\">Cliquez ici pour lire l&rsquo;article depuis sa source.<\/a><\/p>\n","protected":false},"excerpt":{"rendered":"<p>Commerce, investissements, finance et main-d\u2019\u0153uvre sont identifi\u00e9s comme les quatre principaux canaux par lesquels la flamb\u00e9e du carburant, des engrais, le ralentissement des IDE du Golfe et la pression sur les transferts pourraient fragiliser une reprise d\u00e9j\u00e0 r\u00e9vis\u00e9e \u00e0 4,1 % en 2026. Auteur: EcoMatin Cliquez ici pour lire l&rsquo;article depuis sa source.<\/p>\n","protected":false},"author":1969,"featured_media":0,"comment_status":"closed","ping_status":"closed","sticky":false,"template":"","format":"standard","meta":{"fifu_image_url":"","fifu_image_alt":"","footnotes":""},"categories":[82,78],"tags":[],"class_list":["post-184378","post","type-post","status-publish","format-standard","hentry","category-cameroun","category-economie"],"_links":{"self":[{"href":"https:\/\/linitiative.ca\/International\/wp-json\/wp\/v2\/posts\/184378","targetHints":{"allow":["GET"]}}],"collection":[{"href":"https:\/\/linitiative.ca\/International\/wp-json\/wp\/v2\/posts"}],"about":[{"href":"https:\/\/linitiative.ca\/International\/wp-json\/wp\/v2\/types\/post"}],"author":[{"embeddable":true,"href":"https:\/\/linitiative.ca\/International\/wp-json\/wp\/v2\/users\/1969"}],"replies":[{"embeddable":true,"href":"https:\/\/linitiative.ca\/International\/wp-json\/wp\/v2\/comments?post=184378"}],"version-history":[{"count":0,"href":"https:\/\/linitiative.ca\/International\/wp-json\/wp\/v2\/posts\/184378\/revisions"}],"wp:attachment":[{"href":"https:\/\/linitiative.ca\/International\/wp-json\/wp\/v2\/media?parent=184378"}],"wp:term":[{"taxonomy":"category","embeddable":true,"href":"https:\/\/linitiative.ca\/International\/wp-json\/wp\/v2\/categories?post=184378"},{"taxonomy":"post_tag","embeddable":true,"href":"https:\/\/linitiative.ca\/International\/wp-json\/wp\/v2\/tags?post=184378"}],"curies":[{"name":"wp","href":"https:\/\/api.w.org\/{rel}","templated":true}]}}