{"id":184428,"date":"2026-04-10T12:48:21","date_gmt":"2026-04-10T16:48:21","guid":{"rendered":"https:\/\/linitiative.ca\/International\/%f0%9d%90%82%f0%9d%90%a8%f0%9d%90%a8%f0%9d%90%a9%f0%9d%90%9e%f0%9d%90%ab%f0%9d%90%9a%f0%9d%90%ad%f0%9d%90%a2%f0%9d%90%a8%f0%9d%90%a7-%f0%9d%90%9b%f0%9d%90%a2%f0%9d%90%a5%f0%9d%90%9a%f0%9d%90%ad\/"},"modified":"2026-04-10T12:48:21","modified_gmt":"2026-04-10T16:48:21","slug":"%f0%9d%90%82%f0%9d%90%a8%f0%9d%90%a8%f0%9d%90%a9%f0%9d%90%9e%f0%9d%90%ab%f0%9d%90%9a%f0%9d%90%ad%f0%9d%90%a2%f0%9d%90%a8%f0%9d%90%a7-%f0%9d%90%9b%f0%9d%90%a2%f0%9d%90%a5%f0%9d%90%9a%f0%9d%90%ad","status":"publish","type":"post","link":"https:\/\/linitiative.ca\/International\/%f0%9d%90%82%f0%9d%90%a8%f0%9d%90%a8%f0%9d%90%a9%f0%9d%90%9e%f0%9d%90%ab%f0%9d%90%9a%f0%9d%90%ad%f0%9d%90%a2%f0%9d%90%a8%f0%9d%90%a7-%f0%9d%90%9b%f0%9d%90%a2%f0%9d%90%a5%f0%9d%90%9a%f0%9d%90%ad\/","title":{"rendered":"\ud835\udc02\ud835\udc28\ud835\udc28\ud835\udc29\ud835\udc1e\u0301\ud835\udc2b\ud835\udc1a\ud835\udc2d\ud835\udc22\ud835\udc28\ud835\udc27 \ud835\udc1b\ud835\udc22\ud835\udc25\ud835\udc1a\ud835\udc2d\ud835\udc1e\u0301\ud835\udc2b\ud835\udc1a\ud835\udc25\ud835\udc1e : \ud835\udc25\ud835\udc1e \ud835\udc0f\ud835\udc2b\ud835\udc1e\ud835\udc26\ud835\udc22\ud835\udc1e\ud835\udc2b \ud835\udc26\ud835\udc22\ud835\udc27\ud835\udc22\ud835\udc2c\ud835\udc2d\ud835\udc2b\ud835\udc1e \ud835\udc2b\ud835\udc1e\ud835\udc1c\u0327\ud835\udc28\ud835\udc22\ud835\udc2d \ud835\udc25\ud835\udc1e \ud835\udc03\ud835\udc22\ud835\udc2b\ud835\udc1e\ud835\udc1c\ud835\udc2d\ud835\udc1e\ud835\udc2e\ud835\udc2b \ud835\udc20\ud835\udc1e\u0301\ud835\udc27\ud835\udc1e\u0301\ud835\udc2b\ud835\udc1a\ud835\udc25 \ud835\udc1d\ud835\udc2e \ud835\udc01\ud835\udc08\ud835\udc13"},"content":{"rendered":"<div class=\"td-post-featured-image\"><a href=\"https:\/\/www.sidwaya.info\/wp-content\/uploads\/2026\/04\/A.jpg\" data-caption=\"\"><img loading=\"lazy\" decoding=\"async\" width=\"696\" height=\"753\" class=\"entry-thumb td-modal-image\" src=\"https:\/\/www.sidwaya.info\/wp-content\/uploads\/2026\/04\/A-696x753.jpg\" srcset=\"https:\/\/www.sidwaya.info\/wp-content\/uploads\/2026\/04\/A-696x753.jpg 696w, https:\/\/www.sidwaya.info\/wp-content\/uploads\/2026\/04\/A-277x300.jpg 277w, https:\/\/www.sidwaya.info\/wp-content\/uploads\/2026\/04\/A-946x1024.jpg 946w, https:\/\/www.sidwaya.info\/wp-content\/uploads\/2026\/04\/A-768x831.jpg 768w, https:\/\/www.sidwaya.info\/wp-content\/uploads\/2026\/04\/A-388x420.jpg 388w, https:\/\/www.sidwaya.info\/wp-content\/uploads\/2026\/04\/A-150x162.jpg 150w, https:\/\/www.sidwaya.info\/wp-content\/uploads\/2026\/04\/A-300x325.jpg 300w, https:\/\/www.sidwaya.info\/wp-content\/uploads\/2026\/04\/A-1068x1156.jpg 1068w, https:\/\/www.sidwaya.info\/wp-content\/uploads\/2026\/04\/A.jpg 1183w\" sizes=\"auto, (max-width: 696px) 100vw, 696px\" alt=\"\" title=\"A\"\/><\/a><\/div>\n<p><strong>Le Premier ministre, Rimtalba Jean Emmanuel Ou\u00e9draogo, a re\u00e7u en audience, ce vendredi 10 avril 2026, le Directeur g\u00e9n\u00e9ral du Bureau international du travail (BIT), Gilbert Fossoun Houngbo. La rencontre a port\u00e9 sur le renforcement de la coop\u00e9ration entre le Burkina Faso et le BIT.<\/strong><\/p>\n<p><strong>\u00a0<\/strong>\u200eCette rencontre s\u2019inscrit dans le cadre d\u2019une tourn\u00e9e r\u00e9gionale du responsable du BIT dans les pays de l\u2019Alliance des \u00c9tats du Sahel (AES), visant \u00e0 \u00e9valuer les actions de l\u2019Organisation international du travail (OIT) sur le terrain et \u00e0 renforcer le dialogue avec les autorit\u00e9s nationales.Le Chef du Gouvernement a salu\u00e9 cette d\u00e9marche, qui consiste \u00e0 aller vers les pays pour avoir la r\u00e9alit\u00e9 du terrain.\u200eLes discussions ont \u00e9galement port\u00e9 sur plusieurs points, notamment l\u2019employabilit\u00e9 des jeunes et la protection sociale.\u200eLe Premier ministre a soulign\u00e9 la volont\u00e9 du Gouvernement de placer l\u2019emploi des jeunes et la protection sociale au c\u0153ur de sa strat\u00e9gie de d\u00e9veloppement.\u200e\u00ab Le Burkina Faso est engag\u00e9 dans une dynamique de r\u00e9formes visant \u00e0 offrir des opportunit\u00e9s d\u2019emplois aux jeunes.\u200eCes questions sont au c\u0153ur des d\u00e9fis dans le cadre de la refondation de notre pays. Dans le domaine \u00e9ducatif, par exemple, notre ambition est de former nos jeunes aux mati\u00e8res techniques et aux m\u00e9tiers. Nous avons \u00e9galement mis en place un programme de reconversion des dipl\u00f4m\u00e9s de l\u2019universit\u00e9 pour r\u00e9sorber le ch\u00f4mage. Ce sont autant d\u2019actions pour lutter contre l\u2019immigration des jeunes. Le lancement de plusieurs initiatives, notamment dans le domaine agricole s\u2019inscrit dans cette vision de r\u00e9sorption du ch\u00f4mage \u00bb, a-t-il affirm\u00e9.<\/p>\n<p><a href=\"https:\/\/www.sidwaya.info\/%f0%9d%90%82%f0%9d%90%a8%f0%9d%90%a8%f0%9d%90%a9%f0%9d%90%9e%f0%9d%90%ab%f0%9d%90%9a%f0%9d%90%ad%f0%9d%90%a2%f0%9d%90%a8%f0%9d%90%a7-%f0%9d%90%9b%f0%9d%90%a2%f0%9d%90%a5%f0%9d%90%9a%f0%9d%90%ad-2\/b-10\/\" rel=\"attachment wp-att-160972\"><img fetchpriority=\"high\" decoding=\"async\" data-attachment-id=\"160972\" data-permalink=\"https:\/\/www.sidwaya.info\/%f0%9d%90%82%f0%9d%90%a8%f0%9d%90%a8%f0%9d%90%a9%f0%9d%90%9e%f0%9d%90%ab%f0%9d%90%9a%f0%9d%90%ad%f0%9d%90%a2%f0%9d%90%a8%f0%9d%90%a7-%f0%9d%90%9b%f0%9d%90%a2%f0%9d%90%a5%f0%9d%90%9a%f0%9d%90%ad-2\/b-10\/\" data-orig-file=\"https:\/\/www.sidwaya.info\/wp-content\/uploads\/2026\/04\/B.jpg\" data-orig-size=\"1199,784\" data-comments-opened=\"1\" data-image-meta=\"{&quot;aperture&quot;:&quot;0&quot;,&quot;credit&quot;:&quot;&quot;,&quot;camera&quot;:&quot;&quot;,&quot;caption&quot;:&quot;&quot;,&quot;created_timestamp&quot;:&quot;0&quot;,&quot;copyright&quot;:&quot;&quot;,&quot;focal_length&quot;:&quot;0&quot;,&quot;iso&quot;:&quot;0&quot;,&quot;shutter_speed&quot;:&quot;0&quot;,&quot;title&quot;:&quot;&quot;,&quot;orientation&quot;:&quot;0&quot;}\" data-image-title=\"B\" data-image-description=\"\" data-image-caption=\"\" data-medium-file=\"https:\/\/www.sidwaya.info\/wp-content\/uploads\/2026\/04\/B-300x196.jpg\" data-large-file=\"https:\/\/www.sidwaya.info\/wp-content\/uploads\/2026\/04\/B-1024x670.jpg\" class=\"alignright size-full wp-image-160972\" src=\"https:\/\/www.sidwaya.info\/wp-content\/uploads\/2026\/04\/B.jpg\" alt=\"\" width=\"1199\" height=\"784\" srcset=\"https:\/\/www.sidwaya.info\/wp-content\/uploads\/2026\/04\/B.jpg 1199w, https:\/\/www.sidwaya.info\/wp-content\/uploads\/2026\/04\/B-300x196.jpg 300w, https:\/\/www.sidwaya.info\/wp-content\/uploads\/2026\/04\/B-1024x670.jpg 1024w, https:\/\/www.sidwaya.info\/wp-content\/uploads\/2026\/04\/B-768x502.jpg 768w, https:\/\/www.sidwaya.info\/wp-content\/uploads\/2026\/04\/B-642x420.jpg 642w, https:\/\/www.sidwaya.info\/wp-content\/uploads\/2026\/04\/B-150x98.jpg 150w, https:\/\/www.sidwaya.info\/wp-content\/uploads\/2026\/04\/B-696x455.jpg 696w, https:\/\/www.sidwaya.info\/wp-content\/uploads\/2026\/04\/B-1068x698.jpg 1068w, https:\/\/www.sidwaya.info\/wp-content\/uploads\/2026\/04\/B-741x486.jpg 741w\" sizes=\"(max-width: 1199px) 100vw, 1199px\"\/><\/a><\/p>\n<p>\u200eAbordant le travail des enfants, le Premier ministre a d\u00e9clar\u00e9 qu\u2019il ne faut pas le conceptualiser de la m\u00eame mani\u00e8re que l\u2019Occident.\u00ab Chez nous, c\u2019est une forme de socialisation de l\u2019enfant. Il convient plut\u00f4t de lutter contre les pires formes de travail des enfants \u00bb, a-t-il soutenu.\u200eLe Chef du Gouvernement a insist\u00e9 sur l\u2019importance de poursuivre et d\u2019approfondir le dialogue en cours, en vue de s\u2019accorder pour harmoniser les points de vue.\u00a0\u200eDe son c\u00f4t\u00e9, le Directeur g\u00e9n\u00e9ral du BIT a salu\u00e9 les efforts du Burkina Faso dans la restauration de la s\u00e9curit\u00e9 et le d\u00e9veloppement durable, tout en saluant les initiatives engag\u00e9es par les autorit\u00e9s burkinab\u00e8.\u200e\u00c9voquant la question de l\u2019employabilit\u00e9 des jeunes et la protection sociale, Gilbert Fossoun Houngbo s\u2019est montr\u00e9 optimiste quant aux progr\u00e8s enregistr\u00e9s.\u200eToutefois, il a lanc\u00e9 un appel \u00e0 la population \u00e0 \u00ab donner du temps au temps \u00bb pour permettre la pleine mat\u00e9rialisation des r\u00e9formes engag\u00e9es, notamment dans les domaines de l\u2019\u00e9ducation et de la formation professionnelle.\u200eEn ce qui concerne les perspectives de coop\u00e9ration, le premier responsable du BIT a fait savoir que des orientations claires ont \u00e9t\u00e9 donn\u00e9es par le Premier ministre.<\/p>\n<p><a href=\"https:\/\/www.sidwaya.info\/%f0%9d%90%82%f0%9d%90%a8%f0%9d%90%a8%f0%9d%90%a9%f0%9d%90%9e%f0%9d%90%ab%f0%9d%90%9a%f0%9d%90%ad%f0%9d%90%a2%f0%9d%90%a8%f0%9d%90%a7-%f0%9d%90%9b%f0%9d%90%a2%f0%9d%90%a5%f0%9d%90%9a%f0%9d%90%ad-2\/c-11\/\" rel=\"attachment wp-att-160973\"><img loading=\"lazy\" decoding=\"async\" data-attachment-id=\"160973\" data-permalink=\"https:\/\/www.sidwaya.info\/%f0%9d%90%82%f0%9d%90%a8%f0%9d%90%a8%f0%9d%90%a9%f0%9d%90%9e%f0%9d%90%ab%f0%9d%90%9a%f0%9d%90%ad%f0%9d%90%a2%f0%9d%90%a8%f0%9d%90%a7-%f0%9d%90%9b%f0%9d%90%a2%f0%9d%90%a5%f0%9d%90%9a%f0%9d%90%ad-2\/c-11\/\" data-orig-file=\"https:\/\/www.sidwaya.info\/wp-content\/uploads\/2026\/04\/C.jpg\" data-orig-size=\"1216,825\" data-comments-opened=\"1\" data-image-meta=\"{&quot;aperture&quot;:&quot;0&quot;,&quot;credit&quot;:&quot;&quot;,&quot;camera&quot;:&quot;&quot;,&quot;caption&quot;:&quot;&quot;,&quot;created_timestamp&quot;:&quot;0&quot;,&quot;copyright&quot;:&quot;&quot;,&quot;focal_length&quot;:&quot;0&quot;,&quot;iso&quot;:&quot;0&quot;,&quot;shutter_speed&quot;:&quot;0&quot;,&quot;title&quot;:&quot;&quot;,&quot;orientation&quot;:&quot;0&quot;}\" data-image-title=\"C\" data-image-description=\"\" data-image-caption=\"\" data-medium-file=\"https:\/\/www.sidwaya.info\/wp-content\/uploads\/2026\/04\/C-300x204.jpg\" data-large-file=\"https:\/\/www.sidwaya.info\/wp-content\/uploads\/2026\/04\/C-1024x695.jpg\" class=\"alignright size-full wp-image-160973\" src=\"https:\/\/www.sidwaya.info\/wp-content\/uploads\/2026\/04\/C.jpg\" alt=\"\" width=\"1216\" height=\"825\" srcset=\"https:\/\/www.sidwaya.info\/wp-content\/uploads\/2026\/04\/C.jpg 1216w, https:\/\/www.sidwaya.info\/wp-content\/uploads\/2026\/04\/C-300x204.jpg 300w, https:\/\/www.sidwaya.info\/wp-content\/uploads\/2026\/04\/C-1024x695.jpg 1024w, https:\/\/www.sidwaya.info\/wp-content\/uploads\/2026\/04\/C-768x521.jpg 768w, https:\/\/www.sidwaya.info\/wp-content\/uploads\/2026\/04\/C-619x420.jpg 619w, https:\/\/www.sidwaya.info\/wp-content\/uploads\/2026\/04\/C-150x102.jpg 150w, https:\/\/www.sidwaya.info\/wp-content\/uploads\/2026\/04\/C-696x472.jpg 696w, https:\/\/www.sidwaya.info\/wp-content\/uploads\/2026\/04\/C-1068x725.jpg 1068w\" sizes=\"auto, (max-width: 1216px) 100vw, 1216px\"\/><\/a><\/p>\n<p>\u200eCelles-ci portent notamment sur l\u2019alignement des actions du BIT avec les priorit\u00e9s nationales, le renforcement de la collaboration avec le minist\u00e8re des Serviteurs du peuple et l\u2019\u00e9laboration d\u2019une feuille de route concert\u00e9e avec des indicateurs pr\u00e9cis.\u200eGilbert Fossoun Houngbo a r\u00e9affirm\u00e9 l\u2019engagement du BIT \u00e0 accompagner le Burkina Faso dans ses efforts de relance et de cr\u00e9ation d\u2019emplois.\u200eCette rencontre illustre la volont\u00e9 commune de b\u00e2tir un partenariat solide pour relever les d\u00e9fis de l\u2019emploi et du d\u00e9veloppement social au Burkina Faso.<\/p>\n<p>\u200e\u200e\ud835\udc03\ud835\udc02\ud835\udc11\ud835\udc0f\/\ud835\udc0f\ud835\udc2b\ud835\udc22\ud835\udc26\ud835\udc1a\ud835\udc2d\ud835\udc2e\ud835\udc2b\ud835\udc1e<\/p>\n<p>Auteur: BH SIDWAYA<br \/>\n<a href=\"https:\/\/www.sidwaya.info\/%F0%9D%90%82%F0%9D%90%A8%F0%9D%90%A8%F0%9D%90%A9%F0%9D%90%9E%F0%9D%90%AB%F0%9D%90%9A%F0%9D%90%AD%F0%9D%90%A2%F0%9D%90%A8%F0%9D%90%A7-%F0%9D%90%9B%F0%9D%90%A2%F0%9D%90%A5%F0%9D%90%9A%F0%9D%90%AD-2\/\">Cliquez ici pour lire l&rsquo;article depuis sa source.<\/a><\/p>\n","protected":false},"excerpt":{"rendered":"<p>Le Premier ministre, Rimtalba Jean Emmanuel Ou\u00e9draogo, a re\u00e7u en audience, ce vendredi 10 avril 2026, le Directeur g\u00e9n\u00e9ral du Bureau international du travail (BIT), Gilbert Fossoun Houngbo. La rencontre a port\u00e9 sur le renforcement de la coop\u00e9ration entre le Burkina Faso et le BIT. \u00a0\u200eCette rencontre s\u2019inscrit dans le cadre d\u2019une tourn\u00e9e r\u00e9gionale du [&hellip;]<\/p>\n","protected":false},"author":1816,"featured_media":184429,"comment_status":"closed","ping_status":"closed","sticky":false,"template":"","format":"standard","meta":{"fifu_image_url":"https:\/\/www.sidwaya.info\/wp-content\/uploads\/2026\/04\/A.jpg","fifu_image_alt":"\ud835\udc02\ud835\udc28\ud835\udc28\ud835\udc29\ud835\udc1e\u0301\ud835\udc2b\ud835\udc1a\ud835\udc2d\ud835\udc22\ud835\udc28\ud835\udc27 \ud835\udc1b\ud835\udc22\ud835\udc25\ud835\udc1a\ud835\udc2d\ud835\udc1e\u0301\ud835\udc2b\ud835\udc1a\ud835\udc25\ud835\udc1e : \ud835\udc25\ud835\udc1e \ud835\udc0f\ud835\udc2b\ud835\udc1e\ud835\udc26\ud835\udc22\ud835\udc1e\ud835\udc2b \ud835\udc26\ud835\udc22\ud835\udc27\ud835\udc22\ud835\udc2c\ud835\udc2d\ud835\udc2b\ud835\udc1e \ud835\udc2b\ud835\udc1e\ud835\udc1c\u0327\ud835\udc28\ud835\udc22\ud835\udc2d \ud835\udc25\ud835\udc1e \ud835\udc03\ud835\udc22\ud835\udc2b\ud835\udc1e\ud835\udc1c\ud835\udc2d\ud835\udc1e\ud835\udc2e\ud835\udc2b \ud835\udc20\ud835\udc1e\u0301\ud835\udc27\ud835\udc1e\u0301\ud835\udc2b\ud835\udc1a\ud835\udc25 \ud835\udc1d\ud835\udc2e \ud835\udc01\ud835\udc08\ud835\udc13","footnotes":""},"categories":[73,81],"tags":[],"class_list":["post-184428","post","type-post","status-publish","format-standard","has-post-thumbnail","hentry","category-actualite","category-burkina-faso"],"_links":{"self":[{"href":"https:\/\/linitiative.ca\/International\/wp-json\/wp\/v2\/posts\/184428","targetHints":{"allow":["GET"]}}],"collection":[{"href":"https:\/\/linitiative.ca\/International\/wp-json\/wp\/v2\/posts"}],"about":[{"href":"https:\/\/linitiative.ca\/International\/wp-json\/wp\/v2\/types\/post"}],"author":[{"embeddable":true,"href":"https:\/\/linitiative.ca\/International\/wp-json\/wp\/v2\/users\/1816"}],"replies":[{"embeddable":true,"href":"https:\/\/linitiative.ca\/International\/wp-json\/wp\/v2\/comments?post=184428"}],"version-history":[{"count":0,"href":"https:\/\/linitiative.ca\/International\/wp-json\/wp\/v2\/posts\/184428\/revisions"}],"wp:featuredmedia":[{"embeddable":true,"href":"https:\/\/linitiative.ca\/International\/wp-json\/wp\/v2\/media\/184429"}],"wp:attachment":[{"href":"https:\/\/linitiative.ca\/International\/wp-json\/wp\/v2\/media?parent=184428"}],"wp:term":[{"taxonomy":"category","embeddable":true,"href":"https:\/\/linitiative.ca\/International\/wp-json\/wp\/v2\/categories?post=184428"},{"taxonomy":"post_tag","embeddable":true,"href":"https:\/\/linitiative.ca\/International\/wp-json\/wp\/v2\/tags?post=184428"}],"curies":[{"name":"wp","href":"https:\/\/api.w.org\/{rel}","templated":true}]}}