{"id":184432,"date":"2026-04-10T02:17:44","date_gmt":"2026-04-10T06:17:44","guid":{"rendered":"https:\/\/linitiative.ca\/International\/cameroun-le-gouvernement-reporte-la-rentree-scolaire-du-3eme-trimestre\/"},"modified":"2026-04-10T02:17:44","modified_gmt":"2026-04-10T06:17:44","slug":"cameroun-le-gouvernement-reporte-la-rentree-scolaire-du-3eme-trimestre","status":"publish","type":"post","link":"https:\/\/linitiative.ca\/International\/cameroun-le-gouvernement-reporte-la-rentree-scolaire-du-3eme-trimestre\/","title":{"rendered":"Cameroun : le gouvernement reporte la rentr\u00e9e scolaire du 3\u00e8me trimestre"},"content":{"rendered":"<h2>La visite du Pape L\u00e9on XIV au Cameroun et le report des jeux FENASCO sont \u00e0 l\u2019origine du report de la reprise des activit\u00e9s scolaires initialement pr\u00e9vue le 20 avril 2026.<\/h2>\n<p>Les \u00e9l\u00e8ves du secondaire reprendront le chemin de l\u2019\u00e9cole pour le compte du dernier trimestre de l\u2019ann\u00e9e scolaire 2025\/2026 le 27 avril 2026. Dans un communiqu\u00e9 en date du 09 avril, le ministre des Enseignements secondaires, Pauline Nalova Lyonga, indique la raison du glissement d\u2019une semaine. Sur accord du Premier ministre Joseph Dion Ngute, les finales des <strong>jeux FENASCO \u2018\u2019A\u2019\u2019<\/strong> initialement pr\u00e9vues du 08 au 15 avril 2026, se d\u00e9rouleront du 19 au 26 avril 2026 \u00e0 Bafoussam et \u00e0 Bangangte, explique le ministre.<\/p>\n<p>Le report des jeux FENASCO \u2018\u2019A\u2019\u2019 quant \u00e0 lui s\u2019explique par la visite du Pape L\u00e9on XIV au Cameroun. Le chef de l\u2019\u00c9glise catholique au monde effectuera une visite apostolique au Cameroun du 15 au 18 avril 2026. Cette visite conduira le souverain pontife dans les villes de Yaound\u00e9, Douala et Bamenda. Pour lui r\u00e9server un accueil exceptionnel, les populations s\u2019appr\u00eatent \u00e0 investir en masse les trottoirs et les points d\u2019arr\u00eats sur ses itin\u00e9raires, ainsi qu\u2019au niveau des lieux retenus pour la c\u00e9l\u00e9bration des trois messes dans chacune des villes concern\u00e9es.<\/p>\n<div readability=\"7\">\n<p>LA SUITE APR\u00c8S LA PUBLICIT\u00c9<\/p>\n<p><ins class=\"adsbygoogle\" data-ad-client=\"ca-pub-9760088965124508\" data-ad-slot=\"2140806877\"\/><br \/>\n<\/div>\n<p>Le d\u00e9calage de la rentr\u00e9e du troisi\u00e8me trimestre n\u2019est pas sans cons\u00e9quence sur les programmes scolaires en ce qu\u2019il cause un retard d\u2019une semaine. Cependant, face \u00e0 cette r\u00e9alit\u00e9, le ministre des Enseignements secondaires demande aux d\u00e9l\u00e9gu\u00e9s r\u00e9gionaux des enseignements secondaires de prendre des dispositions n\u00e9cessaires en vue de l\u2019organisation des cours de rattrapage dans tous les \u00e9tablissements scolaires. Le but \u00e9tant d\u2019assurer le respect du calendrier scolaire.<\/p>\n<p>Auteur: Arnaud Nicolas MAWEL<br \/>\n<a href=\"https:\/\/fr.journalducameroun.com\/cameroun-le-gouvernement-reporte-la-rentree-du-3eme-trimestre\/\">Cliquez ici pour lire l&rsquo;article depuis sa source.<\/a><\/p>\n","protected":false},"excerpt":{"rendered":"<p>La visite du Pape L\u00e9on XIV au Cameroun et le report des jeux FENASCO sont \u00e0 l\u2019origine du report de la reprise des activit\u00e9s scolaires initialement pr\u00e9vue le 20 avril 2026. Les \u00e9l\u00e8ves du secondaire reprendront le chemin de l\u2019\u00e9cole pour le compte du dernier trimestre de l\u2019ann\u00e9e scolaire 2025\/2026 le 27 avril 2026. Dans [&hellip;]<\/p>\n","protected":false},"author":1965,"featured_media":184433,"comment_status":"closed","ping_status":"closed","sticky":false,"template":"","format":"standard","meta":{"fifu_image_url":"https:\/\/fr.journalducameroun.com\/wp-content\/uploads\/2026\/02\/Pr-Pauline-Nalova-Lyonga.jpeg","fifu_image_alt":"Cameroun : le gouvernement reporte la rentr\u00e9e scolaire du 3\u00e8me trimestre","footnotes":""},"categories":[73,82],"tags":[],"class_list":["post-184432","post","type-post","status-publish","format-standard","has-post-thumbnail","hentry","category-actualite","category-cameroun"],"_links":{"self":[{"href":"https:\/\/linitiative.ca\/International\/wp-json\/wp\/v2\/posts\/184432","targetHints":{"allow":["GET"]}}],"collection":[{"href":"https:\/\/linitiative.ca\/International\/wp-json\/wp\/v2\/posts"}],"about":[{"href":"https:\/\/linitiative.ca\/International\/wp-json\/wp\/v2\/types\/post"}],"author":[{"embeddable":true,"href":"https:\/\/linitiative.ca\/International\/wp-json\/wp\/v2\/users\/1965"}],"replies":[{"embeddable":true,"href":"https:\/\/linitiative.ca\/International\/wp-json\/wp\/v2\/comments?post=184432"}],"version-history":[{"count":0,"href":"https:\/\/linitiative.ca\/International\/wp-json\/wp\/v2\/posts\/184432\/revisions"}],"wp:featuredmedia":[{"embeddable":true,"href":"https:\/\/linitiative.ca\/International\/wp-json\/wp\/v2\/media\/184433"}],"wp:attachment":[{"href":"https:\/\/linitiative.ca\/International\/wp-json\/wp\/v2\/media?parent=184432"}],"wp:term":[{"taxonomy":"category","embeddable":true,"href":"https:\/\/linitiative.ca\/International\/wp-json\/wp\/v2\/categories?post=184432"},{"taxonomy":"post_tag","embeddable":true,"href":"https:\/\/linitiative.ca\/International\/wp-json\/wp\/v2\/tags?post=184432"}],"curies":[{"name":"wp","href":"https:\/\/api.w.org\/{rel}","templated":true}]}}