{"id":184482,"date":"2026-04-11T12:05:03","date_gmt":"2026-04-11T16:05:03","guid":{"rendered":"https:\/\/linitiative.ca\/International\/cameroun-marcel-niat-njifenji-premier-president-du-senat-seteint-a-92-ans\/"},"modified":"2026-04-11T12:05:03","modified_gmt":"2026-04-11T16:05:03","slug":"cameroun-marcel-niat-njifenji-premier-president-du-senat-seteint-a-92-ans","status":"publish","type":"post","link":"https:\/\/linitiative.ca\/International\/cameroun-marcel-niat-njifenji-premier-president-du-senat-seteint-a-92-ans\/","title":{"rendered":"Cameroun : Marcel Niat Njifenji, premier pr\u00e9sident du S\u00e9nat, s\u2019\u00e9teint \u00e0 92 ans"},"content":{"rendered":"<div>Ancien ministre, figure centrale de l\u2019appareil d\u2019\u00c9tat et premier pr\u00e9sident du S\u00e9nat camerounais, Marcel Niat Njifenji est d\u00e9c\u00e9d\u00e9 ce samedi 11 avril 2026 \u00e0 Yaound\u00e9. Sa disparition intervient dans un contexte politique sensible, quelques jours seulement apr\u00e8s son retrait de la t\u00eate de la Chambre haute.<\/div>\n<p>Auteur: Arthur WANDJI<br \/>\n<a href=\"https:\/\/ecomatin.net\/cameroun-marcel-niat-njifenji-premier-president-du-senat-seteint-a-92-ans\">Cliquez ici pour lire l&rsquo;article depuis sa source.<\/a><\/p>\n","protected":false},"excerpt":{"rendered":"<p>Ancien ministre, figure centrale de l\u2019appareil d\u2019\u00c9tat et premier pr\u00e9sident du S\u00e9nat camerounais, Marcel Niat Njifenji est d\u00e9c\u00e9d\u00e9 ce samedi 11 avril 2026 \u00e0 Yaound\u00e9. Sa disparition intervient dans un contexte politique sensible, quelques jours seulement apr\u00e8s son retrait de la t\u00eate de la Chambre haute. Auteur: Arthur WANDJI Cliquez ici pour lire l&rsquo;article depuis [&hellip;]<\/p>\n","protected":false},"author":1969,"featured_media":0,"comment_status":"closed","ping_status":"closed","sticky":false,"template":"","format":"standard","meta":{"fifu_image_url":"","fifu_image_alt":"","footnotes":""},"categories":[82,78],"tags":[],"class_list":["post-184482","post","type-post","status-publish","format-standard","hentry","category-cameroun","category-economie"],"_links":{"self":[{"href":"https:\/\/linitiative.ca\/International\/wp-json\/wp\/v2\/posts\/184482","targetHints":{"allow":["GET"]}}],"collection":[{"href":"https:\/\/linitiative.ca\/International\/wp-json\/wp\/v2\/posts"}],"about":[{"href":"https:\/\/linitiative.ca\/International\/wp-json\/wp\/v2\/types\/post"}],"author":[{"embeddable":true,"href":"https:\/\/linitiative.ca\/International\/wp-json\/wp\/v2\/users\/1969"}],"replies":[{"embeddable":true,"href":"https:\/\/linitiative.ca\/International\/wp-json\/wp\/v2\/comments?post=184482"}],"version-history":[{"count":0,"href":"https:\/\/linitiative.ca\/International\/wp-json\/wp\/v2\/posts\/184482\/revisions"}],"wp:attachment":[{"href":"https:\/\/linitiative.ca\/International\/wp-json\/wp\/v2\/media?parent=184482"}],"wp:term":[{"taxonomy":"category","embeddable":true,"href":"https:\/\/linitiative.ca\/International\/wp-json\/wp\/v2\/categories?post=184482"},{"taxonomy":"post_tag","embeddable":true,"href":"https:\/\/linitiative.ca\/International\/wp-json\/wp\/v2\/tags?post=184482"}],"curies":[{"name":"wp","href":"https:\/\/api.w.org\/{rel}","templated":true}]}}