{"id":184552,"date":"2026-04-12T20:00:01","date_gmt":"2026-04-13T00:00:01","guid":{"rendered":"https:\/\/linitiative.ca\/International\/cadre-de-concertation-public-prive-les-acteurs-en-quete-de-plus-defficacite\/"},"modified":"2026-04-12T20:00:01","modified_gmt":"2026-04-13T00:00:01","slug":"cadre-de-concertation-public-prive-les-acteurs-en-quete-de-plus-defficacite","status":"publish","type":"post","link":"https:\/\/linitiative.ca\/International\/cadre-de-concertation-public-prive-les-acteurs-en-quete-de-plus-defficacite\/","title":{"rendered":"Cadre de concertation public-priv\u00e9: les acteurs en qu\u00eate de plus d\u2019efficacit\u00e9"},"content":{"rendered":"<div class=\"td-post-featured-image\">\n<figure><a href=\"https:\/\/www.sidwaya.info\/wp-content\/uploads\/2026\/04\/1-19.jpeg\" data-caption=\"Le Premier ministre, Rimtalba Jean Emmanuel Ou\u00e9draogo, a exhort\u00e9 les acteurs \u00e0 atteindre des r\u00e9sultats encore plus concrets pour les prochaines sessions.\"><img loading=\"lazy\" decoding=\"async\" width=\"696\" height=\"796\" class=\"entry-thumb td-modal-image\" src=\"https:\/\/www.sidwaya.info\/wp-content\/uploads\/2026\/04\/1-19-696x796.jpeg\" srcset=\"https:\/\/www.sidwaya.info\/wp-content\/uploads\/2026\/04\/1-19-696x796.jpeg 696w, https:\/\/www.sidwaya.info\/wp-content\/uploads\/2026\/04\/1-19-262x300.jpeg 262w, https:\/\/www.sidwaya.info\/wp-content\/uploads\/2026\/04\/1-19-895x1024.jpeg 895w, https:\/\/www.sidwaya.info\/wp-content\/uploads\/2026\/04\/1-19-768x879.jpeg 768w, https:\/\/www.sidwaya.info\/wp-content\/uploads\/2026\/04\/1-19-1343x1536.jpeg 1343w, https:\/\/www.sidwaya.info\/wp-content\/uploads\/2026\/04\/1-19-367x420.jpeg 367w, https:\/\/www.sidwaya.info\/wp-content\/uploads\/2026\/04\/1-19-150x172.jpeg 150w, https:\/\/www.sidwaya.info\/wp-content\/uploads\/2026\/04\/1-19-300x343.jpeg 300w, https:\/\/www.sidwaya.info\/wp-content\/uploads\/2026\/04\/1-19-1068x1222.jpeg 1068w, https:\/\/www.sidwaya.info\/wp-content\/uploads\/2026\/04\/1-19.jpeg 1790w\" sizes=\"auto, (max-width: 696px) 100vw, 696px\" alt=\"\" title=\"1\"\/><\/a><figcaption class=\"wp-caption-text\">Le Premier ministre, Rimtalba Jean Emmanuel Ou\u00e9draogo, a exhort\u00e9 les acteurs \u00e0 atteindre des r\u00e9sultats encore plus concrets pour les prochaines sessions.<\/figcaption><\/figure>\n<\/div>\n<p class=\"p5\"><strong>Le Premier ministre, Rimtalba Jean Emmanuel Ou\u00e9draogo, a pr\u00e9sid\u00e9 la session ordinaire du comit\u00e9 de pilotage du dispositif de suivi de l\u2019am\u00e9lioration du climat des affaires et du Cadre de concertation public-priv\u00e9 (CC-PP), vendredi\u00a010 avril 2026, \u00e0 Ouagadougou.<\/strong><\/p>\n<p class=\"p5\">Le Burkina Faso entend franchir un nouveau cap dans l\u2019am\u00e9lioration du climat des affaires. Pour ce faire, le minist\u00e8re de l\u2019Industrie, du Commerce et de l\u2019Artisanat a organis\u00e9 la session ordinaire du comit\u00e9 de pilotage du dispositif de suivi de l\u2019am\u00e9lioration du climat des affaires et du Cadre de concertation Public-Priv\u00e9 (CC-PP), vendredi 10 avril 2026, \u00e0 Ouagadougou. Plac\u00e9e sous la pr\u00e9sidence du Premier ministre Rimtalba Jean Emmanuel Ou\u00e9draogo, la rencontre a permis aux parties prenantes d\u2019examiner plusieurs documents strat\u00e9giques. Il s\u2019agit notamment le rapport de mise en \u0153uvre du plan de r\u00e9formes 2025, le plan de reformes 2026, ainsi que les plans d\u2019action issus des recommandations des rencontres gouvernement-secteur priv\u00e9.<\/p>\n<p class=\"p5\">A l\u2019issue des travaux, le chef du gouvernement s\u2019est f\u00e9licit\u00e9\u00a0\u00ab du climat convivial\u00a0\u00bb ayant pr\u00e9valu et des r\u00e9sultats appr\u00e9ciables enregistr\u00e9s. Rimtalba Jean Emmanuel Ou\u00e9draogo a assur\u00e9 que le gouvernement ne m\u00e9nagera aucun effort pour garantir un environnement s\u00e9curis\u00e9 et propice aux affaires. Pour lui, l\u2019implication de tous est indispensable pour stimuler les investissements productifs et assurer le d\u00e9veloppement \u00e9conomique et social. \u00ab\u00a0Dans cette dynamique, plusieurs priorit\u00e9s ont \u00e9t\u00e9 d\u00e9gag\u00e9es, notamment la finalisation du dispositif institutionnel unifi\u00e9, la rationalisation des licences d\u2019affaires, la digitalisation des proc\u00e9dures administratives et l\u2019op\u00e9rationnalisation de la plateforme de dialogue public-priv\u00e9\u00a0\u00bb, a-t-il poursuivi. Le Premier ministre Ou\u00e9draogo a invit\u00e9 les parties prenantes \u00e0 ex\u00e9cuter diligemment les actions retenues et \u00e0 assurer un suivi r\u00e9gulier \u00e0 travers des rapports trimestriels.<\/p>\n<p class=\"p5\">Le ministre de l\u2019Industrie, du Commerce et de l\u2019Artisanat, Serge Poda, a dress\u00e9 un bilan encourageant de la mise en \u0153uvre des r\u00e9formes.<\/p>\n<p class=\"p6\"><strong>Des reformes mises en \u0153uvre \u00e0 pr\u00e8s de 60%<\/strong><\/p>\n<figure id=\"attachment_161045\" aria-describedby=\"caption-attachment-161045\" class=\"wp-caption alignleft\"><img fetchpriority=\"high\" decoding=\"async\" data-attachment-id=\"161045\" data-permalink=\"https:\/\/www.sidwaya.info\/cadre-de-concertation-public-prive-les-acteurs-en-quete-de-plus-defficacite\/2-2307\/\" data-orig-file=\"https:\/\/www.sidwaya.info\/wp-content\/uploads\/2026\/04\/2-9.jpeg\" data-orig-size=\"2048,1629\" data-comments-opened=\"1\" data-image-meta=\"{&quot;aperture&quot;:&quot;0&quot;,&quot;credit&quot;:&quot;&quot;,&quot;camera&quot;:&quot;&quot;,&quot;caption&quot;:&quot;&quot;,&quot;created_timestamp&quot;:&quot;0&quot;,&quot;copyright&quot;:&quot;&quot;,&quot;focal_length&quot;:&quot;0&quot;,&quot;iso&quot;:&quot;0&quot;,&quot;shutter_speed&quot;:&quot;0&quot;,&quot;title&quot;:&quot;&quot;,&quot;orientation&quot;:&quot;1&quot;}\" data-image-title=\"2\" data-image-description=\"\" data-image-caption=\"&lt;p&gt;Le ministre charg\u00e9 du Commerce, Serge Poda, a soutenu que le climat des affaires se porte bien.&lt;\/p&gt;\" data-medium-file=\"https:\/\/www.sidwaya.info\/wp-content\/uploads\/2026\/04\/2-9-300x239.jpeg\" data-large-file=\"https:\/\/www.sidwaya.info\/wp-content\/uploads\/2026\/04\/2-9-1024x815.jpeg\" class=\"size-medium wp-image-161045\" src=\"https:\/\/www.sidwaya.info\/wp-content\/uploads\/2026\/04\/2-9-300x239.jpeg\" alt=\"\" width=\"300\" height=\"239\" srcset=\"https:\/\/www.sidwaya.info\/wp-content\/uploads\/2026\/04\/2-9-300x239.jpeg 300w, https:\/\/www.sidwaya.info\/wp-content\/uploads\/2026\/04\/2-9-1024x815.jpeg 1024w, https:\/\/www.sidwaya.info\/wp-content\/uploads\/2026\/04\/2-9-768x611.jpeg 768w, https:\/\/www.sidwaya.info\/wp-content\/uploads\/2026\/04\/2-9-1536x1222.jpeg 1536w, https:\/\/www.sidwaya.info\/wp-content\/uploads\/2026\/04\/2-9-528x420.jpeg 528w, https:\/\/www.sidwaya.info\/wp-content\/uploads\/2026\/04\/2-9-150x119.jpeg 150w, https:\/\/www.sidwaya.info\/wp-content\/uploads\/2026\/04\/2-9-696x554.jpeg 696w, https:\/\/www.sidwaya.info\/wp-content\/uploads\/2026\/04\/2-9-1068x849.jpeg 1068w, https:\/\/www.sidwaya.info\/wp-content\/uploads\/2026\/04\/2-9-1920x1527.jpeg 1920w, https:\/\/www.sidwaya.info\/wp-content\/uploads\/2026\/04\/2-9.jpeg 2048w\" sizes=\"(max-width: 300px) 100vw, 300px\"\/><figcaption id=\"caption-attachment-161045\" class=\"wp-caption-text\">Le ministre charg\u00e9 du Commerce, Serge Poda, a soutenu que le climat des affaires se porte bien.<\/figcaption><\/figure>\n<p class=\"p5\">\u00ab Le taux de mise en \u0153uvre des r\u00e9formes avoisine les 60% \u00e0 la date du 31 d\u00e9cembre 2025\u00a0\u00bb, s\u2019est-il r\u00e9joui. Le ministre Poda a mis en avant plusieurs avanc\u00e9es, dont la facilitation de l\u2019acc\u00e8s aux licences d\u2019affaires gr\u00e2ce \u00e0 la digitalisation, la simplification des proc\u00e9dures de cr\u00e9ation d\u2019entreprises, ainsi que le renforcement de l\u2019accompagnement des Petites et moyennes entreprises. A cet effet, il a salu\u00e9 les efforts de s\u00e9curisation du territoire, qui contribuent \u00e0 restaurer la confiance des investisseurs. De son avis, cette \u00e9volution se traduit par \u00ab\u00a0une croissance des demandes d\u2019investissements et l\u2019ouverture de nouvelles unit\u00e9s industrielles et commerciales\u00a0\u00bb, preuve que le climat des affaires conna\u00eet une am\u00e9lioration notable.<\/p>\n<p class=\"p5\">Quant au repr\u00e9sentant du secteur priv\u00e9, Zanga Seydou Sessouma, il a soulign\u00e9 l\u2019importance du cadre de concertation, puisque c\u2019est le lieu o\u00f9 les pr\u00e9occupations sont pos\u00e9es pour l\u2019am\u00e9lioration du climat des affaires. Il a relev\u00e9 que plusieurs recommandations ont \u00e9t\u00e9 mises en \u0153uvre tandis que d\u2019autres sont en cours d\u2019ex\u00e9cution.\u00a0\u00ab A l\u2019issue de la session, 51 recommandations ont \u00e9t\u00e9 retenues, couvrant des secteurs cl\u00e9s tels que l\u2019\u00e9nergie, l\u2019eau, l\u2019agriculture, le commerce et l\u2019industrie\u00a0\u00bb, a expliqu\u00e9 M. Sessouma. Tout en saluant les efforts du gouvernement, Zanga Seydou Sessouma a exprim\u00e9 la reconnaissance du secteur priv\u00e9 pour les actions entreprises en faveur de l\u2019am\u00e9lioration continue de l\u2019environnement des affaires.<\/p>\n<p class=\"p7\"><strong>Boukary BONKOUNGOU<\/strong><\/p>\n<p class=\"p7\"><strong>Fatimata ZOUNGRANA<\/strong><\/p>\n<p class=\"p7\">(Stagiaire)<\/p>\n<p>Auteur: JK. Sidwaya<br \/>\n<a href=\"https:\/\/www.sidwaya.info\/cadre-de-concertation-public-prive-les-acteurs-en-quete-de-plus-defficacite\/\">Cliquez ici pour lire l&rsquo;article depuis sa source.<\/a><\/p>\n","protected":false},"excerpt":{"rendered":"<p>Le Premier ministre, Rimtalba Jean Emmanuel Ou\u00e9draogo, a exhort\u00e9 les acteurs \u00e0 atteindre des r\u00e9sultats encore plus concrets pour les prochaines sessions. Le Premier ministre, Rimtalba Jean Emmanuel Ou\u00e9draogo, a pr\u00e9sid\u00e9 la session ordinaire du comit\u00e9 de pilotage du dispositif de suivi de l\u2019am\u00e9lioration du climat des affaires et du Cadre de concertation public-priv\u00e9 (CC-PP), [&hellip;]<\/p>\n","protected":false},"author":1816,"featured_media":184553,"comment_status":"closed","ping_status":"closed","sticky":false,"template":"","format":"standard","meta":{"fifu_image_url":"https:\/\/www.sidwaya.info\/wp-content\/uploads\/2026\/04\/1-19.jpeg","fifu_image_alt":"Cadre de concertation public-priv\u00e9: les acteurs en qu\u00eate de plus d\u2019efficacit\u00e9","footnotes":""},"categories":[73,81],"tags":[],"class_list":["post-184552","post","type-post","status-publish","format-standard","has-post-thumbnail","hentry","category-actualite","category-burkina-faso"],"_links":{"self":[{"href":"https:\/\/linitiative.ca\/International\/wp-json\/wp\/v2\/posts\/184552","targetHints":{"allow":["GET"]}}],"collection":[{"href":"https:\/\/linitiative.ca\/International\/wp-json\/wp\/v2\/posts"}],"about":[{"href":"https:\/\/linitiative.ca\/International\/wp-json\/wp\/v2\/types\/post"}],"author":[{"embeddable":true,"href":"https:\/\/linitiative.ca\/International\/wp-json\/wp\/v2\/users\/1816"}],"replies":[{"embeddable":true,"href":"https:\/\/linitiative.ca\/International\/wp-json\/wp\/v2\/comments?post=184552"}],"version-history":[{"count":0,"href":"https:\/\/linitiative.ca\/International\/wp-json\/wp\/v2\/posts\/184552\/revisions"}],"wp:featuredmedia":[{"embeddable":true,"href":"https:\/\/linitiative.ca\/International\/wp-json\/wp\/v2\/media\/184553"}],"wp:attachment":[{"href":"https:\/\/linitiative.ca\/International\/wp-json\/wp\/v2\/media?parent=184552"}],"wp:term":[{"taxonomy":"category","embeddable":true,"href":"https:\/\/linitiative.ca\/International\/wp-json\/wp\/v2\/categories?post=184552"},{"taxonomy":"post_tag","embeddable":true,"href":"https:\/\/linitiative.ca\/International\/wp-json\/wp\/v2\/tags?post=184552"}],"curies":[{"name":"wp","href":"https:\/\/api.w.org\/{rel}","templated":true}]}}