{"id":184613,"date":"2026-04-13T20:10:51","date_gmt":"2026-04-14T00:10:51","guid":{"rendered":"https:\/\/linitiative.ca\/International\/commerce-des-produits-du-tabac-la-bmcrf-veut-bannir-les-cigarettes-sans-marquage-du-marche\/"},"modified":"2026-04-13T20:10:51","modified_gmt":"2026-04-14T00:10:51","slug":"commerce-des-produits-du-tabac-la-bmcrf-veut-bannir-les-cigarettes-sans-marquage-du-marche","status":"publish","type":"post","link":"https:\/\/linitiative.ca\/International\/commerce-des-produits-du-tabac-la-bmcrf-veut-bannir-les-cigarettes-sans-marquage-du-marche\/","title":{"rendered":"Commerce des produits du tabac: la BMCRF veut bannir les cigarettes sans marquage du march\u00e9"},"content":{"rendered":"<div class=\"td-post-featured-image\">\n<figure><a href=\"https:\/\/www.sidwaya.info\/wp-content\/uploads\/2026\/04\/1-17.jpg\" data-caption=\"Le coordonnateur de la BMCRF, Sanib\u00e8 Faho, a affirm\u00e9 que les contr\u00f4les seront intensifi\u00e9s dans les jours \u00e0 venir et tout produit non conforme sera retir\u00e9 du circuit de commercialisation.\"><img loading=\"lazy\" decoding=\"async\" width=\"696\" height=\"464\" class=\"entry-thumb td-modal-image\" src=\"https:\/\/www.sidwaya.info\/wp-content\/uploads\/2026\/04\/1-17-696x464.jpg\" srcset=\"https:\/\/www.sidwaya.info\/wp-content\/uploads\/2026\/04\/1-17-696x464.jpg 696w, https:\/\/www.sidwaya.info\/wp-content\/uploads\/2026\/04\/1-17-300x200.jpg 300w, https:\/\/www.sidwaya.info\/wp-content\/uploads\/2026\/04\/1-17-1024x682.jpg 1024w, https:\/\/www.sidwaya.info\/wp-content\/uploads\/2026\/04\/1-17-768x512.jpg 768w, https:\/\/www.sidwaya.info\/wp-content\/uploads\/2026\/04\/1-17-630x420.jpg 630w, https:\/\/www.sidwaya.info\/wp-content\/uploads\/2026\/04\/1-17-150x100.jpg 150w, https:\/\/www.sidwaya.info\/wp-content\/uploads\/2026\/04\/1-17-1068x712.jpg 1068w, https:\/\/www.sidwaya.info\/wp-content\/uploads\/2026\/04\/1-17.jpg 1280w\" sizes=\"auto, (max-width: 696px) 100vw, 696px\" alt=\"\" title=\"1\"\/><\/a><figcaption class=\"wp-caption-text\">Le coordonnateur de la BMCRF, Sanib\u00e8 Faho, a affirm\u00e9 que les contr\u00f4les seront intensifi\u00e9s dans les jours \u00e0 venir et tout produit non conforme sera retir\u00e9 du circuit de commercialisation.<\/figcaption><\/figure>\n<\/div>\n<p class=\"p1\"><strong>Le minist\u00e8re de l\u2019Industrie, du Commerce et de l\u2019Artisanat, \u00e0 travers la Brigade mobile de contr\u00f4le \u00e9conomique et de la r\u00e9pression des fraudes (BMCRF) a anim\u00e9 une conf\u00e9rence de presse sur le contr\u00f4le des produits de tabac et nouveaux produits de tabac fabriqu\u00e9s au Burkina ou import\u00e9s, lundi 13 avril 2026 \u00e0 Ouagadougou.<\/strong><\/p>\n<p class=\"p1\">Le Burkina veut intensifier la lutte contre le commerce illicite du tabac. A cet effet, le minist\u00e8re en charge du commerce, \u00e0 travers la Brigade mobile de contr\u00f4le \u00e9conomique et de la r\u00e9pression des fraudes (BMCRF), a organis\u00e9 une conf\u00e9rence de presse, le lundi 13 avril 2026 \u00e0 Ouagadougou pour faire le point de la mise en \u0153uvre du Syst\u00e8me de marquage, d\u2019authentification, de suivi et de tra\u00e7abilit\u00e9 (SMAT) des produits du tabac fabriqu\u00e9s localement ou import\u00e9s.<\/p>\n<p class=\"p1\">Selon le coordonnateur g\u00e9n\u00e9ral de la BMCRF, Sanib\u00e8 Faho, cette mesure vise \u00e0 prot\u00e9ger la sant\u00e9 publique et \u00e0 assainir le march\u00e9, conform\u00e9ment aux engagements internationaux du pays. Entr\u00e9 en vigueur le 5 juillet 2025, le syst\u00e8me impose l\u2019apposition de stickers s\u00e9curis\u00e9s sur les paquets, cartouches et cartons de cigarettes. Toutefois, il a relev\u00e9 que sa mise en \u0153uvre reste insuffisante. \u00ab Malgr\u00e9 un d\u00e9lai initial fix\u00e9 au 10 janvier, puis prorog\u00e9 au 28 f\u00e9vrier 2026 pour tenir compte des contraintes techniques et logistiques, plusieurs acteurs ne sont toujours pas en conformit\u00e9\u00a0\u00bb, a-t-il expliqu\u00e9.<\/p>\n<p class=\"p1\">A l\u2019en croire, des missions d\u2019inspection men\u00e9es \u00e0 Ziniar\u00e9, Bobo-Dioulasso et \u00e0 Ouagadougou ont permis de constater ces manquements. Une vaste op\u00e9ration de contr\u00f4le r\u00e9alis\u00e9e les 31 mars et 1<sup>er<\/sup> avril 2026 a confirm\u00e9 la tendance. Sur 115 acteurs contr\u00f4l\u00e9s, a-t-il indiqu\u00e9, seuls 6 \u00e9taient en r\u00e8gle contre 109 en infraction.<\/p>\n<p class=\"p1\">En outre, M. Faho a poursuivi que 18 595 cartons de cigarettes ont \u00e9t\u00e9 inspect\u00e9s, dont 12 812 sans stickers. Sur 8 526 cartouches contr\u00f4l\u00e9es, 3 349 ne comportaient aucun marquage. Quant aux paquets, 372 sur 521 \u00e9taient d\u00e9pourvus de stickers, ce qui traduit, selon lui, l\u2019ampleur des irr\u00e9gularit\u00e9s sur le march\u00e9. Face \u00e0 ces r\u00e9sultats, les produits non conformes ont \u00e9t\u00e9 saisis en vue de leur destruction, conform\u00e9ment \u00e0 la r\u00e9glementation en vigueur. \u00ab\u00a0Les op\u00e9rations de contr\u00f4le vont se poursuivre et tout contrevenant s\u2019expose \u00e0 des sanctions\u00a0\u00bb, a-t-il averti.<\/p>\n<p class=\"p1\">A la question des journalistes de savoir, s\u2019il y a un dispositif concret pour emp\u00eacher que ces paquets sans stickers ne se retrouvent sur le march\u00e9, le coordonnateur a expliqu\u00e9 que le syst\u00e8me de tra\u00e7abilit\u00e9 repose sur deux piliers. D\u2019une part, les producteurs locaux ont l\u2019obligation de d\u00e9ployer le dispositif dans leurs unit\u00e9s afin que, a-t-il pr\u00e9cis\u00e9,\u00a0\u00ab aucun paquet ne quitte l\u2019usine sans stickers\u00a0\u00bb. D\u2019autre part, les importateurs doivent, a son avis, faire d\u00e9ployer le syst\u00e8me chez leurs fournisseurs \u00e0 l\u2019\u00e9tranger, afin que les produits destin\u00e9s au Burkina soient marqu\u00e9s d\u00e8s la production.<\/p>\n<p class=\"p1\">Par ailleurs, il a reconnu que ce processus n\u00e9cessite des \u00e9quipements sp\u00e9cifiques et un accompagnement technique, ce qui explique certains retards. A cet effet, M. Faho a ajout\u00e9 qu\u2019une unit\u00e9 de production nationale a d\u00e9j\u00e0 achev\u00e9 le d\u00e9ploiement du syst\u00e8me, tandis que d\u2019autres sont en phase d\u2019ach\u00e8vement.<\/p>\n<p class=\"p4\"><strong>Mahamadi SEBOGO<\/strong><\/p>\n<p class=\"p4\"><strong>Fatimata ZOUNGRANA<\/strong><\/p>\n<p class=\"p4\">(Stagiaire)<\/p>\n<p>Auteur: JK. Sidwaya<br \/>\n<a href=\"https:\/\/www.sidwaya.info\/commerce-des-produits-du-tabac-la-bmcrf-veut-bannir-les-cigarettes-sans-marquage-du-marche\/\">Cliquez ici pour lire l&rsquo;article depuis sa source.<\/a><\/p>\n","protected":false},"excerpt":{"rendered":"<p>Le coordonnateur de la BMCRF, Sanib\u00e8 Faho, a affirm\u00e9 que les contr\u00f4les seront intensifi\u00e9s dans les jours \u00e0 venir et tout produit non conforme sera retir\u00e9 du circuit de commercialisation. Le minist\u00e8re de l\u2019Industrie, du Commerce et de l\u2019Artisanat, \u00e0 travers la Brigade mobile de contr\u00f4le \u00e9conomique et de la r\u00e9pression des fraudes (BMCRF) a [&hellip;]<\/p>\n","protected":false},"author":1816,"featured_media":184614,"comment_status":"closed","ping_status":"closed","sticky":false,"template":"","format":"standard","meta":{"fifu_image_url":"https:\/\/www.sidwaya.info\/wp-content\/uploads\/2026\/04\/1-17.jpg","fifu_image_alt":"Commerce des produits du tabac: la BMCRF veut bannir les cigarettes sans marquage du march\u00e9","footnotes":""},"categories":[73,81],"tags":[],"class_list":["post-184613","post","type-post","status-publish","format-standard","has-post-thumbnail","hentry","category-actualite","category-burkina-faso"],"_links":{"self":[{"href":"https:\/\/linitiative.ca\/International\/wp-json\/wp\/v2\/posts\/184613","targetHints":{"allow":["GET"]}}],"collection":[{"href":"https:\/\/linitiative.ca\/International\/wp-json\/wp\/v2\/posts"}],"about":[{"href":"https:\/\/linitiative.ca\/International\/wp-json\/wp\/v2\/types\/post"}],"author":[{"embeddable":true,"href":"https:\/\/linitiative.ca\/International\/wp-json\/wp\/v2\/users\/1816"}],"replies":[{"embeddable":true,"href":"https:\/\/linitiative.ca\/International\/wp-json\/wp\/v2\/comments?post=184613"}],"version-history":[{"count":0,"href":"https:\/\/linitiative.ca\/International\/wp-json\/wp\/v2\/posts\/184613\/revisions"}],"wp:featuredmedia":[{"embeddable":true,"href":"https:\/\/linitiative.ca\/International\/wp-json\/wp\/v2\/media\/184614"}],"wp:attachment":[{"href":"https:\/\/linitiative.ca\/International\/wp-json\/wp\/v2\/media?parent=184613"}],"wp:term":[{"taxonomy":"category","embeddable":true,"href":"https:\/\/linitiative.ca\/International\/wp-json\/wp\/v2\/categories?post=184613"},{"taxonomy":"post_tag","embeddable":true,"href":"https:\/\/linitiative.ca\/International\/wp-json\/wp\/v2\/tags?post=184613"}],"curies":[{"name":"wp","href":"https:\/\/api.w.org\/{rel}","templated":true}]}}