{"id":184615,"date":"2026-04-13T20:13:27","date_gmt":"2026-04-14T00:13:27","guid":{"rendered":"https:\/\/linitiative.ca\/International\/association-lawako-des-tisseuses-et-transformatrices-du-textile-burkinabe-les-tisserandes-honorees-a-loccasion-de-la-journee-de-la-femme\/"},"modified":"2026-04-13T20:13:27","modified_gmt":"2026-04-14T00:13:27","slug":"association-lawako-des-tisseuses-et-transformatrices-du-textile-burkinabe-les-tisserandes-honorees-a-loccasion-de-la-journee-de-la-femme","status":"publish","type":"post","link":"https:\/\/linitiative.ca\/International\/association-lawako-des-tisseuses-et-transformatrices-du-textile-burkinabe-les-tisserandes-honorees-a-loccasion-de-la-journee-de-la-femme\/","title":{"rendered":"Association Lawako des tisseuses et transformatrices du textile burkinab\u00e8: les tisserandes honor\u00e9es \u00e0 l\u2019occasion de la Journ\u00e9e de la femme"},"content":{"rendered":"<div class=\"td-post-featured-image\">\n<figure><a href=\"https:\/\/www.sidwaya.info\/wp-content\/uploads\/2026\/04\/5.jpeg\" data-caption=\"Les femmes ont \u00e9t\u00e9 invit\u00e9es \u00e0 lutter pour leur autonomisation.\"><img loading=\"lazy\" decoding=\"async\" width=\"696\" height=\"436\" class=\"entry-thumb td-modal-image\" src=\"https:\/\/www.sidwaya.info\/wp-content\/uploads\/2026\/04\/5-696x436.jpeg\" srcset=\"https:\/\/www.sidwaya.info\/wp-content\/uploads\/2026\/04\/5-696x436.jpeg 696w, https:\/\/www.sidwaya.info\/wp-content\/uploads\/2026\/04\/5-300x188.jpeg 300w, https:\/\/www.sidwaya.info\/wp-content\/uploads\/2026\/04\/5-1024x641.jpeg 1024w, https:\/\/www.sidwaya.info\/wp-content\/uploads\/2026\/04\/5-768x481.jpeg 768w, https:\/\/www.sidwaya.info\/wp-content\/uploads\/2026\/04\/5-1536x962.jpeg 1536w, https:\/\/www.sidwaya.info\/wp-content\/uploads\/2026\/04\/5-671x420.jpeg 671w, https:\/\/www.sidwaya.info\/wp-content\/uploads\/2026\/04\/5-150x94.jpeg 150w, https:\/\/www.sidwaya.info\/wp-content\/uploads\/2026\/04\/5-1068x669.jpeg 1068w, https:\/\/www.sidwaya.info\/wp-content\/uploads\/2026\/04\/5.jpeg 1600w\" sizes=\"auto, (max-width: 696px) 100vw, 696px\" alt=\"\" title=\"5\"\/><\/a><figcaption class=\"wp-caption-text\">Les femmes ont \u00e9t\u00e9 invit\u00e9es \u00e0 lutter pour leur autonomisation.<\/figcaption><\/figure>\n<\/div>\n<p class=\"p1\"><strong>Dans le cadre de la c\u00e9l\u00e9bration en diff\u00e9r\u00e9 du 8 mars 2026, l\u2019association Lawako des tisseuses et transformatrices du textile burkinab\u00e8 a organis\u00e9 une activit\u00e9 du savoir-faire local f\u00e9minin et de promotion du pagne tiss\u00e9 traditionnel, samedi 11 avril 2026, \u00e0 Karpala, \u00e0 Ouagadougou<\/strong>.<\/p>\n<p class=\"p1\">L\u2019association Lawako des tisseuses et transformatrices du textile burkinab\u00e8 se souvient de l\u2019hommage \u00e0 rendre \u00e0 la femme, dans le cadre de la Journ\u00e9e internationale de la femme, c\u00e9l\u00e9br\u00e9e chaque 8 -Mars. Elle a organis\u00e9 une activit\u00e9 du savoir-faire local f\u00e9minin et de promotion du pagne tiss\u00e9 traditionnel, samedi 11 avril 2026, au centre Lawako pour la transformation et la valorisation du textile, \u00e0 Ouagadougou. Des femmes tisseuses et transformatrices du centre, des femmes du quartier, des partenaires, en l\u2019occurrence Oryx Energies Burkina et des invit\u00e9s de marque ont honor\u00e9 de leur pr\u00e9sence la c\u00e9r\u00e9monie.<\/p>\n<p class=\"p1\">Selon la pr\u00e9sidente du centre Lawako, Ivette Ky, par ailleurs, pr\u00e9sidente de l\u2019Association Lawako des tisseuses et transformatrices du textile burkinab\u00e8, cette comm\u00e9moration du 8 mars 2026, en diff\u00e9r\u00e9, rev\u00eat un sens profond. \u00ab\u00a0Nous avons pu former 25 femmes au tissage et \u00e0 la teinture que nous avons voulu honorer \u00e0 travers cette c\u00e9r\u00e9monie. Nous voulons profiter donner un message aux autres femmes de s\u2019engager dans le tissage pour leur autonomisation,\u00a0afin d\u2019aider leurs familles \u00bb, a-t-elle d\u00e9clar\u00e9. Les b\u00e9n\u00e9ficiaires de la formation qui sont des femmes tr\u00e8s vuln\u00e9rables ou d\u00e9plac\u00e9es internes vont \u00e9galement <span class=\"Apple-converted-space\">\u00a0<\/span> avoir droit \u00e0 un stage de perfectionnement de deux mois, afin de renforcer davantage leurs capacit\u00e9s, a poursuivi Mme Ky.<\/p>\n<p class=\"p1\"><strong>L\u2019occasion pour les femmes d\u2019\u00eatre r\u00e9mun\u00e9r\u00e9es<\/strong><\/p>\n<p class=\"p1\">\u00ab\u00a0Apr\u00e8s cela, celles qui seront assidues et vont bien ma\u00eetriser le tissage auront l\u2019occasion de travailler dans ce centre, tout en b\u00e9n\u00e9ficiant d\u2019une r\u00e9mun\u00e9ration. Les femmes qui vont d\u00e9cider d\u2019aller s\u2019implanter chez elles, vont \u00eatre accompagn\u00e9es, notamment par Oryx Energies, l\u2019un de nos partenaires\u00a0\u00bb, a indiqu\u00e9 la promotrice du centre Lawako. La marraine de la c\u00e9r\u00e9monie et du centre, Germaine Compaor\u00e9, a remerci\u00e9 la promotrice du centre Lawako pour cette belle initiative.\u00a0\u00ab\u00a0C\u2019est certainement notre accompagnement depuis le d\u00e9but jusqu\u2019\u00e0 maintenant qui me donne cette belle opportunit\u00e9 d\u2019\u00eatre la marraine de cette c\u00e9r\u00e9monie. Cela me permet d\u2019apporter ma touche pour toujours contribuer un tant soit peu \u00e0 l\u2019avanc\u00e9e des activit\u00e9s\u00a0\u00bb, s\u2019est-elle r\u00e9jouie. Germaine Compaor\u00e9 a ajout\u00e9 que, le fait de magnifier la Journ\u00e9e internationale des droits de la femme, en diff\u00e9r\u00e9, apporte une r\u00e9ponse \u00e0 l\u2019appel des autorit\u00e9s de faire en sorte que le tissage soit un gage de l\u2019autonomisation des femmes qui s\u2019engagent dans ce secteur d\u2019activit\u00e9. \u00ab A travers leur autonomisation, les femmes participent aux charges du m\u00e9nage et la construction de la Nation. C\u2019est pourquoi, il faut mettre l\u2019accent sur les panels et d\u2019autres canaux de sensibilisation\u00a0\u00bb, a estim\u00e9 la marraine de la c\u00e9r\u00e9monie.<\/p>\n<p class=\"p1\">Quant \u00e0 la repr\u00e9sentante de Oryx Energies, Catherine Drabo, elle a relev\u00e9 que le soutien du partenaire s\u2019inscrit dans le cadre de ses initiatives sociales en faveur des populations locales. \u00ab\u00a0Aujourd\u2019hui, nous avons le devoir d\u2019accompagner les femmes dans leur \u00e9panouissement et leur autonomisation\u00a0\u00bb, a-t-elle soulign\u00e9. S\u00e9ance tenante, des \u00e9changes ont eu lieu avec les femmes sur leur autonomisation par le biais d\u2019apprentissage des m\u00e9tiers. Celles-ci ont r\u00e9v\u00e9l\u00e9 que le tissage leur permet de venir en aide \u00e0 leurs familles et de prendre en charge pr\u00e9cis\u00e9ment la scolarit\u00e9 de leurs enfants. Elles ont \u00e9t\u00e9 sensibilis\u00e9es \u00e0 lutter pour leur autonomisation financi\u00e8re. Les tisseuses les plus fid\u00e8les du centre, cr\u00e9\u00e9 en 2023, ont re\u00e7u des attestations et des gadgets.<\/p>\n<p class=\"p5\"><strong>Boukary BONKOUNGOU<\/strong><\/p>\n<p>Auteur: JK. Sidwaya<br \/>\n<a href=\"https:\/\/www.sidwaya.info\/association-lawako-des-tisseuses-et-transformatrices-du-textile-burkinabe-les-tisserandes-honorees-a-loccasion-de-la-journee-de-la-femme\/\">Cliquez ici pour lire l&rsquo;article depuis sa source.<\/a><\/p>\n","protected":false},"excerpt":{"rendered":"<p>Les femmes ont \u00e9t\u00e9 invit\u00e9es \u00e0 lutter pour leur autonomisation. Dans le cadre de la c\u00e9l\u00e9bration en diff\u00e9r\u00e9 du 8 mars 2026, l\u2019association Lawako des tisseuses et transformatrices du textile burkinab\u00e8 a organis\u00e9 une activit\u00e9 du savoir-faire local f\u00e9minin et de promotion du pagne tiss\u00e9 traditionnel, samedi 11 avril 2026, \u00e0 Karpala, \u00e0 Ouagadougou. L\u2019association [&hellip;]<\/p>\n","protected":false},"author":1816,"featured_media":184616,"comment_status":"closed","ping_status":"closed","sticky":false,"template":"","format":"standard","meta":{"fifu_image_url":"https:\/\/www.sidwaya.info\/wp-content\/uploads\/2026\/04\/5.jpeg","fifu_image_alt":"Association Lawako des tisseuses et transformatrices du textile burkinab\u00e8: les tisserandes honor\u00e9es \u00e0 l\u2019occasion de la Journ\u00e9e de la femme","footnotes":""},"categories":[73,81],"tags":[],"class_list":["post-184615","post","type-post","status-publish","format-standard","has-post-thumbnail","hentry","category-actualite","category-burkina-faso"],"_links":{"self":[{"href":"https:\/\/linitiative.ca\/International\/wp-json\/wp\/v2\/posts\/184615","targetHints":{"allow":["GET"]}}],"collection":[{"href":"https:\/\/linitiative.ca\/International\/wp-json\/wp\/v2\/posts"}],"about":[{"href":"https:\/\/linitiative.ca\/International\/wp-json\/wp\/v2\/types\/post"}],"author":[{"embeddable":true,"href":"https:\/\/linitiative.ca\/International\/wp-json\/wp\/v2\/users\/1816"}],"replies":[{"embeddable":true,"href":"https:\/\/linitiative.ca\/International\/wp-json\/wp\/v2\/comments?post=184615"}],"version-history":[{"count":0,"href":"https:\/\/linitiative.ca\/International\/wp-json\/wp\/v2\/posts\/184615\/revisions"}],"wp:featuredmedia":[{"embeddable":true,"href":"https:\/\/linitiative.ca\/International\/wp-json\/wp\/v2\/media\/184616"}],"wp:attachment":[{"href":"https:\/\/linitiative.ca\/International\/wp-json\/wp\/v2\/media?parent=184615"}],"wp:term":[{"taxonomy":"category","embeddable":true,"href":"https:\/\/linitiative.ca\/International\/wp-json\/wp\/v2\/categories?post=184615"},{"taxonomy":"post_tag","embeddable":true,"href":"https:\/\/linitiative.ca\/International\/wp-json\/wp\/v2\/tags?post=184615"}],"curies":[{"name":"wp","href":"https:\/\/api.w.org\/{rel}","templated":true}]}}