{"id":184805,"date":"2026-04-17T07:35:33","date_gmt":"2026-04-17T11:35:33","guid":{"rendered":"https:\/\/linitiative.ca\/International\/congo-pour-son-nouveau-mandat-denis-sassou-nguesso-sengage-a-redynamiser-leconomie\/"},"modified":"2026-04-17T07:35:33","modified_gmt":"2026-04-17T11:35:33","slug":"congo-pour-son-nouveau-mandat-denis-sassou-nguesso-sengage-a-redynamiser-leconomie","status":"publish","type":"post","link":"https:\/\/linitiative.ca\/International\/congo-pour-son-nouveau-mandat-denis-sassou-nguesso-sengage-a-redynamiser-leconomie\/","title":{"rendered":"Congo : pour son nouveau mandat, Denis Sassou Nguesso s&rsquo;engage \u00e0 \u00ab\u00a0redynamiser l\u2019\u00e9conomie\u00a0\u00bb"},"content":{"rendered":"<div>Investi le 16 avril 2026 pour un nouveau mandat, Denis Sassou Nguesso place son quinquennat sous le signe de l&rsquo;acc\u00e9l\u00e9ration du d\u00e9veloppement \u00e9conomique dans un contexte budg\u00e9taire sous haute tension.<\/div>\n<p>Auteur: Marius Zogo<br \/>\n<a href=\"https:\/\/ecomatin.net\/congo-pour-son-nouveau-mandat-denis-sassou-nguesso-sengage-a-redynamiser-leconomie\">Cliquez ici pour lire l&rsquo;article depuis sa source.<\/a><\/p>\n","protected":false},"excerpt":{"rendered":"<p>Investi le 16 avril 2026 pour un nouveau mandat, Denis Sassou Nguesso place son quinquennat sous le signe de l&rsquo;acc\u00e9l\u00e9ration du d\u00e9veloppement \u00e9conomique dans un contexte budg\u00e9taire sous haute tension. Auteur: Marius Zogo Cliquez ici pour lire l&rsquo;article depuis sa source.<\/p>\n","protected":false},"author":1969,"featured_media":0,"comment_status":"closed","ping_status":"closed","sticky":false,"template":"","format":"standard","meta":{"fifu_image_url":"","fifu_image_alt":"","footnotes":""},"categories":[82,78],"tags":[],"class_list":["post-184805","post","type-post","status-publish","format-standard","hentry","category-cameroun","category-economie"],"_links":{"self":[{"href":"https:\/\/linitiative.ca\/International\/wp-json\/wp\/v2\/posts\/184805","targetHints":{"allow":["GET"]}}],"collection":[{"href":"https:\/\/linitiative.ca\/International\/wp-json\/wp\/v2\/posts"}],"about":[{"href":"https:\/\/linitiative.ca\/International\/wp-json\/wp\/v2\/types\/post"}],"author":[{"embeddable":true,"href":"https:\/\/linitiative.ca\/International\/wp-json\/wp\/v2\/users\/1969"}],"replies":[{"embeddable":true,"href":"https:\/\/linitiative.ca\/International\/wp-json\/wp\/v2\/comments?post=184805"}],"version-history":[{"count":0,"href":"https:\/\/linitiative.ca\/International\/wp-json\/wp\/v2\/posts\/184805\/revisions"}],"wp:attachment":[{"href":"https:\/\/linitiative.ca\/International\/wp-json\/wp\/v2\/media?parent=184805"}],"wp:term":[{"taxonomy":"category","embeddable":true,"href":"https:\/\/linitiative.ca\/International\/wp-json\/wp\/v2\/categories?post=184805"},{"taxonomy":"post_tag","embeddable":true,"href":"https:\/\/linitiative.ca\/International\/wp-json\/wp\/v2\/tags?post=184805"}],"curies":[{"name":"wp","href":"https:\/\/api.w.org\/{rel}","templated":true}]}}