{"id":184806,"date":"2026-04-17T07:44:54","date_gmt":"2026-04-17T11:44:54","guid":{"rendered":"https:\/\/linitiative.ca\/International\/le-tchad-signe-un-accord-avec-lamericain-zanbur-energy-pour-developper-des-centrales-solaires\/"},"modified":"2026-04-17T07:44:54","modified_gmt":"2026-04-17T11:44:54","slug":"le-tchad-signe-un-accord-avec-lamericain-zanbur-energy-pour-developper-des-centrales-solaires","status":"publish","type":"post","link":"https:\/\/linitiative.ca\/International\/le-tchad-signe-un-accord-avec-lamericain-zanbur-energy-pour-developper-des-centrales-solaires\/","title":{"rendered":"Le Tchad signe un accord avec l\u2019am\u00e9ricain Zanbur Energy pour d\u00e9velopper des centrales solaires"},"content":{"rendered":"<div>Le projet, incluant jusqu\u2019\u00e0 200 MWc de capacit\u00e9, s\u2019inscrit dans la strat\u00e9gie nationale visant \u00e0 am\u00e9liorer un acc\u00e8s \u00e0 l\u2019\u00e9lectricit\u00e9 parmi les plus faibles de la CEMAC.<\/div>\n<p>Auteur: Albert AMOUGOU<br \/>\n<a href=\"https:\/\/ecomatin.net\/le-tchad-signe-un-accord-avec-lamericain-zanbur-energy-pour-developper-des-centrales-solaires\">Cliquez ici pour lire l&rsquo;article depuis sa source.<\/a><\/p>\n","protected":false},"excerpt":{"rendered":"<p>Le projet, incluant jusqu\u2019\u00e0 200 MWc de capacit\u00e9, s\u2019inscrit dans la strat\u00e9gie nationale visant \u00e0 am\u00e9liorer un acc\u00e8s \u00e0 l\u2019\u00e9lectricit\u00e9 parmi les plus faibles de la CEMAC. Auteur: Albert AMOUGOU Cliquez ici pour lire l&rsquo;article depuis sa source.<\/p>\n","protected":false},"author":1969,"featured_media":0,"comment_status":"closed","ping_status":"closed","sticky":false,"template":"","format":"standard","meta":{"fifu_image_url":"","fifu_image_alt":"","footnotes":""},"categories":[82,78],"tags":[],"class_list":["post-184806","post","type-post","status-publish","format-standard","hentry","category-cameroun","category-economie"],"_links":{"self":[{"href":"https:\/\/linitiative.ca\/International\/wp-json\/wp\/v2\/posts\/184806","targetHints":{"allow":["GET"]}}],"collection":[{"href":"https:\/\/linitiative.ca\/International\/wp-json\/wp\/v2\/posts"}],"about":[{"href":"https:\/\/linitiative.ca\/International\/wp-json\/wp\/v2\/types\/post"}],"author":[{"embeddable":true,"href":"https:\/\/linitiative.ca\/International\/wp-json\/wp\/v2\/users\/1969"}],"replies":[{"embeddable":true,"href":"https:\/\/linitiative.ca\/International\/wp-json\/wp\/v2\/comments?post=184806"}],"version-history":[{"count":0,"href":"https:\/\/linitiative.ca\/International\/wp-json\/wp\/v2\/posts\/184806\/revisions"}],"wp:attachment":[{"href":"https:\/\/linitiative.ca\/International\/wp-json\/wp\/v2\/media?parent=184806"}],"wp:term":[{"taxonomy":"category","embeddable":true,"href":"https:\/\/linitiative.ca\/International\/wp-json\/wp\/v2\/categories?post=184806"},{"taxonomy":"post_tag","embeddable":true,"href":"https:\/\/linitiative.ca\/International\/wp-json\/wp\/v2\/tags?post=184806"}],"curies":[{"name":"wp","href":"https:\/\/api.w.org\/{rel}","templated":true}]}}