{"id":185119,"date":"2026-04-24T16:45:00","date_gmt":"2026-04-24T20:45:00","guid":{"rendered":"https:\/\/linitiative.ca\/International\/carlos-alcaraz-declare-forfait-pour-roland-garros\/"},"modified":"2026-04-24T16:45:00","modified_gmt":"2026-04-24T20:45:00","slug":"carlos-alcaraz-declare-forfait-pour-roland-garros","status":"publish","type":"post","link":"https:\/\/linitiative.ca\/International\/carlos-alcaraz-declare-forfait-pour-roland-garros\/","title":{"rendered":"Carlos Alcaraz d\u00e9clare forfait pour Roland-Garros !"},"content":{"rendered":"<div class=\"post-cont-out\">\n<div class=\"post-cont-in no-margin\">\n<div id=\"content-main\" class=\"left relative\">\n<div class=\"liveblog-section\">\n<div id=\"elb-liveblog\" class=\"elb-liveblog elb-theme-light\" data-append-timestamp=\"1\" data-status=\"open\" data-highlighted-entry=\"\" data-show-entries=\"25\" data-endpoint=\"https:\/\/www.tunisienumerique.com\/wp-json\/easy-liveblogs\/v1\/liveblog\/1108643\">\n<div class=\"elb-liveblog-closed-message\">Le blog en direct est termin\u00e9.<\/div>\n<p><button id=\"elb-show-new-posts\" class=\"elb-button button\"\/><\/p>\n<div class=\"elb-no-liveblog-entries-message\">Aucune mise \u00e0 jour du blog en direct pour le moment.<\/div>\n<p><button id=\"elb-load-more\" class=\"elb-button button\">Charger plus<\/button><\/div>\n<\/div>\n<div class=\"simplesocialbuttons simplesocial-round-btm-border simplesocialbuttons_inline simplesocialbuttons-align-left post-1108643 post simplesocialbuttons-inline-no-animation\"><button class=\"simplesocial-fb-share\" rel=\"nofollow\" target=\"_blank\" aria-label=\"Facebook Share\" data-href=\"https:\/\/www.facebook.com\/sharer\/sharer.php?u=https:\/\/www.tunisienumerique.com\/carlos-alcaraz-declare-forfait-pour-roland-garros\/\" onclick=\"javascript:window.open(this.dataset.href, '', 'menubar=no,toolbar=no,resizable=yes,scrollbars=yes,height=600,width=600');return false;\"><span class=\"simplesocialtxt\">Facebook<\/span><\/button> <button class=\"simplesocial-twt-share\" rel=\"nofollow\" target=\"_blank\" aria-label=\"Twitter Share\" data-href=\"https:\/\/twitter.com\/intent\/tweet?text=Carlos+Alcaraz+d%C3%A9clare+forfait+pour+Roland-Garros+%21&amp;url=https:\/\/www.tunisienumerique.com\/carlos-alcaraz-declare-forfait-pour-roland-garros\/\" onclick=\"javascript:window.open(this.dataset.href, '', 'menubar=no,toolbar=no,resizable=yes,scrollbars=yes,height=600,width=600');return false;\"><span class=\"simplesocialtxt\">Twitter<\/span><\/button> <button rel=\"nofollow\" target=\"_blank\" class=\"simplesocial-linkedin-share\" aria-label=\"LinkedIn Share\" data-href=\"https:\/\/www.linkedin.com\/sharing\/share-offsite\/?url=https:\/\/www.tunisienumerique.com\/carlos-alcaraz-declare-forfait-pour-roland-garros\/\" onclick=\"javascript:window.open(this.dataset.href, '', 'menubar=no,toolbar=no,resizable=yes,scrollbars=yes,height=600,width=600');return false;\"><span class=\"simplesocialtxt\">LinkedIn<\/span><\/button> <button onclick=\"javascript:window.open(this.dataset.href, '_blank' );return false;\" class=\"simplesocial-whatsapp-share\" rel=\"nofollow\" target=\"_blank\" aria-label=\"WhatsApp Share\" data-href=\"https:\/\/api.whatsapp.com\/send?text=https:\/\/www.tunisienumerique.com\/carlos-alcaraz-declare-forfait-pour-roland-garros\/\"><span class=\"simplesocialtxt\">WhatsApp<\/span><\/button><\/p>\n<\/div>\n<p><button class=\"simplefavorite-button\" data-postid=\"1108643\" data-siteid=\"1\" data-groupid=\"1\" data-favoritecount=\"0\"> Lire plus tard<\/button><\/p>\n<p>Bless\u00e9 au poignet, le num\u00e9ro 2 mondial espagnol Carlos Alcaraz annonce vendredi qu\u2019il renonce \u00e0 sa participation au tournoi de Rome et surtout \u00e0 Roland-Garros dont il est le double tenant du titre.<\/p>\n<p>Coup de tonnerre. Carlos Alcaraz ne participera pas \u00e0 Roland-Garros (18 mai \u2013 7 juin). Bless\u00e9 au poignet et contraint de d\u00e9clarer forfait pour le Masters 1000 de Madrid, le vainqueur des \u00e9ditions 2024 et 2025 annonce son forfait vendredi dans un message post\u00e9 sur les r\u00e9seaux sociaux.<\/p>\n<p>\u00ab\u00a0Apr\u00e8s les r\u00e9sultats des examens r\u00e9alis\u00e9s aujourd\u2019hui, nous avons d\u00e9cid\u00e9 de rester prudent et de ne pas participer \u00e0 Rome et \u00e0 Roland Garros, en attendant de voir l\u2019\u00e9volution (de sa blessure) pour d\u00e9cider quand nous reviendrons sur le court\u00a0\u00bb, a indiqu\u00e9 le num\u00e9ro 2 mondial.<\/p>\n<p>Carlos Alcaraz pr\u00e9f\u00e8re attendre le bon moment avant de reprendre la comp\u00e9tition. \u00ab\u00a0C\u2019est une p\u00e9riode difficile pour moi mais je suis convaincu que nous reviendrons plus forts\u00a0\u00bb, conclut-il.<\/p>\n<p>Ag\u00e9 de 22 ans, Carlos Alcaraz a remport\u00e9 les internationaux de France en 2024 et 2025. L\u2019an pass\u00e9, il s\u2019est impos\u00e9 \u00e0 l\u2019issue d\u2019une finale d\u2019anthologie face \u00e0 son rival italien Jannik Sinner. Ce dernier l\u2019a emport\u00e9 face Alcaraz il y a deux semaines lors du Masters 1000 de Monte-Carlo pour le seule confrontation en 2026.<\/p>\n<p>L\u2019absence d\u2019Alcaraz, vainqueur de sept tournois du Grand Chelem, dont les deux derniers Roland-Garros, pourrait profiter \u00e0 son rival Jannik Sinner, qui n\u2019a jamais remport\u00e9 le tournoi parisien jusqu\u2019ici.<\/p>\n<p>L\u2019Italien, actuellement engag\u00e9 \u00e0 Madrid, vient de r\u00e9cup\u00e9rer la premi\u00e8re place mondiale en s\u2019imposant en finale \u00e0 Monte-Carlo face \u00e0 l\u2019Espagnol, il y a deux semaines.<\/p>\n<div class=\"simplesocialbuttons simplesocial-round-btm-border simplesocialbuttons_inline simplesocialbuttons-align-left post-1108643 post simplesocialbuttons-inline-no-animation\"><button class=\"simplesocial-fb-share\" rel=\"nofollow\" target=\"_blank\" aria-label=\"Facebook Share\" data-href=\"https:\/\/www.facebook.com\/sharer\/sharer.php?u=https:\/\/www.tunisienumerique.com\/carlos-alcaraz-declare-forfait-pour-roland-garros\/\" onclick=\"javascript:window.open(this.dataset.href, '', 'menubar=no,toolbar=no,resizable=yes,scrollbars=yes,height=600,width=600');return false;\"><span class=\"simplesocialtxt\">Facebook<\/span><\/button> <button class=\"simplesocial-twt-share\" rel=\"nofollow\" target=\"_blank\" aria-label=\"Twitter Share\" data-href=\"https:\/\/twitter.com\/intent\/tweet?text=Carlos+Alcaraz+d%C3%A9clare+forfait+pour+Roland-Garros+%21&amp;url=https:\/\/www.tunisienumerique.com\/carlos-alcaraz-declare-forfait-pour-roland-garros\/\" onclick=\"javascript:window.open(this.dataset.href, '', 'menubar=no,toolbar=no,resizable=yes,scrollbars=yes,height=600,width=600');return false;\"><span class=\"simplesocialtxt\">Twitter<\/span><\/button> <button rel=\"nofollow\" target=\"_blank\" class=\"simplesocial-linkedin-share\" aria-label=\"LinkedIn Share\" data-href=\"https:\/\/www.linkedin.com\/sharing\/share-offsite\/?url=https:\/\/www.tunisienumerique.com\/carlos-alcaraz-declare-forfait-pour-roland-garros\/\" onclick=\"javascript:window.open(this.dataset.href, '', 'menubar=no,toolbar=no,resizable=yes,scrollbars=yes,height=600,width=600');return false;\"><span class=\"simplesocialtxt\">LinkedIn<\/span><\/button> <button onclick=\"javascript:window.open(this.dataset.href, '_blank' );return false;\" class=\"simplesocial-whatsapp-share\" rel=\"nofollow\" target=\"_blank\" aria-label=\"WhatsApp Share\" data-href=\"https:\/\/api.whatsapp.com\/send?text=https:\/\/www.tunisienumerique.com\/carlos-alcaraz-declare-forfait-pour-roland-garros\/\"><span class=\"simplesocialtxt\">WhatsApp<\/span><\/button><\/p>\n<\/div>\n<p><strong>Que se passe-t-il en Tunisie?<\/strong><br \/>Nous expliquons sur notre <a href=\"https:\/\/www.youtube.com\/channel\/UCRzypVq0B_yBad5eGrwBx0Q?sub_confirmation=1\" target=\"_blank\">cha\u00eene YouTube<\/a> . <a href=\"https:\/\/www.youtube.com\/channel\/UCRzypVq0B_yBad5eGrwBx0Q?sub_confirmation=1\" target=\"_blank\">Abonnez-vous!<\/a><\/p>\n<div class=\"mvp-org-wrap\" itemprop=\"publisher\" itemscope=\"itemscope\" itemtype=\"https:\/\/schema.org\/Organization\">\n<div class=\"mvp-org-logo\" itemprop=\"logo\" itemscope=\"itemscope\" itemtype=\"https:\/\/schema.org\/ImageObject\"><img loading=\"lazy\" decoding=\"async\" width=\"290\" height=\"78\" src=\"https:\/\/www.tunisienumerique.com\/wp-content\/uploads\/2024\/03\/Logo-Tn1-1-3.png\"\/><br \/>\n<meta itemprop=\"url\" content=\"https:\/\/www.tunisienumerique.com\/wp-content\/uploads\/2024\/03\/Logo-Tn1-1-3.png\"\/><\/div>\n<p><meta itemprop=\"name\" content=\"Tunisie numerique\"\/><\/div>\n<div class=\"post-tags\"><span class=\"post-tags-header\">SUJETS CONNEXES:<\/span><\/div>\n<div id=\"article-ad\">\n  <ins class=\"adsbygoogle\" data-ad-client=\"ca-pub-2102118777505746\" data-ad-slot=\"6168283410\" data-ad-format=\"auto\" data-full-width-responsive=\"true\"\/>\n<\/div>\n<\/div>\n<\/div>\n<\/div>\n<p>Auteur: hamza ben khelifa<br \/>\n<a href=\"https:\/\/www.tunisienumerique.com\/carlos-alcaraz-declare-forfait-pour-roland-garros\/\">Cliquez ici pour lire l&rsquo;article depuis sa source.<\/a><\/p>\n","protected":false},"excerpt":{"rendered":"<p>Le blog en direct est termin\u00e9. Aucune mise \u00e0 jour du blog en direct pour le moment. Charger plus Facebook Twitter LinkedIn WhatsApp Lire plus tard Bless\u00e9 au poignet, le num\u00e9ro 2 mondial espagnol Carlos Alcaraz annonce vendredi qu\u2019il renonce \u00e0 sa participation au tournoi de Rome et surtout \u00e0 Roland-Garros dont il est le [&hellip;]<\/p>\n","protected":false},"author":1789,"featured_media":185120,"comment_status":"closed","ping_status":"closed","sticky":false,"template":"","format":"standard","meta":{"fifu_image_url":"https:\/\/www.tunisienumerique.com\/wp-content\/uploads\/2026\/04\/Alcaraz-1.jpg","fifu_image_alt":"Carlos Alcaraz d\u00e9clare forfait pour Roland-Garros !","footnotes":""},"categories":[73,55],"tags":[],"class_list":["post-185119","post","type-post","status-publish","format-standard","has-post-thumbnail","hentry","category-actualite","category-tunisie"],"_links":{"self":[{"href":"https:\/\/linitiative.ca\/International\/wp-json\/wp\/v2\/posts\/185119","targetHints":{"allow":["GET"]}}],"collection":[{"href":"https:\/\/linitiative.ca\/International\/wp-json\/wp\/v2\/posts"}],"about":[{"href":"https:\/\/linitiative.ca\/International\/wp-json\/wp\/v2\/types\/post"}],"author":[{"embeddable":true,"href":"https:\/\/linitiative.ca\/International\/wp-json\/wp\/v2\/users\/1789"}],"replies":[{"embeddable":true,"href":"https:\/\/linitiative.ca\/International\/wp-json\/wp\/v2\/comments?post=185119"}],"version-history":[{"count":0,"href":"https:\/\/linitiative.ca\/International\/wp-json\/wp\/v2\/posts\/185119\/revisions"}],"wp:featuredmedia":[{"embeddable":true,"href":"https:\/\/linitiative.ca\/International\/wp-json\/wp\/v2\/media\/185120"}],"wp:attachment":[{"href":"https:\/\/linitiative.ca\/International\/wp-json\/wp\/v2\/media?parent=185119"}],"wp:term":[{"taxonomy":"category","embeddable":true,"href":"https:\/\/linitiative.ca\/International\/wp-json\/wp\/v2\/categories?post=185119"},{"taxonomy":"post_tag","embeddable":true,"href":"https:\/\/linitiative.ca\/International\/wp-json\/wp\/v2\/tags?post=185119"}],"curies":[{"name":"wp","href":"https:\/\/api.w.org\/{rel}","templated":true}]}}