{"id":185133,"date":"2026-04-24T13:00:30","date_gmt":"2026-04-24T17:00:30","guid":{"rendered":"https:\/\/linitiative.ca\/International\/burkina-faso-compte-rendu-du-conseil-des-ministres-du-24-avril-2026\/"},"modified":"2026-04-24T13:00:30","modified_gmt":"2026-04-24T17:00:30","slug":"burkina-faso-compte-rendu-du-conseil-des-ministres-du-24-avril-2026","status":"publish","type":"post","link":"https:\/\/linitiative.ca\/International\/burkina-faso-compte-rendu-du-conseil-des-ministres-du-24-avril-2026\/","title":{"rendered":"Burkina Faso: Compte rendu du conseil des ministres du 24 avril 2026"},"content":{"rendered":"<div class=\"td-post-featured-image\"><a href=\"https:\/\/www.sidwaya.info\/wp-content\/uploads\/2026\/04\/677858448_1386483140187161_691383527452949860_n.jpg\" data-caption=\"\"><img loading=\"lazy\" decoding=\"async\" width=\"696\" height=\"509\" class=\"entry-thumb td-modal-image\" src=\"https:\/\/www.sidwaya.info\/wp-content\/uploads\/2026\/04\/677858448_1386483140187161_691383527452949860_n-696x509.jpg\" srcset=\"https:\/\/www.sidwaya.info\/wp-content\/uploads\/2026\/04\/677858448_1386483140187161_691383527452949860_n-696x509.jpg 696w, https:\/\/www.sidwaya.info\/wp-content\/uploads\/2026\/04\/677858448_1386483140187161_691383527452949860_n-300x219.jpg 300w, https:\/\/www.sidwaya.info\/wp-content\/uploads\/2026\/04\/677858448_1386483140187161_691383527452949860_n-1024x749.jpg 1024w, https:\/\/www.sidwaya.info\/wp-content\/uploads\/2026\/04\/677858448_1386483140187161_691383527452949860_n-768x562.jpg 768w, https:\/\/www.sidwaya.info\/wp-content\/uploads\/2026\/04\/677858448_1386483140187161_691383527452949860_n-1536x1124.jpg 1536w, https:\/\/www.sidwaya.info\/wp-content\/uploads\/2026\/04\/677858448_1386483140187161_691383527452949860_n-574x420.jpg 574w, https:\/\/www.sidwaya.info\/wp-content\/uploads\/2026\/04\/677858448_1386483140187161_691383527452949860_n-80x60.jpg 80w, https:\/\/www.sidwaya.info\/wp-content\/uploads\/2026\/04\/677858448_1386483140187161_691383527452949860_n-150x110.jpg 150w, https:\/\/www.sidwaya.info\/wp-content\/uploads\/2026\/04\/677858448_1386483140187161_691383527452949860_n-1068x781.jpg 1068w, https:\/\/www.sidwaya.info\/wp-content\/uploads\/2026\/04\/677858448_1386483140187161_691383527452949860_n-1920x1404.jpg 1920w, https:\/\/www.sidwaya.info\/wp-content\/uploads\/2026\/04\/677858448_1386483140187161_691383527452949860_n.jpg 2048w\" sizes=\"auto, (max-width: 696px) 100vw, 696px\" alt=\"\" title=\"677858448_1386483140187161_691383527452949860_n\"\/><\/a><\/div>\n<p><strong>Le Conseil des ministres s\u2019est tenu \u00e0 Bobo-Dioulasso, le vendredi 24 avril 2026, en s\u00e9ance ordinaire, de 09 H 00 mn \u00e0 11 H 44 mn, sous la pr\u00e9sidence de Son Excellence le Capitaine Ibrahim TRAORE, Pr\u00e9sident du Faso, Pr\u00e9sident du Conseil des ministres.<\/strong><br \/><strong>Il a d\u00e9lib\u00e9r\u00e9 sur les dossiers inscrits \u00e0 son ordre du jour, entendu des communications orales, proc\u00e9d\u00e9 \u00e0 des nominations et autoris\u00e9 des missions \u00e0 l\u2019\u00e9tranger.<\/strong><\/p>\n<p><strong>I. DELIBERATIONS<\/strong><br \/><strong>I.1. AU TITRE DU MINISTERE DE LA GUERRE ET DE LA DEFENSE PATRIOTIQUE<\/strong><br \/>Le Conseil a examin\u00e9 un projet de loi portant organisation de la r\u00e9serve militaire au Burkina Faso.<br \/>Notre pays est engag\u00e9 dans la lutte contre le terrorisme qui n\u00e9cessite une mobilisation accrue de toutes les forces de la Nation. Cette situation impose une adaptation permanente des dispositifs de d\u00e9fense et de s\u00e9curit\u00e9 au regard du contexte international, sous-r\u00e9gional et national marqu\u00e9 par des mutations profondes de l\u2019environnement s\u00e9curitaire et g\u00e9opolitique.<br \/>Dans la continuit\u00e9 des efforts d\u00e9j\u00e0 engag\u00e9s, notamment avec l\u2019institution des Volontaires pour la d\u00e9fense de la Patrie, il appara\u00eet n\u00e9cessaire de structurer un dispositif compl\u00e9mentaire, organis\u00e9 et p\u00e9renne.<br \/>Ce projet de loi vise la mise en place d\u2019un cadre juridique, instituant une r\u00e9serve militaire adapt\u00e9e aux r\u00e9alit\u00e9s nationales et articul\u00e9e autour de deux composantes :<br \/>\u2013 une r\u00e9serve de premier ordre, constitu\u00e9e de personnels disposant d\u2019une exp\u00e9rience militaire, imm\u00e9diatement mobilisable ;<br \/>\u2013 une r\u00e9serve de second ordre, compos\u00e9e de citoyens appel\u00e9s \u00e0 \u00eatre form\u00e9s en vue de renforcer progressivement les capacit\u00e9s de d\u00e9fense.<br \/>Le projet de loi permettra de doter notre pays d\u2019un instrument strat\u00e9gique de d\u00e9fense, en coh\u00e9rence avec les orientations de la R\u00e9volution progressiste populaire et adapt\u00e9 \u00e0 l\u2019environnement s\u00e9curitaire contemporain.<br \/>Le Conseil a marqu\u00e9 son accord pour la transmission dudit projet de loi \u00e0 l\u2019Assembl\u00e9e l\u00e9gislative du Peuple.<br \/><strong>I.2. AU TITRE DU MINISTERE DE L\u2019ECONOMIE ET DES FINANCES<\/strong><br \/>Le Conseil a adopt\u00e9 un rapport relatif \u00e0 un projet de Document de programmation budg\u00e9taire et \u00e9conomique pluriannuelle (DPBEP) 2027-2029.<br \/>Conform\u00e9ment aux dispositions de l\u2019article 54 de la Loi organique n\u00b0073-2015\/CNT du 6 novembre 2015 relative aux lois de finances, le projet de Loi de finances de l\u2019ann\u00e9e est \u00e9labor\u00e9 en r\u00e9f\u00e9rence \u00e0 un Document de programmation budg\u00e9taire et \u00e9conomique pluriannuelle couvrant une p\u00e9riode minimale de trois ans.<br \/>Le DPBEP a pour objectif de renforcer la discipline macro-budg\u00e9taire en d\u00e9finissant une trajectoire des finances publiques en lien avec les indicateurs macro\u00e9conomiques et financiers.<br \/>Le Document de programmation budg\u00e9taire et \u00e9conomique pluriannuelle 2027-2029 est \u00e9labor\u00e9 en r\u00e9f\u00e9rence \u00e0 trois (03) sc\u00e9narii \u00e0 savoir le sc\u00e9nario optimiste, le sc\u00e9nario pessimiste et le sc\u00e9nario de base.<br \/>Le sc\u00e9nario de base a \u00e9t\u00e9 b\u00e2ti sous l\u2019hypoth\u00e8se du maintien d\u2019une bonne dynamique de la reconqu\u00eate du territoire et d\u2019une campagne agricole favorable. Ainsi, l\u2019activit\u00e9 \u00e9conomique conna\u00eetrait une croissance projet\u00e9e \u00e0 6,1% en 2027, \u00e0 5,5% en 2028 et \u00e0 5,3% en 2029.<br \/>Les recettes budg\u00e9taires totales seraient de 3 924,3 milliards F CFA en 2027, de 4 328,8 milliards F CFA en 2028 et de 4 686,4 milliards F CFA en 2029, soit un accroissement annuel moyen de 9,3%.<br \/>Les d\u00e9penses budg\u00e9taires totales se chiffreraient \u00e0 4 543,3 milliards F CFA en 2027, \u00e0 4 992,2 milliards F CFA en 2028 et \u00e0 5 403,6 milliards F CFA en 2029, soit un taux annuel moyen de progression de 9,1%.<br \/>Quant \u00e0 l\u2019\u00e9pargne budg\u00e9taire, elle se chiffrerait \u00e0 892,0 milliards F CFA en 2027, correspondant \u00e0 une am\u00e9lioration de 222,2 milliards F CFA par rapport \u00e0 2026. En 2028 et 2029, elle ressortirait respectivement \u00e0 1 154,6 milliards F CFA et \u00e0 1 355,8 milliards F CFA.<br \/>En ce qui concerne le d\u00e9ficit budg\u00e9taire, il ressortirait \u00e0 619,0 milliards F CFA en 2027, \u00e0 663,4 milliards F CFA en 2028 et \u00e0 717,2 milliards F CFA en 2029. Rapport\u00e9 au Produit int\u00e9rieur brut, le d\u00e9ficit repr\u00e9senterait 2,8% en 2027 et 2028 et 2,9% en 2029.<br \/>La r\u00e9alisation des ambitions ainsi d\u00e9finies n\u00e9cessite une discipline accrue tant dans la programmation que dans l\u2019ex\u00e9cution budg\u00e9taires, de m\u00eame qu\u2019un choix judicieux et une gestion efficace des investissements structurants.<br \/>I.3. AU TITRE DU MINISTERE DES AFFAIRES ETRANGERES<br \/>Le Conseil a examin\u00e9 deux (02) projets de loi.<br \/>Le premier projet de loi porte autorisation de ratification de l\u2019accord entre le Gouvernement du Burkina Faso, le Gouvernement de la R\u00e9publique du Mali et le Gouvernement de la R\u00e9publique du Niger, relatif \u00e0 la cr\u00e9ation de la Radio conf\u00e9d\u00e9rale d\u00e9nomm\u00e9e \u00ab Daand\u00e9 Liptako \u00bb en langue fulfuld\u00e9 qui signifie \u00ab La Voix du Liptako \u00bb, sign\u00e9 le 26 novembre 2025 \u00e0 Ouagadougou.<br \/>Conscient que la communication constitue un levier essentiel d\u2019accompagnement des politiques conf\u00e9d\u00e9rales, les Etats membres de la Conf\u00e9d\u00e9ration des Etats du Sahel (AES) ont sign\u00e9 le 26 novembre 2025 \u00e0 Ouagadougou, l\u2019accord portant cr\u00e9ation de la Radio conf\u00e9d\u00e9rale d\u00e9nomm\u00e9e \u00ab Daand\u00e9 Liptako \u00bb. Ce m\u00e9dia de service public \u00e0 vocation conf\u00e9d\u00e9rale constitue un outil de communication strat\u00e9gique et de rapprochement entre les populations de l\u2019espace AES.<br \/>Sa cr\u00e9ation vise d\u2019une part, \u00e0 renforcer la diffusion des informations relatives aux politiques, programmes et actions men\u00e9s par les Etats membres de la Conf\u00e9d\u00e9ration, et d\u2019autre part \u00e0 promouvoir une information cr\u00e9dible et responsable dans un contexte marqu\u00e9 par la d\u00e9sinformation.<br \/>La ratification de l\u2019accord relatif \u00e0 la cr\u00e9ation de la radio permettra \u00e0 notre pays de participer pleinement \u00e0 la mise en \u0153uvre de ce projet strat\u00e9gique et de contribuer \u00e0 la consolidation de la coop\u00e9ration entre les Etats membres de la Conf\u00e9d\u00e9ration des Etats du Sahel.<br \/>Le Conseil a marqu\u00e9 son accord pour la transmission dudit projet de loi \u00e0 l\u2019Assembl\u00e9e l\u00e9gislative du Peuple.<br \/>Le second projet de loi porte autorisation de ratification de l\u2019accord entre le Gouvernement du Burkina Faso, le Gouvernement de la R\u00e9publique du Mali et le Gouvernement de la R\u00e9publique du Niger, relatif \u00e0 la cr\u00e9ation de la T\u00e9l\u00e9vision de la Conf\u00e9d\u00e9ration des Etats du Sahel d\u00e9nomm\u00e9e \u00ab Tafouk TV \u00bb qui signifie \u00ab Soleil \u00bb en langue Tamashek, sign\u00e9 le 21 d\u00e9cembre 2025 \u00e0 Bamako.<br \/>Cette t\u00e9l\u00e9vision contribuera \u00e0 la promotion des cultures, des langues et des valeurs communes aux peuples du Sahel, tout en favorisant le dialogue entre les communaut\u00e9s et la coh\u00e9sion sociale dans l\u2019espace conf\u00e9d\u00e9ral. Elle servira \u00e9galement de vecteur de sensibilisation des populations sur des questions d\u2019int\u00e9r\u00eat commun telles que la paix, la s\u00e9curit\u00e9, la solidarit\u00e9 entre les peuples et le d\u00e9veloppement socio-\u00e9conomique.<br \/>La ratification de l\u2019accord relatif \u00e0 la cr\u00e9ation de la T\u00e9l\u00e9vision \u00ab Tafouk TV \u00bb permettra \u00e0 notre pays de participer pleinement \u00e0 la mise en \u0153uvre de cet outil strat\u00e9gique de communication.<br \/>Le \u00a0Conseil a marqu\u00e9 son accord pour la transmission dudit projet de loi \u00e0 l\u2019Assembl\u00e9e l\u00e9gislative du Peuple.<br \/>I.4. AU TITRE DU MINISTERE DE L\u2019INDUSTRIE, DU COMMERCE ET DE L\u2019ARTISANAT<br \/>Le Conseil a adopt\u00e9 un d\u00e9cret portant modification du d\u00e9cret n\u00b02024-857\/PRES\/PM\/MDICAPME\/MFPTPS\/MEFP du 25 juillet 2024 portant modalit\u00e9s de fixation des r\u00e9mun\u00e9rations des personnels des Soci\u00e9t\u00e9s d\u2019Etat, des Etablissements publics de pr\u00e9voyances sociales (EPPS) et des Soci\u00e9t\u00e9s d\u2019\u00e9conomie mixte \u00e0 participation majoritaire de l\u2019Etat.<br \/>La modification de ce d\u00e9cret vise entre autres \u00e0 harmoniser les r\u00e9mun\u00e9rations et r\u00e9sorber les disparit\u00e9s salariales et avantages cat\u00e9goriels des personnels des Soci\u00e9t\u00e9s d\u2019Etat, des Etablissements publics de pr\u00e9voyances sociales et des Soci\u00e9t\u00e9s d\u2019\u00e9conomie mixte \u00e0 participation majoritaire de l\u2019Etat.<br \/>Les innovations majeures du d\u00e9cret sont :<br \/>\u2013 la cons\u00e9cration des emplois de la cat\u00e9gorie V \u00e9chelle B aux emplois d\u2019ex\u00e9cution sans aucune qualification mais n\u00e9cessitant une adaptation professionnelle ;<br \/>\u2013 la cr\u00e9ation d\u2019une sixi\u00e8me cat\u00e9gorie consacr\u00e9e au personnel relevant des emplois d\u2019ex\u00e9cution, notamment le personnel de fouilles, de terrassement, de nettoiement et de d\u00e9broussaillage ;<br \/>\u2013 la prise en compte du personnel sp\u00e9cifique dans les grilles salariales et indemnitaires.<br \/>Ce d\u00e9cret d\u00e9termine \u00e9galement un r\u00e9f\u00e9rentiel unique permettant le reversement dans les grilles salariales et indemnitaires, de l\u2019ensemble des personnels des entreprises publiques dans les limites d\u2019une masse salariale soutenable pour ces structures.<br \/>L\u2019adoption de ce d\u00e9cret permet \u00e0 notre pays de se doter d\u2019un dispositif de prise en charge salariale harmonis\u00e9e de l\u2019ensemble des personnels des Soci\u00e9t\u00e9s d\u2019Etat, des Etablissements publics de pr\u00e9voyances sociales et des Soci\u00e9t\u00e9s d\u2019\u00e9conomie mixte \u00e0 participation majoritaire de l\u2019Etat.<br \/><strong>II. COMMUNICATIONS ORALES<\/strong><br \/>II.1. Le ministre de l\u2019Economie et des finances a fait au Conseil deux (02) communications :<br \/>\u2013 la premi\u00e8re communication fait l\u2019\u00e9tat de mise en \u0153uvre du Fonds de soutien patriotique (FSP) sur la p\u00e9riode 2023-2025, ainsi que de sa situation d\u2019ex\u00e9cution au premier trimestre 2026.<br \/>Sur la p\u00e9riode 2023-2025, les encaissements cumul\u00e9s s\u2019\u00e9l\u00e8vent \u00e0 496 966 246 105 F CFA, pour une pr\u00e9vision globale de 400 milliards F CFA, soit un taux de r\u00e9alisation de 124,24%. Cette performance repose principalement sur les pr\u00e9l\u00e8vements fiscaux et parafiscaux (plus de 54% des ressources), confirmant la solidit\u00e9 et la s\u00e9curisation des m\u00e9canismes de collecte. Les performances annuelles illustrent une progression continue avec des taux de mobilisation de 99,33% en 2023, de 117,12% en 2024 et de 148,16% en 2025.<br \/>Au titre de l\u2019exercice 2025, les encaissements s\u2019\u00e9tablissent \u00e0 222 242 126 293 F CFA, en progression de 26,50% par rapport \u00e0 l\u2019ann\u00e9e 2024. Les engagements de d\u00e9penses sont d\u2019un montant de 276 087 509 961 F CFA pour des pr\u00e9visions de 277 957 141 633 F CFA, correspondant \u00e0 un taux d\u2019ex\u00e9cution de 99,33%.<br \/>Au premier trimestre 2026, la dynamique demeure soutenue avec des encaissements de 45 298 610 827 F CFA, soit 22,65% de l\u2019objectif annuel, en hausse de 28,79% en glissement annuel.<br \/>En mati\u00e8re de charges, les d\u00e9penses engag\u00e9es au premier trimestre 2026 s\u2019\u00e9l\u00e8vent \u00e0 36 988 705 186 F CFA, soit 85,37% des pr\u00e9visions. A la m\u00eame date, le montant total des paiements effectu\u00e9s s\u2019\u00e9l\u00e8ve \u00e0 26 305 475 563 F CFA, correspondant \u00e0 un taux de paiement de 71,12% des d\u00e9penses engag\u00e9es.<br \/>Apr\u00e8s trois ann\u00e9es de mise en \u0153uvre, le FSP s\u2019affirme comme un instrument structurant de financement endog\u00e8ne de notre s\u00e9curit\u00e9 collective, avec des r\u00e9sultats significatifs.<br \/>La seconde communication est relative aux r\u00e9sultats des travaux de rapprochement du fichier de paie avec les registres de personnel des minist\u00e8res et institutions.<br \/>Le rapprochement avec le fichier de paie du personnel de novembre 2025 qui faisait ressortir 207 903 agents r\u00e9mun\u00e9r\u00e9s a permis d\u2019identifier trois (03) cat\u00e9gories de situations :<br \/>\u2013 34 901 agents figurant dans les registres administratifs mais non pr\u00e9sents dans le fichier de paie, ce qui pourrait renvoyer notamment \u00e0 des cas de retraite, de disponibilit\u00e9, de d\u00e9tachement ou d\u2019agents en attente de mandatement ;<br \/>\u2013 193 423 agents retrouv\u00e9s de mani\u00e8re concordante dans les deux bases ;<br \/>\u2013 14 480 agents pay\u00e9s dans le Syst\u00e8me int\u00e9gr\u00e9 de gestion administrative et salariale du personnel de l\u2019Etat (SIGASPE) alors qu\u2019ils n\u2019apparaissent pas dans les registres transmis.<br \/>L\u2019analyse approfondie de la situation des 14 480 agents et de la position administrative des 193 423 agents retrouv\u00e9s dans les deux bases a permis de mettre en \u00e9vidence des irr\u00e9gularit\u00e9s dans la situation de paie de 1 488 agents. Ainsi, 1 488 salaires ont \u00e9t\u00e9 suspendus pour des cas li\u00e9s notamment \u00e0 des cessations d\u2019activit\u00e9, des d\u00e9c\u00e8s, des retraites, des abandons de poste ou des situations administratives non conformes.<br \/>En outre, 2 346 agents en position de stage ont \u00e9t\u00e9 identifi\u00e9s comme percevant ind\u00fbment des indemnit\u00e9s de terrain, en lieu et place de la seule indemnit\u00e9 d\u2019astreinte stage pr\u00e9vue par les textes.<br \/>Sur le plan financier, les mesures prises permettent de faire des \u00e9conomies substantielles. En effet, les suspensions op\u00e9r\u00e9es d\u00e9gagent une \u00e9conomie annuelle estim\u00e9e \u00e0 2,43 milliards F CFA. En incluant l\u2019ajustement des indemnit\u00e9s servies ind\u00fbment aux agents en position de stage, l\u2019impact potentiel global pourrait atteindre annuellement 5,66 milliards F CFA. Par ailleurs, les paiements indus identifi\u00e9s devant faire l\u2019objet de recouvrement sont \u00e9valu\u00e9s \u00e0 919 132 374 F CFA.<br \/><strong>III. NOMINATIONS<\/strong><br \/><strong>III.1. NOMINATIONS DANS LES FONCTIONS INDIVIDUELLES<\/strong><br \/><strong>A. AU TITRE DU MINISTERE DE LA SECURITE<\/strong><br \/>\u2013 Monsieur Wendb\u00e9n\u00e9do Hypolite OUEDRAOGO, Officier, est nomm\u00e9 Directeur de l\u2019Analyse et de la prospection de l\u2019Office national de s\u00e9curisation des sites miniers (ONASSIM).<br \/><strong>B. AU TITRE DU MINISTERE DES AFFAIRES ETRANGERES<\/strong><br \/>\u2013 Monsieur Issoufou OUEDRAOGO, Mle 111 091 C, Inspecteur du tr\u00e9sor, 2e classe, 3e \u00e9chelon, est nomm\u00e9 Tr\u00e9sorier, pr\u00e8s l\u2019Ambassade du Burkina Faso au Caire (Egypte) ;<br \/>\u2013 Monsieur Bolo BAZIE, Mle 245 207 Y, Inspecteur du tr\u00e9sor, 2e classe, 1er \u00e9chelon, est nomm\u00e9 Tr\u00e9sorier, pr\u00e8s l\u2019Ambassade du Burkina Faso \u00e0 Addis-Abeba (Ethiopie) ;<br \/>\u2013 Monsieur Mohamadou SOUGUE, Mle 58 455 U, Inspecteur du tr\u00e9sor, 2e classe, 6e \u00e9chelon, est nomm\u00e9 Tr\u00e9sorier, pr\u00e8s l\u2019Ambassade du Burkina Faso \u00e0 Gen\u00e8ve (Suisse) ;<br \/>\u2013 Monsieur Hodou DAO, Mle 91 635 D, Inspecteur du tr\u00e9sor, 2e classe, 1er \u00e9chelon, est nomm\u00e9 Tr\u00e9sorier, pr\u00e8s l\u2019Ambassade du Burkina Faso \u00e0 Brasilia (Br\u00e9sil) ;<br \/>\u2013 Monsieur Wendpougbnoma Victor BONKOUNGOU, Mle 225 059 Z, Inspecteur du tr\u00e9sor, 2e classe, 1er \u00e9chelon, est nomm\u00e9 Tr\u00e9sorier, pr\u00e8s la Mission Permanente du Burkina Faso \u00e0 New York (USA).<br \/><strong>C. AU TITRE DU MINISTERE DE LA FAMILLE ET DE LA SOLIDARITE<\/strong><br \/>\u2013 Monsieur Souewole Gilchrist DJESSANA, Mle 108 598 P, Administrateur des affaires sociales, 1\u00e8re classe, 4e \u00e9chelon, est nomm\u00e9 Charg\u00e9 d\u2019\u00e9tudes ;<br \/>\u2013 Monsieur P\u00e8lga KABORE, Mle 109 086 X, Administrateur des affaires sociales, 1\u00e8re classe, 7e \u00e9chelon, est nomm\u00e9 Charg\u00e9 d\u2019\u00e9tudes ;<br \/>\u2013 Monsieur Jean-Bertrand BAOUAR, Mle 237 915 Z, Conseiller en promotion du genre, 2e classe, 3e \u00e9chelon, est nomm\u00e9 Charg\u00e9 d\u2019\u00e9tudes ;<br \/>\u2013 Monsieur Oscar DEMBELE, Mle 85 579 U, Inspecteur d\u2019\u00e9ducation de jeunes enfants, 2e classe, 6e \u00e9chelon, est nomm\u00e9 Charg\u00e9 d\u2019\u00e9tudes ;<br \/>\u2013 Madame Aminata VALIA\/KINNORE, Mle 205 437 W, Inspecteur d\u2019\u00e9ducation sp\u00e9cialis\u00e9e, 1\u00e8re classe, 3e \u00e9chelon, est nomm\u00e9e Charg\u00e9 d\u2019\u00e9tudes.<br \/><strong>D. AU TITRE DU MINISTERE DE LA JUSTICE<\/strong><br \/>\u2013 Monsieur Emile Fid\u00e8le Conatie DALA, Mle 130 430 U, Magistrat, cat\u00e9gorie P, 1er grade, 4e \u00e9chelon, est nomm\u00e9 Charg\u00e9 de mission.<br \/><strong>E. AU TITRE DU MINISTERE DE LA CONTRUCTION DE LA PATRIE<\/strong><br \/>\u2013 Monsieur Moctar SAWADOGO, Mle 205 533 Y, Ing\u00e9nieur en g\u00e9nie civil, 1\u00e8re classe, 7e \u00e9chelon, est nomm\u00e9 Directeur g\u00e9n\u00e9ral de l\u2019Architecture, de l\u2019habitat et de la construction ;<br \/>\u2013 Monsieur Moumouni ILBOUDO, Mle 216 124 W, Ing\u00e9nieur en g\u00e9nie civil, 2e classe, 3e \u00e9chelon, est nomm\u00e9 Directeur g\u00e9n\u00e9ral des Infrastructures de transport ;<br \/>\u2013 Monsieur Mamadou YOUGBARE, Mle 248 620 X, Ing\u00e9nieur en g\u00e9nie civil, 2e classe, 2e \u00e9chelon, est nomm\u00e9 Directeur g\u00e9n\u00e9ral de la Normalisation et des \u00e9tudes techniques ;<br \/>\u2013 Monsieur Solimane Hamed OUATTARA, Mle 215 173 W, Planificateur-am\u00e9nageur foncier, 1\u00e8re classe, 5e \u00e9chelon, est nomm\u00e9 Directeur g\u00e9n\u00e9ral de l\u2019Urbanisme, de la viabilisation et de la topographie ;<br \/>\u2013 Monsieur Salfo PACERE, Mle 92 726 L, Ing\u00e9nieur en g\u00e9nie civil,1\u00e8re classe, 7e \u00e9chelon, est nomm\u00e9 Directeur g\u00e9n\u00e9ral de l\u2019entretien des infrastructures et du patrimoine b\u00e2ti.<br \/><strong>F. AU TITRE DU MINISTERE DE L\u2019ENSEIGNEMENT DE BASE, DE L\u2019ALPHABETISATION ET DE LA PROMOTION DES LANGUES NATIONALES<\/strong><br \/>\u2013 Madame Catherine OUATTARA\/TRAORE, Mle 43 997 H, Professeur certifi\u00e9 des lyc\u00e9es et coll\u00e8ges, 2e classe, 10e \u00e9chelon, est nomm\u00e9e Charg\u00e9 de mission ;<br \/>\u2013 Monsieur Fid\u00e8le BILGHO, Mle 50 347 S, Inspecteur de l\u2019enseignement primaire et de l\u2019\u00e9ducation non formelle, 1\u00e8re classe, 11e \u00e9chelon, est nomm\u00e9 Directeur des activit\u00e9s sportives, culturelles et de loisirs de l\u2019enseignement de base.<br \/><strong>G. AU TITRE DU MINISTERE DE L\u2019ENSEIGNEMENT SUPERIEUR, DE LA RECHERCHE ET DE L\u2019INNOVATION<\/strong><br \/>\u2013 Monsieur Gilbert NIADA, Mle 324 170 A, Administrateur civil, 1\u00e8re classe, 5e \u00e9chelon, est nomm\u00e9 Secr\u00e9taire g\u00e9n\u00e9ral du Fonds de soutien \u00e0 l\u2019\u00e9ducation et \u00e0 la recherche (FOSER) B\u00e2ngr Baoobo ;<br \/>\u2013 Monsieur Bali Ange Carlos NEBIE, Mle 324 492 M, Administrateur civil, 1\u00e8re classe, 2e \u00e9chelon, est nomm\u00e9 Secr\u00e9taire g\u00e9n\u00e9ral de l\u2019Universit\u00e9 Faustin Si\u00e9 SIB (UF2S).<br \/><strong>III.2. NOMINATIONS DANS LES CONSEILS D\u2019ADMINISTRATION<\/strong><br \/>Le Conseil a proc\u00e9d\u00e9 \u00e0 la nomination d\u2019Administrateurs aux Conseils d\u2019administration :<br \/>\u2013 de l\u2019Ecole nationale de l\u2019\u00e9levage et de la sant\u00e9 animale (ENESA) au titre du minist\u00e8re de l\u2019Agriculture, de l\u2019eau, des ressources animales et halieutiques ;<br \/>\u2013 du Fonds burkinab\u00e8 de d\u00e9veloppement \u00e9conomique et social (FBDES T\u00f5ogo) et de l\u2019Institut national de la statistique et de la d\u00e9mographie (INSD) au titre du minist\u00e8re de l\u2019Economie et des finances ;<br \/>\u2013 de l\u2019Office national de s\u00e9curisation des sites miniers (ONASSIM) au titre du minist\u00e8re de la S\u00e9curit\u00e9.<br \/><strong>A. MINISTERE DE L\u2019AGRICULTURE, DE L\u2019EAU, DES RESSOURCES ANIMALES ET HALIEUTIQUES<\/strong><br \/>Le Conseil a adopt\u00e9 un d\u00e9cret portant nomination de Monsieur Ouss\u00e9ni TRAORE, Mle 324 709 A, Conseiller en gestion des ressources humaines, Administrateur repr\u00e9sentant l\u2019Etat, au titre du minist\u00e8re des Serviteurs du Peuple au Conseil d\u2019administration de l\u2019Ecole nationale de l\u2019\u00e9levage et de la sant\u00e9 animale (ENESA) pour un premier mandat de trois (03) ans, en remplacement de Monsieur Emmanuel NIGNAN.<br \/><strong>B. MINISTERE DE L\u2019ECONOMIE ET DES FINANCES<\/strong><br \/>Le Conseil a adopt\u00e9 deux (02) d\u00e9crets.<br \/>Le premier d\u00e9cret nomme Monsieur Jean Abel TRAORE, Mle 333 983 R, Ma\u00eetre assistant, Administrateur repr\u00e9sentant l\u2019Etat, au titre de la Pr\u00e9sidence du Faso au Conseil d\u2019administration du Fonds burkinab\u00e8 de d\u00e9veloppement \u00e9conomique et social (FBDES T\u00f5ogo) pour un premier mandat de trois (03) ans.<br \/>Le second d\u00e9cret nomme Monsieur Ali SAWADOGO, Mle 97 434 W, Administrateur civil, Administrateur repr\u00e9sentant l\u2019Etat, au titre du minist\u00e8re de l\u2019Administration territoriale et de la mobilit\u00e9 au Conseil d\u2019administration de l\u2019Institut national de la statistique et de la d\u00e9mographie (INSD) pour un premier mandat de trois (03) ans.<br \/><strong>C. MINISTERE DE LA SECURITE<\/strong><br \/>Le Conseil a adopt\u00e9 un d\u00e9cret portant nomination de Monsieur Adama OUEDRAOGO, Mle 248 494 X, Inspecteur de l\u2019environnement, Administrateur repr\u00e9sentant l\u2019Etat, au titre du minist\u00e8re de l\u2019Agriculture, de l\u2019eau, des ressources animales et halieutiques au Conseil d\u2019administration de l\u2019Office national de s\u00e9curisation des sites miniers (ONASSIM) pour un premier mandat de trois (03) ans, en remplacement de Monsieur Nongbila Eug\u00e8ne BALMA.<\/p>\n<p>Le Porte-parole du Gouvernement,<br \/>Pingdwend\u00e9 Gilbert OUEDRAOGO<br \/>Officier de l\u2019Ordre de l\u2019Etalon<\/p>\n<p>Auteur: BH SIDWAYA<br \/>\n<a href=\"https:\/\/www.sidwaya.info\/burkina-compte-rendu-du-conseil-des-ministres-du-24-avril-2026\/\">Cliquez ici pour lire l&rsquo;article depuis sa source.<\/a><\/p>\n","protected":false},"excerpt":{"rendered":"<p>Le Conseil des ministres s\u2019est tenu \u00e0 Bobo-Dioulasso, le vendredi 24 avril 2026, en s\u00e9ance ordinaire, de 09 H 00 mn \u00e0 11 H 44 mn, sous la pr\u00e9sidence de Son Excellence le Capitaine Ibrahim TRAORE, Pr\u00e9sident du Faso, Pr\u00e9sident du Conseil des ministres.Il a d\u00e9lib\u00e9r\u00e9 sur les dossiers inscrits \u00e0 son ordre du jour, [&hellip;]<\/p>\n","protected":false},"author":1816,"featured_media":185134,"comment_status":"closed","ping_status":"closed","sticky":false,"template":"","format":"standard","meta":{"fifu_image_url":"https:\/\/www.sidwaya.info\/wp-content\/uploads\/2026\/04\/677858448_1386483140187161_691383527452949860_n.jpg","fifu_image_alt":"Burkina Faso: Compte rendu du conseil des ministres du 24 avril 2026","footnotes":""},"categories":[73,81],"tags":[],"class_list":["post-185133","post","type-post","status-publish","format-standard","has-post-thumbnail","hentry","category-actualite","category-burkina-faso"],"_links":{"self":[{"href":"https:\/\/linitiative.ca\/International\/wp-json\/wp\/v2\/posts\/185133","targetHints":{"allow":["GET"]}}],"collection":[{"href":"https:\/\/linitiative.ca\/International\/wp-json\/wp\/v2\/posts"}],"about":[{"href":"https:\/\/linitiative.ca\/International\/wp-json\/wp\/v2\/types\/post"}],"author":[{"embeddable":true,"href":"https:\/\/linitiative.ca\/International\/wp-json\/wp\/v2\/users\/1816"}],"replies":[{"embeddable":true,"href":"https:\/\/linitiative.ca\/International\/wp-json\/wp\/v2\/comments?post=185133"}],"version-history":[{"count":0,"href":"https:\/\/linitiative.ca\/International\/wp-json\/wp\/v2\/posts\/185133\/revisions"}],"wp:featuredmedia":[{"embeddable":true,"href":"https:\/\/linitiative.ca\/International\/wp-json\/wp\/v2\/media\/185134"}],"wp:attachment":[{"href":"https:\/\/linitiative.ca\/International\/wp-json\/wp\/v2\/media?parent=185133"}],"wp:term":[{"taxonomy":"category","embeddable":true,"href":"https:\/\/linitiative.ca\/International\/wp-json\/wp\/v2\/categories?post=185133"},{"taxonomy":"post_tag","embeddable":true,"href":"https:\/\/linitiative.ca\/International\/wp-json\/wp\/v2\/tags?post=185133"}],"curies":[{"name":"wp","href":"https:\/\/api.w.org\/{rel}","templated":true}]}}